{"id":10134,"date":"2025-03-24T12:44:32","date_gmt":"2025-03-24T11:44:32","guid":{"rendered":"https:\/\/lacronicadesevilla.es\/?p=10134"},"modified":"2025-03-27T10:26:11","modified_gmt":"2025-03-27T09:26:11","slug":"periodismo-y-literatura-se-funden-en-la-obra-postuma-del-profesor-antonio-lopez","status":"publish","type":"post","link":"https:\/\/lacronicadesevilla.es\/index.php\/2025\/03\/24\/periodismo-y-literatura-se-funden-en-la-obra-postuma-del-profesor-antonio-lopez\/","title":{"rendered":"Periodismo y literatura se funden en la obra p\u00f3stuma del periodista y profesor Antonio L\u00f3pez"},"content":{"rendered":"\n<p>La Casa de la Provincia ha acogido la presentaci\u00f3n del libro <strong><em>Esa in\u00fatil perfecci\u00f3n del silencio<\/em><\/strong>, \u00faltima obra que el <strong>periodista y profesor Antonio L\u00f3pez Hidalgo<\/strong> entreg\u00f3 para su edici\u00f3n y que ve la luz de forma p\u00f3stuma.<\/p>\n\n\n\n<!--more-->\n\n\n\n<p>En el acto, organizado por la <strong>Asociaci\u00f3n de la Prensa de Sevilla<\/strong> (APS) con la colaboraci\u00f3n de la Diputaci\u00f3n Provincial, intervino Rafael Rodr\u00edguez, presidente de la APS; Isaac L\u00f3pez, profesor de la Facultad de Comunicaci\u00f3n e hijo del autor; \u00c1ngeles Fern\u00e1ndez Barrero, profesora de la Facultad de Comunicaci\u00f3n; Francisco Sierra, catedr\u00e1tico de Comunicaci\u00f3n; Juan Carlos Serrato, escritor y profesor de la Facultad de Comunicaci\u00f3n; y Joaqu\u00edn Posado, comunicador y profesor de Filosof\u00eda.<\/p>\n\n\n<div class=\"wp-block-image\">\n<figure class=\"aligncenter size-full is-resized\"><img loading=\"lazy\" decoding=\"async\" width=\"400\" height=\"656\" src=\"https:\/\/lacronicadesevilla.es\/wp-content\/uploads\/2025\/03\/libro-antonio-lopez.png\" alt=\"\" class=\"wp-image-10138\" style=\"width:314px;height:auto\" srcset=\"https:\/\/lacronicadesevilla.es\/wp-content\/uploads\/2025\/03\/libro-antonio-lopez.png 400w, https:\/\/lacronicadesevilla.es\/wp-content\/uploads\/2025\/03\/libro-antonio-lopez-183x300.png 183w, https:\/\/lacronicadesevilla.es\/wp-content\/uploads\/2025\/03\/libro-antonio-lopez-213x350.png 213w, https:\/\/lacronicadesevilla.es\/wp-content\/uploads\/2025\/03\/libro-antonio-lopez-91x150.png 91w\" sizes=\"auto, (max-width: 400px) 100vw, 400px\" \/><figcaption class=\"wp-element-caption\"><strong>Portada del libro de Antonio L\u00f3pez<\/strong><\/figcaption><\/figure>\n<\/div>\n\n\n<p>Como el propio Antonio L\u00f3pez indic\u00f3 al editor, \u201ces un libro de no ficci\u00f3n, pero tambi\u00e9n de ficci\u00f3n. Depende del relato. Periodismo y literatura. Mezclando y superando esa fisura. O complic\u00e1ndola. Qui\u00e9n sabe. S\u00ed es un registro extra\u00f1o en mi obra. Pero ah\u00ed queda\u201d.<\/p>\n\n\n\n<p>Antonio L\u00f3pez Hidalgo expres\u00f3 en m\u00faltiples ocasiones que ten\u00eda ganas de darle un giro a su obra literaria y entroncar su producci\u00f3n con el periodismo narrativo que tanto admiraba. Este libro, editado por Comunicaci\u00f3n Social Ediciones y Publicaciones, es una primera aproximaci\u00f3n a lo que deber\u00eda haber sido el camino que quer\u00eda transitar con su escritura.<\/p>\n\n\n\n<p><strong>Intensa actividad period\u00edstica y acad\u00e9mica<\/strong><br>Antonio L\u00f3pez Hidalgo (1957-2022) fue periodista y catedr\u00e1tico de Redacci\u00f3n Period\u00edstica en la Facultad de Comunicaci\u00f3n de la Universidad de Sevilla. Licenciado en Ciencias de la Informaci\u00f3n por la Universidad Complutense de Madrid y doctor en Periodismo por la Universidad de Sevilla. En 1990, public\u00f3 su primera obra junto a Juan Emilio Ballesteros, fruto de cinco a\u00f1os de investigaci\u00f3n, El sindicato clandestino de la Guardia Civil, libro por el que fue procesado y posteriormente absuelto. Entre sus obras period\u00edsticas destacan <em>La exactitud de la nostalgia<\/em>, <em>Cuentos que fueron noticia<\/em>, <em>El periodista en su soledad<\/em>, <em>De la vida y otras an\u00e9cdotas<\/em> o <em>El ruido y las nueces<\/em>.<\/p>\n\n\n\n<p>Fue autor, adem\u00e1s, de tres novelas breves: <em>La vida inventada de M\u00e1ximo Espa\u00f1ol<\/em>, <em>Escrito en Brasil<\/em> y <em>El peligro y su memoria<\/em>. De su extensa obra acad\u00e9mica sobresalen <em>El Titular. Manual de titulaci\u00f3n period\u00edstica<\/em>; <em>G\u00e9neros period\u00edsticos complementarios<\/em>. <em>Una aproximaci\u00f3n cr\u00edtica a los formatos del periodismo visual<\/em>; <em>La columna<\/em>. <em>Periodismo y literatura en un g\u00e9nero plural<\/em>; <em>El periodismo que contar\u00e1 el futuro<\/em>; el libro colectivo bajo su coordinaci\u00f3n Periodismo narrativo en Am\u00e9rica Latina; o el que firm\u00f3 junto a \u00c1ngeles Fern\u00e1ndez Barrero, Periodismo de inmersi\u00f3n para desenmascarar la realidad.<\/p>\n\n\n\n<p><strong>Fuente de la informaci\u00f3n:<\/strong> Asociaci\u00f3n de la Prensa de Sevilla \/ FCOM<\/p>\n","protected":false},"excerpt":{"rendered":"<p>La Casa de la Provincia ha acogido la presentaci\u00f3n del libro Esa in\u00fatil perfecci\u00f3n del silencio, \u00faltima obra que el periodista y profesor Antonio L\u00f3pez Hidalgo entreg\u00f3 para su edici\u00f3n y que ve la luz de forma p\u00f3stuma. <a class=\"continue-reading-link\" href=\"https:\/\/lacronicadesevilla.es\/index.php\/2025\/03\/24\/periodismo-y-literatura-se-funden-en-la-obra-postuma-del-profesor-antonio-lopez\/\"><\/a><\/p>\n","protected":false},"author":50,"featured_media":0,"comment_status":"closed","ping_status":"closed","sticky":false,"template":"","format":"standard","meta":{"footnotes":""},"categories":[14],"tags":[1477,1476,1479,92,300,1478,1480],"class_list":["post-10134","post","type-post","status-publish","format-standard","hentry","category-comunicacion","tag-antonio-lopez-hidalgo","tag-asociacion-de-la-prensa-de-sevilla","tag-facultad-comunicacion","tag-libro","tag-periodista","tag-profesor","tag-universidad-de-sevilla"],"_links":{"self":[{"href":"https:\/\/lacronicadesevilla.es\/index.php\/wp-json\/wp\/v2\/posts\/10134","targetHints":{"allow":["GET"]}}],"collection":[{"href":"https:\/\/lacronicadesevilla.es\/index.php\/wp-json\/wp\/v2\/posts"}],"about":[{"href":"https:\/\/lacronicadesevilla.es\/index.php\/wp-json\/wp\/v2\/types\/post"}],"author":[{"embeddable":true,"href":"https:\/\/lacronicadesevilla.es\/index.php\/wp-json\/wp\/v2\/users\/50"}],"replies":[{"embeddable":true,"href":"https:\/\/lacronicadesevilla.es\/index.php\/wp-json\/wp\/v2\/comments?post=10134"}],"version-history":[{"count":9,"href":"https:\/\/lacronicadesevilla.es\/index.php\/wp-json\/wp\/v2\/posts\/10134\/revisions"}],"predecessor-version":[{"id":10224,"href":"https:\/\/lacronicadesevilla.es\/index.php\/wp-json\/wp\/v2\/posts\/10134\/revisions\/10224"}],"wp:attachment":[{"href":"https:\/\/lacronicadesevilla.es\/index.php\/wp-json\/wp\/v2\/media?parent=10134"}],"wp:term":[{"taxonomy":"category","embeddable":true,"href":"https:\/\/lacronicadesevilla.es\/index.php\/wp-json\/wp\/v2\/categories?post=10134"},{"taxonomy":"post_tag","embeddable":true,"href":"https:\/\/lacronicadesevilla.es\/index.php\/wp-json\/wp\/v2\/tags?post=10134"}],"curies":[{"name":"wp","href":"https:\/\/api.w.org\/{rel}","templated":true}]}}