{"id":10226,"date":"2025-04-02T14:20:58","date_gmt":"2025-04-02T13:20:58","guid":{"rendered":"https:\/\/lacronicadesevilla.es\/?p=10226"},"modified":"2025-04-02T15:18:23","modified_gmt":"2025-04-02T14:18:23","slug":"arranca-en-sevilla-el-vi-foro-mundial-de-desarrollo-economico-local","status":"publish","type":"post","link":"https:\/\/lacronicadesevilla.es\/index.php\/2025\/04\/02\/arranca-en-sevilla-el-vi-foro-mundial-de-desarrollo-economico-local\/","title":{"rendered":"Arranca en Sevilla la VI edici\u00f3n del Foro Mundial de Desarrollo Econ\u00f3mico Local\u00a0\u00a0"},"content":{"rendered":"\n<p><\/p>\n\n\n\n<p><strong>M\u00e1s de 3.000 participantes de 105 pa\u00edses debaten sobre el poder de la &#8216;municipalidad&#8217; a la hora de aplicar estrategias enfocadas a la cooperaci\u00f3n, la justicia social, el clima y la digitalizaci\u00f3n&nbsp;<\/strong><\/p>\n\n\n\n<figure class=\"wp-block-image size-full\"><img loading=\"lazy\" decoding=\"async\" width=\"900\" height=\"467\" src=\"https:\/\/lacronicadesevilla.es\/wp-content\/uploads\/2025\/04\/foto-familia-foro.jpg\" alt=\"\" class=\"wp-image-10267\" srcset=\"https:\/\/lacronicadesevilla.es\/wp-content\/uploads\/2025\/04\/foto-familia-foro.jpg 900w, https:\/\/lacronicadesevilla.es\/wp-content\/uploads\/2025\/04\/foto-familia-foro-300x156.jpg 300w, https:\/\/lacronicadesevilla.es\/wp-content\/uploads\/2025\/04\/foto-familia-foro-768x399.jpg 768w, https:\/\/lacronicadesevilla.es\/wp-content\/uploads\/2025\/04\/foto-familia-foro-675x350.jpg 675w, https:\/\/lacronicadesevilla.es\/wp-content\/uploads\/2025\/04\/foto-familia-foro-150x78.jpg 150w\" sizes=\"auto, (max-width: 900px) 100vw, 900px\" \/><figcaption class=\"wp-element-caption\"><strong>Foto de familia de los participantes en la inauguraci\u00f3n<\/strong><\/figcaption><\/figure>\n\n\n\n<p>Inma MART\u00cdN<\/p>\n\n\n\n<!--more-->\n\n\n\n<p>Sevilla es del 1 al 4 de abril de 2025 la sede del <strong>VI Foro Mundial de Desarrollo Econ\u00f3mico Local,<\/strong> WFLED, un evento internacional que re\u00fane a profesionales y expertos en el \u00e1mbito de las pol\u00edticas y las iniciativas municipales. El encuentro tiene lugar en el <strong>Palacio de Congresos de FIBES <\/strong>con un programa dise\u00f1ado para abordar los desaf\u00edos y las oportunidades m\u00e1s apremiantes en relaci\u00f3n al desarrollo econ\u00f3mico local en el contexto actual.<\/p>\n\n\n\n<p>Es la segunda vez que este foro se celebra en Sevilla, pues la ciudad ya acogi\u00f3 en el a\u00f1o 2011 la primera edici\u00f3n del mismo. La presente convocatoria ha congregado a m\u00e1s de 3.000 participantes, que proceden de 105 pa\u00edses de cinco continentes, con la intenci\u00f3n de promover el desarrollo econ\u00f3mico local mediante el impulso del debate pol\u00edtico y el fortalecimiento de alianzas globales, con el objetivo de generar acciones concretas a nivel local, nacional e internacional.&nbsp;<\/p>\n\n\n\n<p>Este foro es importante por su contenido y por el nivel de representaci\u00f3n, pues son 105 pa\u00edses, gobiernos locales y regionales, actores e instituciones \u201cque trabajan para el \u00e9xito bajo el paraguas del \u00e1mbito local\u201d, se\u00f1al\u00f3 el <strong>presidente de la Diputaci\u00f3n de Sevilla, Francisco Javier Fern\u00e1ndez de los R\u00edos<\/strong>, durante el acto de inauguraci\u00f3n, que se celebr\u00f3, precisamente, en el patio del edificio de esta instituci\u00f3n. Fern\u00e1ndez se defini\u00f3 como \u201cun municipalista convencido\u201d, y destac\u00f3 la importancia de \u201cponer en valor la cercan\u00eda de los problemas y de lo local\u201d.\u00a0A\u00f1adi\u00f3 que el an\u00e1lisis y las reflexiones derivadas de este encuentro deben poner el foco en tres objetivos: alcanzar la paz en el mundo; el cambio clim\u00e1tico, pues tal y como record\u00f3 \u201cno hay un planeta B\u201d; y reflexionar sobre el reparto de la riqueza. En este sentido, hizo p\u00fablico que la Diputaci\u00f3n de Sevilla ha duplicado las partidas econ\u00f3micas destinadas a proyectos de cooperaci\u00f3n internacional y justicia social.<\/p>\n\n\n<div class=\"wp-block-image\">\n<figure class=\"aligncenter size-full\"><img loading=\"lazy\" decoding=\"async\" width=\"1000\" height=\"544\" src=\"https:\/\/lacronicadesevilla.es\/wp-content\/uploads\/2025\/04\/cuadro-flamenco-foro.png\" alt=\"\" class=\"wp-image-10279\" srcset=\"https:\/\/lacronicadesevilla.es\/wp-content\/uploads\/2025\/04\/cuadro-flamenco-foro.png 1000w, https:\/\/lacronicadesevilla.es\/wp-content\/uploads\/2025\/04\/cuadro-flamenco-foro-300x163.png 300w, https:\/\/lacronicadesevilla.es\/wp-content\/uploads\/2025\/04\/cuadro-flamenco-foro-768x418.png 768w, https:\/\/lacronicadesevilla.es\/wp-content\/uploads\/2025\/04\/cuadro-flamenco-foro-643x350.png 643w, https:\/\/lacronicadesevilla.es\/wp-content\/uploads\/2025\/04\/cuadro-flamenco-foro-150x82.png 150w\" sizes=\"auto, (max-width: 1000px) 100vw, 1000px\" \/><figcaption class=\"wp-element-caption\"><strong>El acto de inauguraci\u00f3n comenz\u00f3 con un espect\u00e1culo flamenco<\/strong><\/figcaption><\/figure>\n<\/div>\n\n\n<p>El acto de inauguraci\u00f3n del WFLED comenz\u00f3, como no pod\u00eda ser de otra manera, con el arte local de un cuadro flamenco. Tras estas notas de alegr\u00eda, comenzaron las intervenciones p\u00fablicas. As\u00ed pues, adem\u00e1s del presidente de la Diputaci\u00f3n, tambi\u00e9n asistieron y participaron en el acto otros representantes pol\u00edticos entre los que figuraban la vicepresidenta primera del Gobierno y ministra de Hacienda, <strong>Mar\u00eda Jes\u00fas Montero<\/strong>; el consejero de la Presidencia de la Junta de Andaluc\u00eda, <strong>Antonio Sanz<\/strong>; el octavo teniente de Alcalde del Ayuntamiento de Sevilla, <strong>Jos\u00e9 Luis Garc\u00eda<\/strong>; el alcalde de La Haya y presidente de la Organizaci\u00f3n Mundial de Ciudades y Gobiernos Locales Unidos, <strong>Jan van Zanen<\/strong>; y el presidente de la Diputaci\u00f3n de Ja\u00e9n y <strong>presidente del Fondo Andaluz de Municipios para la Solidaridad Internacional, FAMSI, Francisco Reyes<\/strong>.<\/p>\n\n\n\n<p>En relaci\u00f3n al organismo que preside, Jan Van Zanen, alcalde de La Haya, record\u00f3 que las ciudades y los gobiernos locales constituyen el 75% de la poblaci\u00f3n total. De ah\u00ed, su fuerza y representatividad en las econom\u00edas mundiales. Para Zanen, \u201cel replanteamiento de este foro debe ser tanto en t\u00e9rminos econ\u00f3micos como del bienestar social\u201d, estando pr\u00f3ximos al talento y a la juventud en pos de una econom\u00eda m\u00e1s sostenible.<\/p>\n\n\n\n<p>En esta misma l\u00ednea de pensamiento se pronunci\u00f3 Mar\u00eda Jes\u00fas Montero al afirmar que \u201cno se puede hablar de progreso econ\u00f3mico sin un bienestar social\u201d. La ministra de Hacienda tambi\u00e9n abord\u00f3 otras tem\u00e1ticas como el crecimiento inclusivo y sostenible, haciendo hincapi\u00e9 en la preservaci\u00f3n del planeta. Para Montero, el prop\u00f3sito de este foro debe ser \u201ctejer una alianza desde lo local\u201d teniendo en cuenta el potencial de los municipios para cambiar el mundo.<\/p>\n\n\n\n<figure class=\"wp-block-gallery has-nested-images columns-default is-cropped wp-block-gallery-1 is-layout-flex wp-block-gallery-is-layout-flex\">\n<figure class=\"wp-block-image size-large\"><img loading=\"lazy\" decoding=\"async\" width=\"800\" height=\"494\" data-id=\"10242\" src=\"https:\/\/lacronicadesevilla.es\/wp-content\/uploads\/2025\/04\/WFLED-diputacion.jpg\" alt=\"\" class=\"wp-image-10242\" srcset=\"https:\/\/lacronicadesevilla.es\/wp-content\/uploads\/2025\/04\/WFLED-diputacion.jpg 800w, https:\/\/lacronicadesevilla.es\/wp-content\/uploads\/2025\/04\/WFLED-diputacion-300x185.jpg 300w, https:\/\/lacronicadesevilla.es\/wp-content\/uploads\/2025\/04\/WFLED-diputacion-768x474.jpg 768w, https:\/\/lacronicadesevilla.es\/wp-content\/uploads\/2025\/04\/WFLED-diputacion-567x350.jpg 567w, https:\/\/lacronicadesevilla.es\/wp-content\/uploads\/2025\/04\/WFLED-diputacion-150x93.jpg 150w\" sizes=\"auto, (max-width: 800px) 100vw, 800px\" \/><\/figure>\n\n\n\n<figure class=\"wp-block-image size-large\"><img loading=\"lazy\" decoding=\"async\" width=\"1024\" height=\"486\" data-id=\"10243\" src=\"https:\/\/lacronicadesevilla.es\/wp-content\/uploads\/2025\/04\/WFLED-junta-1024x486.jpg\" alt=\"\" class=\"wp-image-10243\" srcset=\"https:\/\/lacronicadesevilla.es\/wp-content\/uploads\/2025\/04\/WFLED-junta-1024x486.jpg 1024w, https:\/\/lacronicadesevilla.es\/wp-content\/uploads\/2025\/04\/WFLED-junta-300x142.jpg 300w, https:\/\/lacronicadesevilla.es\/wp-content\/uploads\/2025\/04\/WFLED-junta-768x364.jpg 768w, https:\/\/lacronicadesevilla.es\/wp-content\/uploads\/2025\/04\/WFLED-junta-1536x729.jpg 1536w, https:\/\/lacronicadesevilla.es\/wp-content\/uploads\/2025\/04\/WFLED-junta-738x350.jpg 738w, https:\/\/lacronicadesevilla.es\/wp-content\/uploads\/2025\/04\/WFLED-junta-150x71.jpg 150w, https:\/\/lacronicadesevilla.es\/wp-content\/uploads\/2025\/04\/WFLED-junta.jpg 1800w\" sizes=\"auto, (max-width: 1024px) 100vw, 1024px\" \/><\/figure>\n<figcaption class=\"blocks-gallery-caption wp-element-caption\"><strong>Francisco Javier Fern\u00e1ndez (Diputaci\u00f3n de Sevilla) y Antonio Sanz (Junta de Andaluc\u00eda) durante la inauguraci\u00f3n<\/strong><\/figcaption><\/figure>\n\n\n\n<p><\/p>\n\n\n\n<p>Por su parte, Jos\u00e9 Luis Garc\u00eda destac\u00f3 el valor de la cooperaci\u00f3n entre los municipios y las redes globales para la transformaci\u00f3n de la escena mundial. \u201cM\u00e1s que ayudar, se trata de compartir y de construir juntos\u201d, a\u00f1adi\u00f3 Garc\u00eda, quien record\u00f3 que el Ayuntamiento de Sevilla practica estas pol\u00edticas sociales a trav\u00e9s de iniciativas y campa\u00f1as de concienciaci\u00f3n, que se desarrollan en la propia ciudad o en otros lugares de Sudam\u00e9rica o \u00c1frica, y que buscan la equidad y la justicia.<\/p>\n\n\n\n<p><strong>\u00abUna administraci\u00f3n m\u00e1s sencilla y acceso a una vida digital\u00bb<\/strong><br>Durante su intervenci\u00f3n, el consejero de Presidencia de la Junta de Andaluc\u00eda habl\u00f3 de \u201cimpulsar los gobiernos locales en la gobernanza global\u201d. Para Sanz, este foro de Desarrollo Econ\u00f3mico Local debe confrontar los desaf\u00edos desde \u201cun modelo de igualdad con soluciones adaptadas que favorezcan la competitividad de los territorios\u201d. Se\u00f1al\u00f3 que uno de estos desaf\u00edos es la digitalizaci\u00f3n, \u201ccorrigiendo brechas de edad y de recursos para que todos los ciudadanos puedan acceder a una vida digital\u201d. Igualmente, apost\u00f3 por una administraci\u00f3n m\u00e1s sencilla, donde los ciudadanos pueden ser aliados en la soluci\u00f3n de los problemas, as\u00ed como por compartir inquietudes respecto a dos cuestiones: el cambio clim\u00e1tico y la despoblaci\u00f3n. Termin\u00f3 diciendo que estas tem\u00e1ticas se resuelven con \u201cpol\u00edticas transversales, multiactores e interinstitucionales\u201d, que incorporen procesos de econom\u00eda circular.<\/p>\n\n\n\n<p>Centr\u00e1ndonos en el contenido del foro, cabe indicar que paralelamente a las sesiones plenarias en torno a una econom\u00eda territorial focalizada en las personas y la sostenibilidad planetaria y enmarcada en la Agenda 2030, se ofrecer\u00e1 un espacio de reflexi\u00f3n en el que se discutir\u00e1 el papel estrat\u00e9gico de las cooperativas en la financiaci\u00f3n de la econom\u00eda y el desarrollo territorial, as\u00ed como la configuraci\u00f3n de ecosistemas territoriales capaces de impulsar el financiamiento del desarrollo a trav\u00e9s de iniciativas de cooperaci\u00f3n descentralizada. En estos encuentros se debatir\u00e1, tambi\u00e9n, la contribuci\u00f3n de la econom\u00eda informal y se presentar\u00e1n modelos innovadores de agencias e instrumentos de articulaci\u00f3n que favorezcan la cohesi\u00f3n territorial, integrados dentro de la red global de agencias del WFLED.<\/p>\n\n\n\n<p>Igualmente, el programa abordar\u00e1 sesiones clave adicionales orientadas, entre otros temas, al an\u00e1lisis de agencias de desarrollo y otros instrumentos locales que empoderan redes globales centradas en las personas, la revisi\u00f3n de pol\u00edticas subnacionales y territoriales, y la exploraci\u00f3n de alianzas estrat\u00e9gicas que permitan enfrentar el cambio clim\u00e1tico.<\/p>\n\n\n\n<p><strong>PROGRAMA Y CONTENIDOS DEL FORO<\/strong><br><br><strong>Martes, 1 de abril<\/strong><\/p>\n\n\n\n<ul class=\"wp-block-list\">\n<li>Experiencias internacionales en econom\u00eda circular, innovaci\u00f3n en juventud y econom\u00eda local, incentivos fiscales para una financiaci\u00f3n responsable y la generaci\u00f3n de pactos territoriales para el empleo y el desarrollo, entre otros.<\/li>\n\n\n\n<li>Actividades paralelas y di\u00e1logos pol\u00edticos sobre la financiaci\u00f3n del desarrollo econ\u00f3mico local desde la perspectiva de gobiernos subnacionales y estrategias de compra p\u00fablica \u00e9tica.<\/li>\n\n\n\n<li>Plenaria dedicada a la triple transici\u00f3n.<\/li>\n<\/ul>\n\n\n\n<p><strong>Mi\u00e9rcoles, 2 de abril<\/strong><\/p>\n\n\n\n<ul class=\"wp-block-list\">\n<li>Debates centrados en pol\u00edticas subnacionales orientadas a un desarrollo econ\u00f3mico local basado en las personas, as\u00ed como en la creaci\u00f3n de ecosistemas territoriales para el financiamiento descentralizado.<\/li>\n\n\n\n<li>Plenaria <em>Territorios frente a la agenda de la FfD4: Claves y contribuciones para un financiamiento territorial justo para el desarrollo<\/em>.<\/li>\n\n\n\n<li>Sesiones paralelas sobre el comercio justo, la promoci\u00f3n de marcas territoriales y la innovaci\u00f3n en modelos de banca p\u00fablica y \u00e9tica.<\/li>\n\n\n\n<li>Di\u00e1logos pol\u00edticos sobre estrategias de empleo, econom\u00eda informal y migraciones.<\/li>\n\n\n\n<li>An\u00e1lisis de pol\u00edticas y alianzas territoriales frente al cambio clim\u00e1tico.<\/li>\n<\/ul>\n\n\n\n<p><strong>Jueves, 3 de abril<\/strong><\/p>\n\n\n\n<ul class=\"wp-block-list\">\n<li>Di\u00e1logos pol\u00edticos y experiencias internacionales que incluyen la articulaci\u00f3n de la red mundial de agencias, casos de \u00e9xito en ecosistemas territoriales y en iniciativas de comunidades energ\u00e9ticas en Am\u00e9rica Latina y Europa.&nbsp;<\/li>\n\n\n\n<li>Plenaria que propone una nueva mirada sobre la econom\u00eda territorial enmarcada en la Agenda 2030.<\/li>\n\n\n\n<li>Ceremonia de clausura.<\/li>\n<\/ul>\n\n\n\n<p><strong>Viernes, 4 de abril<\/strong><\/p>\n\n\n\n<ul class=\"wp-block-list\">\n<li>Programa con actividades culturales y t\u00e9cnicas en la ciudad de Sevilla.<\/li>\n\n\n\n<li><em>Networking<\/em> e intercambio informal de experiencias.<\/li>\n<\/ul>\n\n\n\n<p><\/p>\n","protected":false},"excerpt":{"rendered":"<p>M\u00e1s de 3.000 participantes de 105 pa\u00edses debaten sobre el poder de la &#8216;municipalidad&#8217; a la hora de aplicar estrategias enfocadas a la cooperaci\u00f3n, la justicia social, el clima y la digitalizaci\u00f3n&nbsp; Inma MART\u00cdN <a class=\"continue-reading-link\" href=\"https:\/\/lacronicadesevilla.es\/index.php\/2025\/04\/02\/arranca-en-sevilla-el-vi-foro-mundial-de-desarrollo-economico-local\/\"><\/a><\/p>\n","protected":false},"author":50,"featured_media":0,"comment_status":"closed","ping_status":"closed","sticky":false,"template":"","format":"standard","meta":{"footnotes":""},"categories":[10],"tags":[1484,1268,736,1481,1482,1483,118,18],"class_list":["post-10226","post","type-post","status-publish","format-standard","hentry","category-economia","tag-ayuntamiento-de-sevilla","tag-diputacion","tag-economia","tag-foro-mundial-de-desarrollo-economico-local","tag-maria-jesus-montero","tag-municipios","tag-politica","tag-sevilla"],"_links":{"self":[{"href":"https:\/\/lacronicadesevilla.es\/index.php\/wp-json\/wp\/v2\/posts\/10226","targetHints":{"allow":["GET"]}}],"collection":[{"href":"https:\/\/lacronicadesevilla.es\/index.php\/wp-json\/wp\/v2\/posts"}],"about":[{"href":"https:\/\/lacronicadesevilla.es\/index.php\/wp-json\/wp\/v2\/types\/post"}],"author":[{"embeddable":true,"href":"https:\/\/lacronicadesevilla.es\/index.php\/wp-json\/wp\/v2\/users\/50"}],"replies":[{"embeddable":true,"href":"https:\/\/lacronicadesevilla.es\/index.php\/wp-json\/wp\/v2\/comments?post=10226"}],"version-history":[{"count":40,"href":"https:\/\/lacronicadesevilla.es\/index.php\/wp-json\/wp\/v2\/posts\/10226\/revisions"}],"predecessor-version":[{"id":10282,"href":"https:\/\/lacronicadesevilla.es\/index.php\/wp-json\/wp\/v2\/posts\/10226\/revisions\/10282"}],"wp:attachment":[{"href":"https:\/\/lacronicadesevilla.es\/index.php\/wp-json\/wp\/v2\/media?parent=10226"}],"wp:term":[{"taxonomy":"category","embeddable":true,"href":"https:\/\/lacronicadesevilla.es\/index.php\/wp-json\/wp\/v2\/categories?post=10226"},{"taxonomy":"post_tag","embeddable":true,"href":"https:\/\/lacronicadesevilla.es\/index.php\/wp-json\/wp\/v2\/tags?post=10226"}],"curies":[{"name":"wp","href":"https:\/\/api.w.org\/{rel}","templated":true}]}}