{"id":10298,"date":"2025-04-03T12:30:25","date_gmt":"2025-04-03T11:30:25","guid":{"rendered":"https:\/\/lacronicadesevilla.es\/?p=10298"},"modified":"2025-04-04T08:34:32","modified_gmt":"2025-04-04T07:34:32","slug":"el-rock-de-kaleo-y-la-salsa-de-gilberto-santa-rosa-actuaran-en-el-escenario-del-festival-iconica","status":"publish","type":"post","link":"https:\/\/lacronicadesevilla.es\/index.php\/2025\/04\/03\/el-rock-de-kaleo-y-la-salsa-de-gilberto-santa-rosa-actuaran-en-el-escenario-del-festival-iconica\/","title":{"rendered":"El rock de Kaleo y la salsa de Santa Rosa estar\u00e1n presentes en el escenario del Festival Ic\u00f3nica"},"content":{"rendered":"\n<p>La CR\u00d3NICA<\/p>\n\n\n\n<p>La <strong>banda islandesa de rock alternativo KALEO<\/strong> y el legendario Caballero de la Salsa, <strong>Gilberto Santa Rosa<\/strong>, se unen a la completa lista de artistas de <strong>Ic\u00f3nica Santaluc\u00eda Sevilla Fest<\/strong>, con conciertos que responden a m\u00faltiples estilos musicales.\u00a0<\/p>\n\n\n\n<!--more-->\n\n\n\n<p><strong>Kaleo actuar\u00e1 el 16 de junio<\/strong>. La agrupaci\u00f3n de Reikiavik est\u00e1 formada por JJ Julius Son (voz, guitarra, piano), Rubin Pollock (guitarra principal), Daniel Kristjansson (bajo) y David Antonsson (bater\u00eda). Desde su irrupci\u00f3n en la escena musical global con el \u00e1lbum A\/B (2016), KALEO ha conquistado el mundo con su mezcla de rock, blues y folk. Este trabajo se convirti\u00f3 en un fen\u00f3meno impulsado por el \u00e9xito doble platino del single <em>Way Down We Go<\/em>, el sencillo de oro <em>All The Pretty Girls<\/em>, y <em>No Good<\/em>, que les vali\u00f3 una nominaci\u00f3n al GRAMMY\u00ae en la categor\u00eda de Mejor Interpretaci\u00f3n de Rock.<\/p>\n\n\n\n<p>Mantuvieron su ascenso con Surface Sounds (2021), logrando posicionar en el Top 6 de la radio AAA los sencillos <em>I Want More<\/em> y <em>Break My Baby<\/em>. Su m\u00fasica ha aparecido tambi\u00e9n en bandas sonoras de pel\u00edculas y series como Logan, Grey\u2019s Anatomy o Riverdale. En en poco m\u00e1s de dos meses, su \u00e9xitos se podr\u00e1n escuchar en directo en un escenario tan especial como lo es <strong>la Plaza de Espa\u00f1a de Sevilla<\/strong>.<\/p>\n\n\n\n<figure class=\"wp-block-gallery has-nested-images columns-default is-cropped wp-block-gallery-1 is-layout-flex wp-block-gallery-is-layout-flex\">\n<figure class=\"wp-block-image size-large\"><img loading=\"lazy\" decoding=\"async\" width=\"750\" height=\"503\" data-id=\"10301\" src=\"https:\/\/lacronicadesevilla.es\/wp-content\/uploads\/2025\/04\/kaleo-iconica.png\" alt=\"\" class=\"wp-image-10301\" srcset=\"https:\/\/lacronicadesevilla.es\/wp-content\/uploads\/2025\/04\/kaleo-iconica.png 750w, https:\/\/lacronicadesevilla.es\/wp-content\/uploads\/2025\/04\/kaleo-iconica-300x201.png 300w, https:\/\/lacronicadesevilla.es\/wp-content\/uploads\/2025\/04\/kaleo-iconica-522x350.png 522w, https:\/\/lacronicadesevilla.es\/wp-content\/uploads\/2025\/04\/kaleo-iconica-150x101.png 150w\" sizes=\"auto, (max-width: 750px) 100vw, 750px\" \/><\/figure>\n\n\n\n<figure class=\"wp-block-image size-large\"><img loading=\"lazy\" decoding=\"async\" width=\"751\" height=\"526\" data-id=\"10302\" src=\"https:\/\/lacronicadesevilla.es\/wp-content\/uploads\/2025\/04\/santarosa-iconica.png\" alt=\"\" class=\"wp-image-10302\" srcset=\"https:\/\/lacronicadesevilla.es\/wp-content\/uploads\/2025\/04\/santarosa-iconica.png 751w, https:\/\/lacronicadesevilla.es\/wp-content\/uploads\/2025\/04\/santarosa-iconica-300x210.png 300w, https:\/\/lacronicadesevilla.es\/wp-content\/uploads\/2025\/04\/santarosa-iconica-500x350.png 500w, https:\/\/lacronicadesevilla.es\/wp-content\/uploads\/2025\/04\/santarosa-iconica-150x105.png 150w\" sizes=\"auto, (max-width: 751px) 100vw, 751px\" \/><\/figure>\n<figcaption class=\"blocks-gallery-caption wp-element-caption\"><strong>Kaleo (izquierda) y Gilberto Santa Rosa (derecha) actuar\u00e1n en<\/strong> <strong>Ic\u00f3nica Santaluc\u00eda Sevilla Fest<\/strong> <\/figcaption><\/figure>\n\n\n\n<p><\/p>\n\n\n\n<p>Ic\u00f3nica tambi\u00e9n ha confirmado la fecha del concierto de Gilberto Santa Rosa, una de las figuras m\u00e1s relevantes de la m\u00fasica latina. Ser\u00e1 el <strong>12 de julio<\/strong> cuando los seguidores de <strong>la salsa y la m\u00fasica tropical<\/strong> puedan bailar al ritmo de sus grandes \u00e9xitos como <em>Que alguien me diga<\/em>, <em>Conciencia<\/em> y <em>Conteo regresivo<\/em>.\u00a0<\/p>\n\n\n\n<p>Su estilo, sin\u00f3nimo de elegancia, ritmo y calidad interpretativa, le han hecho merecedor de diversos reconocimientos. En este sentido, a lo largo de su carrera, Santa Rosa ha lanzado m\u00e1s de 40 \u00e1lbumes, obteniendo certificaciones de oro y platino; adem\u00e1s de un GUINESS WORLD RECORD como el artista tropical con m\u00e1s producciones discogr\u00e1ficas que han alcanzado la posici\u00f3n n\u00famero uno en Billboard. Sus m\u00faltiples galardones en la industria del disco reafirman su trascendencia musical y fuerza interpretativa. Entre los diversos reconocimientos concedidos a Santa Rosa, figuran ASCAP Latin Heritage Award en el 2002, el GRAMMY\u00ae Latino en seis ocasiones y un GRAMMY\u00ae anglosaj\u00f3n en el 2007 para un total de siete estatuillas; incluido el Premio a la Excelencia por una impecable y fruct\u00edfera carrera.<\/p>\n","protected":false},"excerpt":{"rendered":"<p>La CR\u00d3NICA La banda islandesa de rock alternativo KALEO y el legendario Caballero de la Salsa, Gilberto Santa Rosa, se unen a la completa lista de artistas de Ic\u00f3nica Santaluc\u00eda Sevilla Fest, con conciertos que responden a m\u00faltiples estilos musicales.\u00a0 <a class=\"continue-reading-link\" href=\"https:\/\/lacronicadesevilla.es\/index.php\/2025\/04\/03\/el-rock-de-kaleo-y-la-salsa-de-gilberto-santa-rosa-actuaran-en-el-escenario-del-festival-iconica\/\"><\/a><\/p>\n","protected":false},"author":50,"featured_media":0,"comment_status":"closed","ping_status":"closed","sticky":false,"template":"","format":"standard","meta":{"footnotes":""},"categories":[12],"tags":[374,543,631,1491,1494,1490,1489,1493,1298,1091,1488,1492,18],"class_list":["post-10298","post","type-post","status-publish","format-standard","hentry","category-cultura","tag-concierto","tag-entradas","tag-fecha","tag-festival-iconica-2","tag-gilberto-santa-rosa","tag-islandeses","tag-kaleo","tag-musica-latina","tag-plaza-de-espana","tag-precios","tag-rock-alternativo","tag-salsa","tag-sevilla"],"_links":{"self":[{"href":"https:\/\/lacronicadesevilla.es\/index.php\/wp-json\/wp\/v2\/posts\/10298","targetHints":{"allow":["GET"]}}],"collection":[{"href":"https:\/\/lacronicadesevilla.es\/index.php\/wp-json\/wp\/v2\/posts"}],"about":[{"href":"https:\/\/lacronicadesevilla.es\/index.php\/wp-json\/wp\/v2\/types\/post"}],"author":[{"embeddable":true,"href":"https:\/\/lacronicadesevilla.es\/index.php\/wp-json\/wp\/v2\/users\/50"}],"replies":[{"embeddable":true,"href":"https:\/\/lacronicadesevilla.es\/index.php\/wp-json\/wp\/v2\/comments?post=10298"}],"version-history":[{"count":8,"href":"https:\/\/lacronicadesevilla.es\/index.php\/wp-json\/wp\/v2\/posts\/10298\/revisions"}],"predecessor-version":[{"id":10308,"href":"https:\/\/lacronicadesevilla.es\/index.php\/wp-json\/wp\/v2\/posts\/10298\/revisions\/10308"}],"wp:attachment":[{"href":"https:\/\/lacronicadesevilla.es\/index.php\/wp-json\/wp\/v2\/media?parent=10298"}],"wp:term":[{"taxonomy":"category","embeddable":true,"href":"https:\/\/lacronicadesevilla.es\/index.php\/wp-json\/wp\/v2\/categories?post=10298"},{"taxonomy":"post_tag","embeddable":true,"href":"https:\/\/lacronicadesevilla.es\/index.php\/wp-json\/wp\/v2\/tags?post=10298"}],"curies":[{"name":"wp","href":"https:\/\/api.w.org\/{rel}","templated":true}]}}