{"id":1041,"date":"2017-07-04T15:04:54","date_gmt":"2017-07-04T14:04:54","guid":{"rendered":"http:\/\/lacronicadesevilla.es\/?p=1041"},"modified":"2017-07-04T15:41:07","modified_gmt":"2017-07-04T14:41:07","slug":"nuevo-convenio-de-colaboracion-entre-el-colegio-de-periodistas-de-andalucia-y-el-centro-de-estudios-san-isidoro","status":"publish","type":"post","link":"https:\/\/lacronicadesevilla.es\/index.php\/2017\/07\/04\/nuevo-convenio-de-colaboracion-entre-el-colegio-de-periodistas-de-andalucia-y-el-centro-de-estudios-san-isidoro\/","title":{"rendered":"Convenio de colaboraci\u00f3n entre el Colegio de Periodistas de Andaluc\u00eda y el Centro Universitario San Isidoro"},"content":{"rendered":"<p>La CR\u00d3NICA<\/p>\n<p>La decana del <a href=\"https:\/\/periodistasandalucia.es\/\" target=\"_blank\">Colegio Profesional de Periodistas de Andaluc\u00eda<\/a>, Eva Navarrete, y el presidente del Consejo de Gobierno del <a href=\"http:\/\/centrosanisidoro.es\/\" target=\"_blank\">Centro Universitario San Isidoro<\/a>, Diego G\u00e1lvez Ochoa, han ratificado\u00a0un <strong>convenio<\/strong> entre ambas instituciones.<!--more--><\/p>\n<p>Este convenio tiene como finalidad el desarrollo de actividades conjuntas de <strong>formaci\u00f3n<\/strong> o culturales; la colaboraci\u00f3n en acciones de <strong>investigaci\u00f3n<\/strong>, desarrollo tecnol\u00f3gico e innovaci\u00f3n as\u00ed como en materia de\u00a0publicaciones o de proyectos de investigaci\u00f3n, entre otros fines.<\/p>\n<p>El convenio prev\u00e9 la cesi\u00f3n por parte del Centro del espacio que alberga la sede del Colegio en Sevilla, localizada en el <strong>Campus CEADE<\/strong> en la Isla de Cartuja, a fin de facilitar la actividad administrativa de la instituci\u00f3n.<\/p>\n<p>Los representantes de ambas entidades se han mostrado satisfechos con el acuerdo que facilita las gestiones ordinarias del Colegio y permite un contacto directo con parte del alumnado que cursa en Sevilla estudios conducentes a las titulaciones de Periodismo y Comunicaci\u00f3n Audiovisual.\u00a0El Centro Universitario San Isidoro es un centro adscrito a la Universidad Pablo de Olavide y en \u00e9l se imparten estudios de Comunicaci\u00f3n, en las especialidades de Periodismo y Audiovisual con car\u00e1cter oficial, entre otras titulaciones.<\/p>\n<p>Fuente: <a href=\"https:\/\/periodistasandalucia.es\/2017\/06\/28\/nuevo-convenio-de-colaboracion-entre-el-colegio-de-periodistas-de-andalucia-y-el-centro-de-estudios-san-isidoro\/\" target=\"_blank\">CPPA<\/a><\/p>\n<p><img loading=\"lazy\" decoding=\"async\" class=\"size-full wp-image-1043 aligncenter\" src=\"http:\/\/lacronicadesevilla.es\/wp-content\/uploads\/2017\/07\/san-isidoro.png\" alt=\"san-isidoro\" width=\"259\" height=\"71\" srcset=\"https:\/\/lacronicadesevilla.es\/wp-content\/uploads\/2017\/07\/san-isidoro.png 259w, https:\/\/lacronicadesevilla.es\/wp-content\/uploads\/2017\/07\/san-isidoro-150x41.png 150w\" sizes=\"auto, (max-width: 259px) 100vw, 259px\" \/><\/p>\n<p><img loading=\"lazy\" decoding=\"async\" class=\"size-full wp-image-1042 aligncenter\" src=\"http:\/\/lacronicadesevilla.es\/wp-content\/uploads\/2017\/07\/logo-colegio-v2-1-1-300x98.png\" alt=\"logo-colegio-v2-1-1-300x98\" width=\"300\" height=\"98\" srcset=\"https:\/\/lacronicadesevilla.es\/wp-content\/uploads\/2017\/07\/logo-colegio-v2-1-1-300x98.png 300w, https:\/\/lacronicadesevilla.es\/wp-content\/uploads\/2017\/07\/logo-colegio-v2-1-1-300x98-150x49.png 150w\" sizes=\"auto, (max-width: 300px) 100vw, 300px\" \/><\/p>\n<p>&nbsp;<\/p>\n<p>&nbsp;<\/p>\n","protected":false},"excerpt":{"rendered":"<p>La CR\u00d3NICA La decana del Colegio Profesional de Periodistas de Andaluc\u00eda, Eva Navarrete, y el presidente del Consejo de Gobierno del Centro Universitario San Isidoro, Diego G\u00e1lvez Ochoa, han ratificado\u00a0un convenio entre ambas instituciones. <a class=\"continue-reading-link\" href=\"https:\/\/lacronicadesevilla.es\/index.php\/2017\/07\/04\/nuevo-convenio-de-colaboracion-entre-el-colegio-de-periodistas-de-andalucia-y-el-centro-de-estudios-san-isidoro\/\"><\/a><\/p>\n","protected":false},"author":1,"featured_media":0,"comment_status":"closed","ping_status":"closed","sticky":false,"template":"","format":"standard","meta":{"footnotes":""},"categories":[14],"tags":[86,257,153,255,256,18],"class_list":["post-1041","post","type-post","status-publish","format-standard","hentry","category-comunicacion","tag-ceade","tag-centro-universitario-san-isidoro","tag-comunicacion","tag-convenio","tag-periodismo","tag-sevilla"],"_links":{"self":[{"href":"https:\/\/lacronicadesevilla.es\/index.php\/wp-json\/wp\/v2\/posts\/1041","targetHints":{"allow":["GET"]}}],"collection":[{"href":"https:\/\/lacronicadesevilla.es\/index.php\/wp-json\/wp\/v2\/posts"}],"about":[{"href":"https:\/\/lacronicadesevilla.es\/index.php\/wp-json\/wp\/v2\/types\/post"}],"author":[{"embeddable":true,"href":"https:\/\/lacronicadesevilla.es\/index.php\/wp-json\/wp\/v2\/users\/1"}],"replies":[{"embeddable":true,"href":"https:\/\/lacronicadesevilla.es\/index.php\/wp-json\/wp\/v2\/comments?post=1041"}],"version-history":[{"count":6,"href":"https:\/\/lacronicadesevilla.es\/index.php\/wp-json\/wp\/v2\/posts\/1041\/revisions"}],"predecessor-version":[{"id":1051,"href":"https:\/\/lacronicadesevilla.es\/index.php\/wp-json\/wp\/v2\/posts\/1041\/revisions\/1051"}],"wp:attachment":[{"href":"https:\/\/lacronicadesevilla.es\/index.php\/wp-json\/wp\/v2\/media?parent=1041"}],"wp:term":[{"taxonomy":"category","embeddable":true,"href":"https:\/\/lacronicadesevilla.es\/index.php\/wp-json\/wp\/v2\/categories?post=1041"},{"taxonomy":"post_tag","embeddable":true,"href":"https:\/\/lacronicadesevilla.es\/index.php\/wp-json\/wp\/v2\/tags?post=1041"}],"curies":[{"name":"wp","href":"https:\/\/api.w.org\/{rel}","templated":true}]}}