{"id":10501,"date":"2025-04-30T08:05:38","date_gmt":"2025-04-30T07:05:38","guid":{"rendered":"https:\/\/lacronicadesevilla.es\/?p=10501"},"modified":"2025-09-02T08:42:23","modified_gmt":"2025-09-02T07:42:23","slug":"iconica-santalucia-sevilla-fest-calienta-pista-durante-la-presentacion-de-su-5a-edicion","status":"publish","type":"post","link":"https:\/\/lacronicadesevilla.es\/index.php\/2025\/04\/30\/iconica-santalucia-sevilla-fest-calienta-pista-durante-la-presentacion-de-su-5a-edicion\/","title":{"rendered":"Ic\u00f3nica Santaluc\u00eda Sevilla Fest calienta pista durante la presentaci\u00f3n de su 5\u00aa edici\u00f3n"},"content":{"rendered":"\n<p><strong>Los &#8216;coches locos&#8217; en la Feria fue el escenario elegido para anunciar el cartel completo y el resto de experiencias que configuran este festival<\/strong><\/p>\n\n\n<div class=\"wp-block-image\">\n<figure class=\"aligncenter size-full is-resized\"><img loading=\"lazy\" decoding=\"async\" width=\"873\" height=\"535\" src=\"https:\/\/lacronicadesevilla.es\/wp-content\/uploads\/2025\/05\/iconica-25-1.png\" alt=\"\" class=\"wp-image-10503\" style=\"width:782px;height:auto\" srcset=\"https:\/\/lacronicadesevilla.es\/wp-content\/uploads\/2025\/05\/iconica-25-1.png 873w, https:\/\/lacronicadesevilla.es\/wp-content\/uploads\/2025\/05\/iconica-25-1-300x184.png 300w, https:\/\/lacronicadesevilla.es\/wp-content\/uploads\/2025\/05\/iconica-25-1-768x471.png 768w, https:\/\/lacronicadesevilla.es\/wp-content\/uploads\/2025\/05\/iconica-25-1-571x350.png 571w, https:\/\/lacronicadesevilla.es\/wp-content\/uploads\/2025\/05\/iconica-25-1-150x92.png 150w\" sizes=\"auto, (max-width: 873px) 100vw, 873px\" \/><figcaption class=\"wp-element-caption\"><strong>El equipo de Ic\u00f3nica Fest celebra la presentaci\u00f3n<\/strong><\/figcaption><\/figure>\n<\/div>\n\n\n<!--more-->\n\n\n\n<p>La CR\u00d3NICA<\/p>\n\n\n\n<p>La <strong>quinta edici\u00f3n de Ic\u00f3nica Santaluc\u00eda Sevilla Fest<\/strong> se ha presentado el martes preferia con una celebraci\u00f3n profundamente sevillana. Para ello, la pista de coches de choque de la Calle del Infierno, en el recinto ferial, se convirti\u00f3 por una noche en un escenario ef\u00edmero de m\u00fasica y emociones al objeto de anunciar el comienzo de este festival, que se celebrar\u00e1 <strong>del 30 de mayo al 14 de julio en la Plaza de Espa\u00f1a<\/strong>, en el centro de la ciudad.<\/p>\n\n\n\n<p>Con <strong>Juan Amodeo<\/strong> como maestro de ceremonias, durante el acto se ha presentado la campa\u00f1a audiovisual \u2018Nuevas Tradiciones\u2019,&nbsp;que el vide\u00f3grafo creativo Pablo Ruiz S\u00e1nchez ha concebido para esta quinta edici\u00f3n del festival. La campa\u00f1a parte de la idea de que la tradici\u00f3n no es est\u00e1tica. Es un puente que conecta el pasado con el presente. A partir de aqu\u00ed se reinterpreta la riqueza cultural andaluza con sensibilidad y modernidad.&nbsp;\u201dIc\u00f3nica Santaluc\u00eda Sevilla Fest&nbsp;no solo es un festival, es una fusi\u00f3n entre lo que hemos heredado y lo que somos hoy\u201d, se\u00f1alan desde la organizaci\u00f3n.<\/p>\n\n\n\n<p>A continuaci\u00f3n, hubo actuaciones en directo de tres grupos del sur, que est\u00e1n presentes en el cartel de este a\u00f1o, <strong>Los Ca\u00f1os, Ant\u00edlopez y O\u2019Funk\u2019illo<\/strong>. As\u00ed como un divertido juego de <em>match<\/em> de canciones de ayer y de hoy remezcladas por los DJ\u2019s de Noon M\u00fasica moderna.<\/p>\n\n\n\n<p>Adem\u00e1s de las 25 citas de primer nivel que ya se han programado, algunas de ellas de renombre internacional como <strong>Justin Timberlake <\/strong>(30 de mayo)<strong>, Pet Shop Boys <\/strong>(17 de junio)<strong> <\/strong>o <strong>Kylie Minogue<\/strong> (14 de julio), el festival anuncia una colaboraci\u00f3n muy especial: <strong>El Orgullo de Sevilla se expande<\/strong>. Por eso, Ic\u00f3nica se suma a esta expansi\u00f3n acogiendo una celebraci\u00f3n \u00fanica del Orgullo en la Plaza de Espa\u00f1a, el pr\u00f3ximo 25 de junio, en colaboraci\u00f3n con la Delegaci\u00f3n de Igualdad del Ayuntamiento de Sevilla, alcanzando una nueva dimensi\u00f3n de esta celebraci\u00f3n que reivindica la diversidad y la libertad en distintos espacios de la ciudad, y que encuentra en este festival un aliado para abrir el mes del orgullo tambi\u00e9n a la cultura y la m\u00fasica en un entorno patrimonial y popular.<\/p>\n\n\n\n<p>El cartel de este evento, que se celebrar\u00e1 en plena programaci\u00f3n del festival, se conocer\u00e1 en breve y contar\u00e1 con artistas de primer nivel, en una noche que ser\u00e1 tanto conmemorativa como festiva, integrando al festival en el pulso diverso de la ciudad.<\/p>\n\n\n\n<p><strong>Una apertura m\u00e1gica con Ic\u00f3nica Lights<\/strong><br>Cada noche de concierto arrancar\u00e1 con el espect\u00e1culo <strong>Ic\u00f3nica Lights<\/strong>, que este a\u00f1o se renueva con una emotiva <strong>versi\u00f3n de \u00abEl fuego fatuo\u00bb <\/strong>de<strong> <\/strong><em>El amor brujo<\/em><strong> de Manuel de Falla<\/strong>, un homenaje a la m\u00fasica andaluza interpretado por dos grandes artistas de la tierra: <strong>Laura Gallego<\/strong> y <strong>Daniel Casares<\/strong>.&nbsp;<\/p>\n\n\n\n<p><strong>M\u00e1s que m\u00fasica: gastronom\u00eda y una apuesta ecol\u00f3gica<\/strong><br>Adem\u00e1s de m\u00fasica, el festival se configura como una experiencia. Por un lado, gracias a sus <em>partners<\/em>: su <strong>alianza con Iryo<\/strong>, que facilita una llegada a Sevilla m\u00e1s c\u00f3moda y sostenible; y el <strong>alojamiento en hoteles <\/strong>como CoolRooms Palacio de Villapan\u00e9s o Only YOU Hotel Sevilla. Por otro lado, la vivencia contin\u00faa en The Village, un entorno con <strong>zonas de descanso, propuestas de cocteler\u00eda y oferta gastron\u00f3mica<\/strong>: las carnes y brasas gourmet de Djanco, la pizzas de Masakali y Croccante, el \u2018pesca\u00edto\u2019 frito sevillano de la Freidur\u00eda El Salvador, las hamburguesas y los <em>hot dogs<\/em> de Pinks y Fanatiko, y los helados de Bolas, por citar algunos de estos rincones culinarios.<\/p>\n\n\n\n<p>Tras los conciertos, las noches se alargar\u00e1n con las Endesa Music Sessions a trav\u00e9s de <strong><em>after parties<\/em> a cargo de DJs<\/strong> como Mike Fajardo (30 de mayo), Cristina Tosio (31 de mayo), Mickey Pav\u00f3n (1 de junio), DJ Nano (4 de junio), Ardiya (14 de junio), Lola Bozzano (20 de junio), Michenlo (26 de junio), Xite &amp; Clara (27 de junio), Noon M\u00fasica Moderna (8 de julio) o Bjones (14 de julio), entre otros.<\/p>\n\n\n\n<p>Finalmente, decir que Ic\u00f3nica Santaluc\u00eda Sevilla Fest presume de su <strong>vertiente ecol\u00f3gica y sostenible.<\/strong> En este sentido, el festival ha recibido el <strong>Sello S de Sostenibilidad Tur\u00edstica<\/strong> concedido por el ICTES, y ha obtenido la <strong>Certificaci\u00f3n de Huella de Carbono<\/strong> conforme al est\u00e1ndar GHG PROTOCOL, verificada por OCA GLOBAL, gracias a la significativa reducci\u00f3n de emisiones entre 2023 y 2024.<\/p>\n\n\n\n<p>Adem\u00e1s, Ic\u00f3nica es iniciativa privada participante en la acci\u00f3n municipal <strong>Replanta Sevilla<\/strong>, que promueve la reforestaci\u00f3n urbana y el impulso de espacios verdes. Y como parte de su estrategia de innovaci\u00f3n sostenible, el festival <strong>incorpora este a\u00f1o una tecnolog\u00eda para la reducci\u00f3n del impacto ac\u00fastico<\/strong>, minimizando las emisiones sonoras no deseadas y protegiendo tanto el entorno patrimonial como la convivencia urbana.<\/p>\n","protected":false},"excerpt":{"rendered":"<p>Los &#8216;coches locos&#8217; en la Feria fue el escenario elegido para anunciar el cartel completo y el resto de experiencias que configuran este festival <a class=\"continue-reading-link\" href=\"https:\/\/lacronicadesevilla.es\/index.php\/2025\/04\/30\/iconica-santalucia-sevilla-fest-calienta-pista-durante-la-presentacion-de-su-5a-edicion\/\"><\/a><\/p>\n","protected":false},"author":50,"featured_media":0,"comment_status":"closed","ping_status":"closed","sticky":false,"template":"","format":"standard","meta":{"footnotes":""},"categories":[12],"tags":[374,543,1528,241,1361,377,1091,18],"class_list":["post-10501","post","type-post","status-publish","format-standard","hentry","category-cultura","tag-concierto","tag-entradas","tag-fechas","tag-festival","tag-iconica","tag-musica","tag-precios","tag-sevilla"],"_links":{"self":[{"href":"https:\/\/lacronicadesevilla.es\/index.php\/wp-json\/wp\/v2\/posts\/10501","targetHints":{"allow":["GET"]}}],"collection":[{"href":"https:\/\/lacronicadesevilla.es\/index.php\/wp-json\/wp\/v2\/posts"}],"about":[{"href":"https:\/\/lacronicadesevilla.es\/index.php\/wp-json\/wp\/v2\/types\/post"}],"author":[{"embeddable":true,"href":"https:\/\/lacronicadesevilla.es\/index.php\/wp-json\/wp\/v2\/users\/50"}],"replies":[{"embeddable":true,"href":"https:\/\/lacronicadesevilla.es\/index.php\/wp-json\/wp\/v2\/comments?post=10501"}],"version-history":[{"count":17,"href":"https:\/\/lacronicadesevilla.es\/index.php\/wp-json\/wp\/v2\/posts\/10501\/revisions"}],"predecessor-version":[{"id":11100,"href":"https:\/\/lacronicadesevilla.es\/index.php\/wp-json\/wp\/v2\/posts\/10501\/revisions\/11100"}],"wp:attachment":[{"href":"https:\/\/lacronicadesevilla.es\/index.php\/wp-json\/wp\/v2\/media?parent=10501"}],"wp:term":[{"taxonomy":"category","embeddable":true,"href":"https:\/\/lacronicadesevilla.es\/index.php\/wp-json\/wp\/v2\/categories?post=10501"},{"taxonomy":"post_tag","embeddable":true,"href":"https:\/\/lacronicadesevilla.es\/index.php\/wp-json\/wp\/v2\/tags?post=10501"}],"curies":[{"name":"wp","href":"https:\/\/api.w.org\/{rel}","templated":true}]}}