{"id":10954,"date":"2025-07-04T12:13:16","date_gmt":"2025-07-04T11:13:16","guid":{"rendered":"https:\/\/lacronicadesevilla.es\/?p=10954"},"modified":"2025-09-23T08:56:41","modified_gmt":"2025-09-23T07:56:41","slug":"glamour-y-talento-femenino-se-dan-cita-en-la-entrega-de-los-i-premios-woman-andalucia","status":"publish","type":"post","link":"https:\/\/lacronicadesevilla.es\/index.php\/2025\/07\/04\/glamour-y-talento-femenino-se-dan-cita-en-la-entrega-de-los-i-premios-woman-andalucia\/","title":{"rendered":"Estilo y talento femenino se dan cita en la  entrega de los I Premios Woman Andaluc\u00eda"},"content":{"rendered":"\n<p><strong>Entre las galardonadas, figuran la actriz Ver\u00f3nica S\u00e1nchez, la dise\u00f1adora de moda flamenca Roc\u00edo Peralta y la matem\u00e1tica oncol\u00f3gica Mar\u00eda Rosa Dur\u00e1n<\/strong><\/p>\n\n\n<div class=\"wp-block-image\">\n<figure class=\"aligncenter size-full\"><img loading=\"lazy\" decoding=\"async\" width=\"1000\" height=\"581\" src=\"https:\/\/lacronicadesevilla.es\/wp-content\/uploads\/2025\/07\/woman-andalucia-1.jpg\" alt=\"\" class=\"wp-image-10974\" srcset=\"https:\/\/lacronicadesevilla.es\/wp-content\/uploads\/2025\/07\/woman-andalucia-1.jpg 1000w, https:\/\/lacronicadesevilla.es\/wp-content\/uploads\/2025\/07\/woman-andalucia-1-300x174.jpg 300w, https:\/\/lacronicadesevilla.es\/wp-content\/uploads\/2025\/07\/woman-andalucia-1-768x446.jpg 768w, https:\/\/lacronicadesevilla.es\/wp-content\/uploads\/2025\/07\/woman-andalucia-1-602x350.jpg 602w, https:\/\/lacronicadesevilla.es\/wp-content\/uploads\/2025\/07\/woman-andalucia-1-150x87.jpg 150w\" sizes=\"auto, (max-width: 1000px) 100vw, 1000px\" \/><figcaption class=\"wp-element-caption\"><strong>Los premiados posan junto a directivos de Prensa Ib\u00e9rica y autoridades<\/strong><\/figcaption><\/figure>\n<\/div>\n\n\n<!--more-->\n\n\n\n<p>Inma MART\u00cdN<\/p>\n\n\n\n<p>Los <strong>I Premios Woman Andaluc\u00eda, <\/strong>organizados por la revista<strong> WOMAN Madame Figaro, <\/strong>del grupo<strong> Prensa Ib\u00e9rica<\/strong>, fueron entregados en Sevilla durante una c\u00e1lida noche de verano, que estuvo dedicada a la excelencia y al talento femenino. As\u00ed pues, durante la primera edici\u00f3n territorial de estos galardones, ocho en concreto, se ha reconocido la trayectoria y el liderazgo de personalidades de diversos \u00e1mbitos que son inspiraci\u00f3n y referente de \u00e9xito con car\u00e1cter e identidad andaluza.&nbsp;<\/p>\n\n\n\n<p>La gala se celebr\u00f3 en la sede de la Fundaci\u00f3n Cajasol en el centro de Sevilla. Estuvo conducida por la periodista F\u00e1tima Rodr\u00edguez y cont\u00f3 con la asistencia de <strong>Javier Moll,<\/strong> presidente de Prensa Ib\u00e9rica; <strong>Arantza Sarasola<\/strong>, vicepresidenta de Prensa Ib\u00e9rica y editora de WOMAN Madame Figaro; <strong>Mayka S\u00e1nchez<\/strong>, directora de la revista Woman; e <strong>Isabel Morillo<\/strong>, directora de El Correo de Andaluc\u00eda. Asimismo, acudieron las consejeras de Inclusi\u00f3n Social, Juventud, Familias e Igualdad, y Cultura y Deporte de la Junta de Andaluc\u00eda, Loles L\u00f3pez y Patricia del Pozo, respectivamente; el presidente de la Diputaci\u00f3n Provincial de Sevilla, Javier Fern\u00e1ndez de los R\u00edos; el alcalde de Sevilla, Jos\u00e9 Luis Sanz, y el subdelegado del Gobierno, Francisco Toscano, entre otras autoridades.&nbsp;<\/p>\n\n\n\n<p>Durante la apertura del acto, <strong>Arantza Sarasola<\/strong> hizo hincapi\u00e9 en el objetivo de los <strong>Premios Woman, <\/strong>que son<strong> <\/strong>\u201cun reconocimiento al trabajo bien hecho. Son un homenaje al esfuerzo, al tes\u00f3n y al talento de personas extraordinarias que aportan lo mejor de s\u00ed mismas en \u00e1mbitos tan diversos como el cine, el dise\u00f1o, la investigaci\u00f3n o el deporte\u201d. Sarasola tambi\u00e9n ensalz\u00f3 la moda andaluza, \u201cfiel a su herencia y a sus ra\u00edces, que conjuga hoy tradici\u00f3n y vanguardia en dise\u00f1os atractivos y dotados de seducci\u00f3n y personalidad\u201d. En resumen, una combinaci\u00f3n de creatividad y genialidad, que son un \u201corgullo para toda Espa\u00f1a\u201d.<\/p>\n\n\n\n<p><strong>Ocho galardones en ocho categor\u00edas<\/strong><br>A continuaci\u00f3n, lleg\u00f3 el esperado momento de la entrega de los Premios Woman Andaluc\u00eda. En total, fueron ocho galardones, que se corresponden con ocho categor\u00edas: Premio Dise\u00f1o y Tradici\u00f3n, Premio Marca Emergente, Premio Modelo, Premio Deporte, Premio Actriz, Premio Talent, Premio STEM y Premio Dise\u00f1ador.<\/p>\n\n\n<div class=\"wp-block-image\">\n<figure class=\"aligncenter size-full\"><img loading=\"lazy\" decoding=\"async\" width=\"1000\" height=\"544\" src=\"https:\/\/lacronicadesevilla.es\/wp-content\/uploads\/2025\/07\/woman-andalucia-4.jpg\" alt=\"\" class=\"wp-image-10968\" srcset=\"https:\/\/lacronicadesevilla.es\/wp-content\/uploads\/2025\/07\/woman-andalucia-4.jpg 1000w, https:\/\/lacronicadesevilla.es\/wp-content\/uploads\/2025\/07\/woman-andalucia-4-300x163.jpg 300w, https:\/\/lacronicadesevilla.es\/wp-content\/uploads\/2025\/07\/woman-andalucia-4-768x418.jpg 768w, https:\/\/lacronicadesevilla.es\/wp-content\/uploads\/2025\/07\/woman-andalucia-4-643x350.jpg 643w, https:\/\/lacronicadesevilla.es\/wp-content\/uploads\/2025\/07\/woman-andalucia-4-150x82.jpg 150w\" sizes=\"auto, (max-width: 1000px) 100vw, 1000px\" \/><figcaption class=\"wp-element-caption\"><strong>Los trofeos se inspiran en antiguos jarrones de cer\u00e1mica andaluces<\/strong>. Foto: Alberto D\u00edaz<\/figcaption><\/figure>\n<\/div>\n\n\n<p>Cabe mencionar que el trofeo que recibieron cada una de las personas condecoradas est\u00e1 inspirado en los antiguos jarrones de cer\u00e1mica andaluces de influencia fenicia, musulmana y cristiana. Dise\u00f1ado en exclusiva por The Exvotos para esta ocasi\u00f3n, est\u00e1 elaborado en manganeso esmaltado en blanco y luce la &#8216;W&#8217; de la marca en el centro, rodeada de laurel, s\u00edmbolo del triunfo y del \u00e9xito.<\/p>\n\n\n\n<p><strong><em>El Premio Dise\u00f1o y Tradici\u00f3n<\/em><\/strong> ha sido para <strong>Roc\u00edo Peralta<\/strong>, dise\u00f1adora y empresaria sevillana, por haber sabido aunar a la perfecci\u00f3n la tradici\u00f3n con las nuevas tendencias de moda flamenca. Su marido, Cayetano Garc\u00eda, recibi\u00f3 el premio en su nombre, destacando \u00abla pasi\u00f3n con la que Roc\u00edo desempe\u00f1a un trabajo al que dedica muchas horas de su d\u00eda a d\u00eda\u00bb.<\/p>\n\n\n\n<p><strong>Vogana<\/strong> se ha alzado con el <strong><em>Premio Marca Emergente<\/em><\/strong>, con el que se ha distinguido la proyecci\u00f3n de una marca andaluza que viste a la Reina Letizia y la Princesa Leonor, entre otras personalidades. Su promotora es la sevillana Carmen de la Puerta, quien explic\u00f3 que el nombre de la firma es un juego de palabras, pues procede de la uni\u00f3n de dos vocablos, voluntad y ganas, los dos pilares que, seg\u00fan confiesa, le sirven de acicate para cumplir sus retos y sus sue\u00f1os.&nbsp;<\/p>\n\n\n<div class=\"wp-block-image\">\n<figure class=\"aligncenter size-full\"><img loading=\"lazy\" decoding=\"async\" width=\"1000\" height=\"667\" src=\"https:\/\/lacronicadesevilla.es\/wp-content\/uploads\/2025\/07\/woman-andalucia-3.jpg\" alt=\"\" class=\"wp-image-10970\" srcset=\"https:\/\/lacronicadesevilla.es\/wp-content\/uploads\/2025\/07\/woman-andalucia-3.jpg 1000w, https:\/\/lacronicadesevilla.es\/wp-content\/uploads\/2025\/07\/woman-andalucia-3-300x200.jpg 300w, https:\/\/lacronicadesevilla.es\/wp-content\/uploads\/2025\/07\/woman-andalucia-3-768x512.jpg 768w, https:\/\/lacronicadesevilla.es\/wp-content\/uploads\/2025\/07\/woman-andalucia-3-525x350.jpg 525w, https:\/\/lacronicadesevilla.es\/wp-content\/uploads\/2025\/07\/woman-andalucia-3-150x100.jpg 150w\" sizes=\"auto, (max-width: 1000px) 100vw, 1000px\" \/><figcaption class=\"wp-element-caption\"><strong>Laura S\u00e1nchez, vestida con un espectacular mant\u00f3n de manila<\/strong>. Foto: Alberto D\u00edaz<\/figcaption><\/figure>\n<\/div>\n\n\n<p>El <strong><em>Premio Modelo<\/em><\/strong> se le ha otorgado a <strong>Laura S\u00e1nchez,<\/strong> modelo, actriz y empresaria onubense. Recogi\u00f3 su galard\u00f3n ataviada con dos espectaculares mantones de manila de la firma Juan Foronda, adaptados a un vestido, con fondo turquesa y grandes rosas bordadas en brillantes colores. Durante su intervenci\u00f3n, destac\u00f3 la importancia de saber rodearse de \u00abpersonas buenas, que te quieren y te impulsan en tu carrera profesional\u00bb.&nbsp;&nbsp;&nbsp;<\/p>\n\n\n\n<p>La campeona ol\u00edmpica <strong>Mar\u00eda P\u00e9rez<\/strong> ha recogido el <strong><em>Premio Deporte.<\/em><\/strong> La atleta granadina ha sido medalla de plata en 20 kil\u00f3metros marcha y oro en el relevo mixto en los Juegos Ol\u00edmpicos de Par\u00eds 2024, adem\u00e1s de doble campeona mundial de 20 y 35 kil\u00f3metros marcha en los mundiales de Budapest. Referente del atletismo nacional, sue\u00f1a con ser la abanderada de Espa\u00f1a en los que ser\u00e1n sus \u00faltimos Juegos Ol\u00edmpicos en Los \u00c1ngeles el pr\u00f3ximo a\u00f1o 2028.<\/p>\n\n\n\n<p><strong>Ver\u00f3nica S\u00e1nchez<\/strong> ha sido distinguida con el <strong><em>Premio Actriz<\/em><\/strong>, una profesi\u00f3n de la que se confiesa enamorada, pues \u201ces un oficio precioso, donde he aprendido y aprendo de cada una de las mujeres a las que he interpretado\u201d. De esta manera, se le reconoce su talento en la escena, as\u00ed como una carrera vers\u00e1til en cine, teatro y televisi\u00f3n, desde que debutar\u00e1, hace ya m\u00e1s de 18 a\u00f1os, en la popular serie Los Serrano.&nbsp;<\/p>\n\n\n<div class=\"wp-block-image\">\n<figure class=\"aligncenter size-full\"><img loading=\"lazy\" decoding=\"async\" width=\"1000\" height=\"620\" src=\"https:\/\/lacronicadesevilla.es\/wp-content\/uploads\/2025\/07\/woman-andalucia-2.jpg\" alt=\"\" class=\"wp-image-10967\" srcset=\"https:\/\/lacronicadesevilla.es\/wp-content\/uploads\/2025\/07\/woman-andalucia-2.jpg 1000w, https:\/\/lacronicadesevilla.es\/wp-content\/uploads\/2025\/07\/woman-andalucia-2-300x186.jpg 300w, https:\/\/lacronicadesevilla.es\/wp-content\/uploads\/2025\/07\/woman-andalucia-2-768x476.jpg 768w, https:\/\/lacronicadesevilla.es\/wp-content\/uploads\/2025\/07\/woman-andalucia-2-565x350.jpg 565w, https:\/\/lacronicadesevilla.es\/wp-content\/uploads\/2025\/07\/woman-andalucia-2-150x93.jpg 150w\" sizes=\"auto, (max-width: 1000px) 100vw, 1000px\" \/><figcaption class=\"wp-element-caption\"><strong>Ver\u00f3nica S\u00e1nchez, con su galard\u00f3n, junto a <strong>Javier Mo<\/strong>ll y Jos\u00e9 Luis Sanz.<\/strong> Foto: Alberto D\u00edaz<\/figcaption><\/figure>\n<\/div>\n\n\n<p>El <strong><em>Premio Talent<\/em><\/strong> ha reca\u00eddo en <strong>\u00c1gueda L\u00f3pez, <\/strong>modelo cordobesa, escritora y mujer del cantante Luis Fonsi. Ha protagonizado portadas de revistas internacionales y un d\u00eda del a\u00f1o, el 26 de junio, lleva su nombre en Miami, por ser la fecha en la que lleg\u00f3, siendo muy joven, a esta ciudad norteamericana, \u201ccomo una inmigrante, sin visado y sin hablar ingl\u00e9s\u201d para hacer <em>castings<\/em> y comenzar una carrera profesional que, a d\u00eda de hoy, est\u00e1 plagada de \u00e9xitos.&nbsp;Adem\u00e1s, acaba de publicar su primera novela, <em>La ni\u00f1a que miraba al sol<\/em>, con tintes autobiogr\u00e1ficos y en la que destaca el poder de la confianza y de la certeza para superar obst\u00e1culos y cumplir sue\u00f1os.<\/p>\n\n\n\n<p>Por su parte, <strong>Mar\u00eda Rosa Dur\u00e1n<\/strong> recibi\u00f3 el <strong><em>Premio STEM. <\/em><\/strong>Esta matem\u00e1tica oncol\u00f3gica cuenta con una amplia experiencia en el desarrollo de modelos num\u00e9ricos de din\u00e1mica tumoral, diabetes, resistencia, etc. En relaci\u00f3n a su trabajo, explic\u00f3 que junto a su equipo buscan patrones mediante algoritmos matem\u00e1ticos de inteligencia artificial con la intenci\u00f3n de predecir s\u00edntomas o circunstancias y anticiparse a la enfermedad.<\/p>\n\n\n\n<p>Finalmente,<strong> Nicol\u00e1s Montenegro<\/strong> se ha alzado con el <strong><em>Premio Dise\u00f1ador<\/em><\/strong>, por su dedicaci\u00f3n en el universo de la mujer, especialmente en el \u00e1mbito de los vestidos de novia y los trajes de noche. Nacido en la localidad sevillana de Lantejuela, reivindica a trav\u00e9s de su marca hom\u00f3nima el talento y la moda espa\u00f1ola femenina. Se\u00f1al\u00f3 que merece este premio por el hecho de haber regresado a su tierra, a pesar de los \u00e9xitos logrados en grandes capitales de la moda, como Mil\u00e1n o Nueva York.<\/p>\n\n\n\n<p>Como colof\u00f3n, intervino Mayka S\u00e1nchez, <strong>directora de Woman,<\/strong> quien resalt\u00f3 el prop\u00f3sito de la revista y de la editorial Prensa Ib\u00e9rica, \u201cambas han nacido en Espa\u00f1a, por eso tenemos un compromiso para dar voz a talentos patrios, y celebrar la I edici\u00f3n de los Premios Woman Andaluc\u00eda es un privilegio porque es cuna de belleza, moda y talento\u201d.<\/p>\n\n\n\n<p>La entrega de los citados galardones estuvo amenizada por la actuaci\u00f3n de la cantante Laura Gallego, quien interpret\u00f3, casi a capela, solo con el acompa\u00f1amiento de una guitarra, dos temas: <em>Y sin embargo te quiero<\/em> y <em>D\u00e9jala correr<\/em>. Igualmente, durante la fiesta posterior, celebrada en el patio andaluz de la Fundaci\u00f3n Cajasol, actuaron los <strong>dj\u2019s Xite y Clara Ferraro.<\/strong><\/p>\n\n\n\n<p>En definitiva, una noche de estreno glamurosa y muy especial por el propio objetivo de estos premios de poner en valor a Andaluc\u00eda como una tierra referente de talento asociado a la responsabilidad, el liderazgo y la innovaci\u00f3n en \u00e1mbitos como la moda, el <em>lifestyle<\/em>, el deporte, las artes y la ciencia, desde la perspectiva femenina y con vocaci\u00f3n inspiradora. <\/p>\n","protected":false},"excerpt":{"rendered":"<p>Entre las galardonadas, figuran la actriz Ver\u00f3nica S\u00e1nchez, la dise\u00f1adora de moda flamenca Roc\u00edo Peralta y la matem\u00e1tica oncol\u00f3gica Mar\u00eda Rosa Dur\u00e1n <a class=\"continue-reading-link\" href=\"https:\/\/lacronicadesevilla.es\/index.php\/2025\/07\/04\/glamour-y-talento-femenino-se-dan-cita-en-la-entrega-de-los-i-premios-woman-andalucia\/\"><\/a><\/p>\n","protected":false},"author":50,"featured_media":0,"comment_status":"closed","ping_status":"open","sticky":false,"template":"","format":"standard","meta":{"footnotes":""},"categories":[14],"tags":[],"class_list":["post-10954","post","type-post","status-publish","format-standard","hentry","category-comunicacion"],"_links":{"self":[{"href":"https:\/\/lacronicadesevilla.es\/index.php\/wp-json\/wp\/v2\/posts\/10954","targetHints":{"allow":["GET"]}}],"collection":[{"href":"https:\/\/lacronicadesevilla.es\/index.php\/wp-json\/wp\/v2\/posts"}],"about":[{"href":"https:\/\/lacronicadesevilla.es\/index.php\/wp-json\/wp\/v2\/types\/post"}],"author":[{"embeddable":true,"href":"https:\/\/lacronicadesevilla.es\/index.php\/wp-json\/wp\/v2\/users\/50"}],"replies":[{"embeddable":true,"href":"https:\/\/lacronicadesevilla.es\/index.php\/wp-json\/wp\/v2\/comments?post=10954"}],"version-history":[{"count":37,"href":"https:\/\/lacronicadesevilla.es\/index.php\/wp-json\/wp\/v2\/posts\/10954\/revisions"}],"predecessor-version":[{"id":11079,"href":"https:\/\/lacronicadesevilla.es\/index.php\/wp-json\/wp\/v2\/posts\/10954\/revisions\/11079"}],"wp:attachment":[{"href":"https:\/\/lacronicadesevilla.es\/index.php\/wp-json\/wp\/v2\/media?parent=10954"}],"wp:term":[{"taxonomy":"category","embeddable":true,"href":"https:\/\/lacronicadesevilla.es\/index.php\/wp-json\/wp\/v2\/categories?post=10954"},{"taxonomy":"post_tag","embeddable":true,"href":"https:\/\/lacronicadesevilla.es\/index.php\/wp-json\/wp\/v2\/tags?post=10954"}],"curies":[{"name":"wp","href":"https:\/\/api.w.org\/{rel}","templated":true}]}}