{"id":11027,"date":"2025-08-31T13:13:00","date_gmt":"2025-08-31T12:13:00","guid":{"rendered":"https:\/\/lacronicadesevilla.es\/?p=11027"},"modified":"2025-09-02T12:41:55","modified_gmt":"2025-09-02T11:41:55","slug":"un-mural-rinde-homenaje-a-la-mujer-recovera-de-el-viso-del-alcor","status":"publish","type":"post","link":"https:\/\/lacronicadesevilla.es\/index.php\/2025\/08\/31\/un-mural-rinde-homenaje-a-la-mujer-recovera-de-el-viso-del-alcor\/","title":{"rendered":"Un mural de Virgina Bersab\u00e9 rinde homenaje a la mujer recovera de El Viso del Alcor"},"content":{"rendered":"\n<p><strong>Es una obra realista, de grandes dimensiones, dibujada sobre la fachada de un silo de metal<\/strong><\/p>\n\n\n\n<!--more-->\n\n\n\n<p>La CR\u00d3NICA<\/p>\n\n\n\n<p>La <strong>artista Virgina Bersab\u00e9<\/strong> ha dado vida y color a un edificio, concretamente, un silo, ubicado en <strong>El Viso del Alcor<\/strong>, con un mural dedicado a la <strong>mujer recovera<\/strong>, una figura t\u00edpica de este municipio sevillano. La ha representado \u201ccon esa doble carga: por un lado, el canasto con el que vend\u00eda los productos y, por otro, el porqu\u00e9 vend\u00eda ese producto y hac\u00eda esos viajes, pues porque habr\u00eda una carga y un sost\u00e9n familiar\u201d, explica la muralista.<\/p>\n\n\n\n<p><\/p>\n\n\n<div class=\"wp-block-image\">\n<figure class=\"aligncenter size-full\"><img loading=\"lazy\" decoding=\"async\" width=\"409\" height=\"471\" src=\"https:\/\/lacronicadesevilla.es\/wp-content\/uploads\/2025\/09\/mural-recovera-viso-alcor.jpg\" alt=\"\" class=\"wp-image-11032\" srcset=\"https:\/\/lacronicadesevilla.es\/wp-content\/uploads\/2025\/09\/mural-recovera-viso-alcor.jpg 409w, https:\/\/lacronicadesevilla.es\/wp-content\/uploads\/2025\/09\/mural-recovera-viso-alcor-261x300.jpg 261w, https:\/\/lacronicadesevilla.es\/wp-content\/uploads\/2025\/09\/mural-recovera-viso-alcor-304x350.jpg 304w, https:\/\/lacronicadesevilla.es\/wp-content\/uploads\/2025\/09\/mural-recovera-viso-alcor-130x150.jpg 130w\" sizes=\"auto, (max-width: 409px) 100vw, 409px\" \/><figcaption class=\"wp-element-caption\"><strong>Mural de una mujer recovera. Foto: Miguel Jim\u00e9nez<\/strong><\/figcaption><\/figure>\n<\/div>\n\n\n<p>Ha sido la comuni\u00f3n de la pintora con la ciudadan\u00eda de El Viso del Alcor, localidad en la que ha desarrollado su intervenci\u00f3n art\u00edstica, la que ha determinado la tem\u00e1tica de la misma. \u201cMe han acogido, me han abrazado, me han presentado al pueblo, me han hablado de sus tradiciones, de sus personajes. Pero cuando me hablaron de la mujer recovera, que recog\u00eda productos de la huerta local de este pueblo e iba a Sevilla a venderlos, hice m\u00edo el tema\u201d, se\u00f1ala la artista.&nbsp;<\/p>\n\n\n\n<p>Esta obra forma parte de <strong>\u2018Plazes-24\u2019,<\/strong> un proyecto de arte mural para revitalizar espacios p\u00fablicos, transformar el paisaje urbano y conectar a trav\u00e9s de la cultura con la identidad local. Est\u00e1 promovido por el \u00c1rea de Cultura y Ciudadan\u00eda de la Diputaci\u00f3n de Sevilla en colaboraci\u00f3n con los Ayuntamientos de El Viso del Alcor, Camas, Los Corrales y Mairena del Aljarafe. Adem\u00e1s de Virginia Bersab\u00e9, tambi\u00e9n han participado los artistas murales Pedro Almeida, Alberto Montes y Osier Luther.<\/p>\n\n\n\n<p>Precisamente, Bersab\u00e9, que a lo largo de su trayectoria art\u00edstica se ha centrado en el homenaje a las mujeres mayores del mundo rural a gran escala, explica que para su contribuci\u00f3n en \u2018Plazes-24\u2019 quer\u00eda \u201cdarle ese punto de vista de diosa, de t\u00f3tem, de monumento cl\u00e1sico, que toda esa figura estuviera colocada en el sitio donde realmente iba, en mitad del campo y en esa vega, para que tambi\u00e9n se fusionase con el entorno donde iba a estar pintado\u201d.<br><br>Se trata de un mural ubicado junto al aparcamiento de El Sequero, en la carretera de La Vega, \u201cgigantesco y ya no solo por las dimensiones sino por las caracter\u00edsticas de la propia pared, que es un silo de metal, de chapa galvanizada y, adem\u00e1s, tiene muchas ondulaciones, tanto horizontales como verticales, lo que me iba a condicionar mucho la imagen\u201d, explica Bersab\u00e9.<\/p>\n\n\n\n<p><strong>Un trabajo pict\u00f3rico focalizado en la mujer mayor<\/strong><br>Virgina Bersab\u00e9 se licenci\u00f3 en la Facultad de Bellas Artes de Sevilla en el a\u00f1o 2013, en la especialidad de Pintura. Su formaci\u00f3n se fue completando y enriqueciendo con la concesi\u00f3n de becas y residencias art\u00edsticas por todo el mundo. Como artista especializada en intervenciones de arte mural,<strong> <\/strong>ha realizado proyectos para entidades p\u00fablicas y en el \u00e1mbito privado.&nbsp;<\/p>\n\n\n\n<p>Su trabajo tiene como eje central a la mujer mayor, su relaci\u00f3n con el espacio, las manifestaciones f\u00edsicas y pict\u00f3ricas de su memoria e identidad a trav\u00e9s de la piel y el entorno que habitan. La artista establece una relaci\u00f3n y un di\u00e1logo intergeneracional de aprendizaje y ense\u00f1anza, basado en la confianza y la intimidad, para profundizar en la vida y la historia de cada una de las modelos. De forma que, tratando a una mujer en particular, habla de todas en general, dando visibilidad y poniendo el foco en un colectivo bastante olvidado, como es la mujer en la senectud.<\/p>\n","protected":false},"excerpt":{"rendered":"<p>Es una obra realista, de grandes dimensiones, dibujada sobre la fachada de un silo de metal <a class=\"continue-reading-link\" href=\"https:\/\/lacronicadesevilla.es\/index.php\/2025\/08\/31\/un-mural-rinde-homenaje-a-la-mujer-recovera-de-el-viso-del-alcor\/\"><\/a><\/p>\n","protected":false},"author":50,"featured_media":0,"comment_status":"closed","ping_status":"closed","sticky":false,"template":"","format":"standard","meta":{"footnotes":""},"categories":[12],"tags":[1614,1612,357,18,1613],"class_list":["post-11027","post","type-post","status-publish","format-standard","hentry","category-cultura","tag-el-viso-del-alcor","tag-mural","tag-pintura","tag-sevilla","tag-virgina-versabe"],"_links":{"self":[{"href":"https:\/\/lacronicadesevilla.es\/index.php\/wp-json\/wp\/v2\/posts\/11027","targetHints":{"allow":["GET"]}}],"collection":[{"href":"https:\/\/lacronicadesevilla.es\/index.php\/wp-json\/wp\/v2\/posts"}],"about":[{"href":"https:\/\/lacronicadesevilla.es\/index.php\/wp-json\/wp\/v2\/types\/post"}],"author":[{"embeddable":true,"href":"https:\/\/lacronicadesevilla.es\/index.php\/wp-json\/wp\/v2\/users\/50"}],"replies":[{"embeddable":true,"href":"https:\/\/lacronicadesevilla.es\/index.php\/wp-json\/wp\/v2\/comments?post=11027"}],"version-history":[{"count":13,"href":"https:\/\/lacronicadesevilla.es\/index.php\/wp-json\/wp\/v2\/posts\/11027\/revisions"}],"predecessor-version":[{"id":11077,"href":"https:\/\/lacronicadesevilla.es\/index.php\/wp-json\/wp\/v2\/posts\/11027\/revisions\/11077"}],"wp:attachment":[{"href":"https:\/\/lacronicadesevilla.es\/index.php\/wp-json\/wp\/v2\/media?parent=11027"}],"wp:term":[{"taxonomy":"category","embeddable":true,"href":"https:\/\/lacronicadesevilla.es\/index.php\/wp-json\/wp\/v2\/categories?post=11027"},{"taxonomy":"post_tag","embeddable":true,"href":"https:\/\/lacronicadesevilla.es\/index.php\/wp-json\/wp\/v2\/tags?post=11027"}],"curies":[{"name":"wp","href":"https:\/\/api.w.org\/{rel}","templated":true}]}}