{"id":11177,"date":"2025-09-15T09:01:10","date_gmt":"2025-09-15T08:01:10","guid":{"rendered":"https:\/\/lacronicadesevilla.es\/?p=11177"},"modified":"2025-12-11T11:48:56","modified_gmt":"2025-12-11T10:48:56","slug":"sevilla-acoge-el-i-congreso-oleoturismo-espana","status":"publish","type":"post","link":"https:\/\/lacronicadesevilla.es\/index.php\/2025\/09\/15\/sevilla-acoge-el-i-congreso-oleoturismo-espana\/","title":{"rendered":"Sevilla acoge el I Congreso &#8216;Oleoturismo\u00a0 Espa\u00f1a&#8217;"},"content":{"rendered":"\n<p><strong>Uno de sus objetivos es consolidar una oferta tur\u00edstica en torno al aceite de oliva virgen extra<\/strong><\/p>\n\n\n\n<!--more-->\n\n\n\n<p>La CR\u00d3NICA<\/p>\n\n\n\n<p>Sevilla acoge el <strong>I Congreso \u2018Oleoturismo Espa\u00f1a\u2019,<\/strong> una cita&nbsp; pionera que re\u00fane a instituciones, empresas y profesionales del sector para reflexionar sobre el&nbsp; futuro del oleoturismo en Espa\u00f1a y reforzar su papel como motor de desarrollo territorial, cultural y econ\u00f3mico.<\/p>\n\n\n\n<p>Est\u00e1 organizado por la <strong>Diputaci\u00f3n de Sevilla<\/strong>, a trav\u00e9s de Prodetur, como socio del proyecto, y con el&nbsp; apoyo de AEMO, <strong>Asociaci\u00f3n Espa\u00f1ola de Municipios del Olivo<\/strong>. El congreso se celebra el 18 de septiembre en el espacio de eventos del restaurante El 29, en el Parque de Mar\u00eda&nbsp; Luisa, y se enmarca en el proyecto \u2018Extensi\u00f3n y consolidaci\u00f3n de la experiencia tur\u00edstica sostenible Oleoturismo Espa\u00f1a\u2019, en el contexto del programa \u2018Experiencias Turismo Espa\u00f1a&nbsp; 2023\u2019, financiado por la Uni\u00f3n Europea a trav\u00e9s de los fondos <em>Next Generation EU<\/em>. Este proyecto est\u00e1 liderado por AEMO junto a nueve&nbsp; diputaciones provinciales socias: Badajoz, C\u00e1ceres, Ciudad Real, C\u00f3rdoba, Granada, Huelva, Ja\u00e9n, Sevilla y Tarragona.&nbsp;<\/p>\n\n\n<div class=\"wp-block-image\">\n<figure class=\"aligncenter size-full is-resized\"><img loading=\"lazy\" decoding=\"async\" width=\"525\" height=\"562\" src=\"https:\/\/lacronicadesevilla.es\/wp-content\/uploads\/2025\/09\/congreso-olivo-sevilla.png\" alt=\"\" class=\"wp-image-11182\" style=\"width:454px;height:auto\" srcset=\"https:\/\/lacronicadesevilla.es\/wp-content\/uploads\/2025\/09\/congreso-olivo-sevilla.png 525w, https:\/\/lacronicadesevilla.es\/wp-content\/uploads\/2025\/09\/congreso-olivo-sevilla-280x300.png 280w, https:\/\/lacronicadesevilla.es\/wp-content\/uploads\/2025\/09\/congreso-olivo-sevilla-327x350.png 327w, https:\/\/lacronicadesevilla.es\/wp-content\/uploads\/2025\/09\/congreso-olivo-sevilla-140x150.png 140w\" sizes=\"auto, (max-width: 525px) 100vw, 525px\" \/><figcaption class=\"wp-element-caption\"><strong>Logotipo del I Congreso \u2018Oleoturismo Espa\u00f1a<\/strong>&#8216;<\/figcaption><\/figure>\n<\/div>\n\n\n<p>El congreso se estructura en ponencias y mesas redondas que abordan los retos del oleoturismo como herramienta de desarrollo sostenible, la hoja de ruta del proyecto Oleoturismo Espa\u00f1a, la cooperaci\u00f3n institucional entre territorios, la innovaci\u00f3n en experiencias y producto, y la&nbsp;promoci\u00f3n y comercializaci\u00f3n de este segmento en mercados nacionales e internacionales. Siendo algunos de sus objetivos los que se detallan a continuaci\u00f3n:<\/p>\n\n\n\n<ul class=\"wp-block-list\">\n<li>Convertirse en la primera gran red estatal de\u00a0oleoturismo, uniendo a territorios, empresas y entidades para poner en valor el patrimonio cultural, gastron\u00f3mico y paisaj\u00edstico ligado al olivar.<\/li>\n\n\n\n<li>Consolidar una experiencia tur\u00edstica sostenible en torno al aceite de oliva virgen extra&nbsp;y la cultura del olivo, favoreciendo la diversificaci\u00f3n de la oferta y la desestacionalizaci\u00f3n&nbsp;de la demanda.<\/li>\n\n\n\n<li>Fomentar la cooperaci\u00f3n p\u00fablico-privada para impulsar proyectos conjuntos entre\u00a0administraciones, empresas y agentes locales, dinamizando las econom\u00edas rurales y creando empleo.<\/li>\n\n\n\n<li>Promocionar internacionalmente el oleoturismo espa\u00f1ol, posicionando a Espa\u00f1a como referente mundial de este producto.<\/li>\n\n\n\n<li>Integrar sostenibilidad, digitalizaci\u00f3n e innovaci\u00f3n como ejes estrat\u00e9gicos para mejorar la competitividad y la calidad de la oferta.<\/li>\n<\/ul>\n\n\n\n<p>Posteriormente al Congreso, se celebra el evento de entrega de los I Premios Oleoturismo&nbsp; Espa\u00f1a, organizados por Prodetur y concebidos para reconocer la labor de los distintos agentes&nbsp;que impulsan el oleoturismo en nuestro pa\u00eds. Estos galardones reconocen a las iniciativas m\u00e1s innovadoras y sostenibles, contribuyendo a la consolidaci\u00f3n de este producto tur\u00edstico como un referente nacional e internacional.<\/p>\n","protected":false},"excerpt":{"rendered":"<p>Uno de sus objetivos es consolidar una oferta tur\u00edstica en torno al aceite de oliva virgen extra <a class=\"continue-reading-link\" href=\"https:\/\/lacronicadesevilla.es\/index.php\/2025\/09\/15\/sevilla-acoge-el-i-congreso-oleoturismo-espana\/\"><\/a><\/p>\n","protected":false},"author":50,"featured_media":0,"comment_status":"closed","ping_status":"closed","sticky":false,"template":"","format":"standard","meta":{"footnotes":""},"categories":[10,1772],"tags":[1042,1209,141,704,1635,1633,1634,18,35],"class_list":["post-11177","post","type-post","status-publish","format-standard","hentry","category-economia","category-gastrocronica","tag-aceite","tag-agricultura","tag-congreso","tag-espana","tag-oleoturismo","tag-oliva","tag-olivar","tag-sevilla","tag-turismo"],"_links":{"self":[{"href":"https:\/\/lacronicadesevilla.es\/index.php\/wp-json\/wp\/v2\/posts\/11177","targetHints":{"allow":["GET"]}}],"collection":[{"href":"https:\/\/lacronicadesevilla.es\/index.php\/wp-json\/wp\/v2\/posts"}],"about":[{"href":"https:\/\/lacronicadesevilla.es\/index.php\/wp-json\/wp\/v2\/types\/post"}],"author":[{"embeddable":true,"href":"https:\/\/lacronicadesevilla.es\/index.php\/wp-json\/wp\/v2\/users\/50"}],"replies":[{"embeddable":true,"href":"https:\/\/lacronicadesevilla.es\/index.php\/wp-json\/wp\/v2\/comments?post=11177"}],"version-history":[{"count":11,"href":"https:\/\/lacronicadesevilla.es\/index.php\/wp-json\/wp\/v2\/posts\/11177\/revisions"}],"predecessor-version":[{"id":11190,"href":"https:\/\/lacronicadesevilla.es\/index.php\/wp-json\/wp\/v2\/posts\/11177\/revisions\/11190"}],"wp:attachment":[{"href":"https:\/\/lacronicadesevilla.es\/index.php\/wp-json\/wp\/v2\/media?parent=11177"}],"wp:term":[{"taxonomy":"category","embeddable":true,"href":"https:\/\/lacronicadesevilla.es\/index.php\/wp-json\/wp\/v2\/categories?post=11177"},{"taxonomy":"post_tag","embeddable":true,"href":"https:\/\/lacronicadesevilla.es\/index.php\/wp-json\/wp\/v2\/tags?post=11177"}],"curies":[{"name":"wp","href":"https:\/\/api.w.org\/{rel}","templated":true}]}}