{"id":11251,"date":"2025-09-24T13:19:20","date_gmt":"2025-09-24T12:19:20","guid":{"rendered":"https:\/\/lacronicadesevilla.es\/?p=11251"},"modified":"2025-09-26T08:02:35","modified_gmt":"2025-09-26T07:02:35","slug":"la-fuerza-de-carmen-la-cigarrera-inspira-una-exposicion-de-moda-flamenca","status":"publish","type":"post","link":"https:\/\/lacronicadesevilla.es\/index.php\/2025\/09\/24\/la-fuerza-de-carmen-la-cigarrera-inspira-una-exposicion-de-moda-flamenca\/","title":{"rendered":"La fuerza de Carmen \u00abla Cigarrera\u00bb inspira una exposici\u00f3n de moda flamenca"},"content":{"rendered":"\n<p><strong>Acoge las creaciones de 20 dise\u00f1adores y se puede visitar en la Casa Fabiola hasta el 30 de noviembre<\/strong><\/p>\n\n\n<div class=\"wp-block-image\">\n<figure class=\"aligncenter size-full\"><img loading=\"lazy\" decoding=\"async\" width=\"993\" height=\"646\" src=\"https:\/\/lacronicadesevilla.es\/wp-content\/uploads\/2025\/09\/exposicion-carmen.jpg\" alt=\"\" class=\"wp-image-11255\" srcset=\"https:\/\/lacronicadesevilla.es\/wp-content\/uploads\/2025\/09\/exposicion-carmen.jpg 993w, https:\/\/lacronicadesevilla.es\/wp-content\/uploads\/2025\/09\/exposicion-carmen-300x195.jpg 300w, https:\/\/lacronicadesevilla.es\/wp-content\/uploads\/2025\/09\/exposicion-carmen-768x500.jpg 768w, https:\/\/lacronicadesevilla.es\/wp-content\/uploads\/2025\/09\/exposicion-carmen-538x350.jpg 538w, https:\/\/lacronicadesevilla.es\/wp-content\/uploads\/2025\/09\/exposicion-carmen-150x98.jpg 150w\" sizes=\"auto, (max-width: 993px) 100vw, 993px\" \/><figcaption class=\"wp-element-caption\"><strong>Vestidos, mantones y accesorios dedicados a la figura de Carmen<\/strong> \/ Iv\u00e1n Montenegro<\/figcaption><\/figure>\n<\/div>\n\n\n<!--more-->\n\n\n\n<p>La CR\u00d3NICA<\/p>\n\n\n\n<p>Una exposici\u00f3n de <strong>moda flamenca<\/strong> se inspira y rinde homenaje a la figura de <strong>Carmen \u00ab<strong>la Cigarrera<\/strong>\u00bb<\/strong>, protagonista de la \u00f3pera de Georges Bizet, un icono universal de la cultura y s\u00edmbolo de libertad, feminismo e inclusi\u00f3n, e \u00edntimamente ligado a la cultura andaluza.&nbsp;<\/p>\n\n\n\n<p>Organizada por la Asociaci\u00f3n de Dise\u00f1adores y Empresarios de Moda y Artesan\u00eda Flamenca, <strong>Qlamenco<\/strong>, esta exposici\u00f3n titulada&nbsp;<strong><em>Looking for Carmen<\/em><\/strong> se puede visitar en la Casa Fabiola, ubicada en la calle Fabiola de Sevilla, hasta el 30 de noviembre de 2025. Est\u00e1 integrada por las obras de 20 dise\u00f1adores y artesanos andaluces en una interpretaci\u00f3n art\u00edstica sobre la figura de Carmen. En definitiva, son creaciones de los dise\u00f1adores de Qlamenco: Agus Dorado, Alejandro Andana, Amalia Vergara, \u00c1ngeles Copete, Atelier Rima, Carmen Latorre, Carmen Serrano, Castrej\u00f3n, Cristina V\u00e1zquez, Francisco Tamaral, Inma Benicio, Jote Mart\u00ednez, Juan Foronda, Leticia Lorenzo, Manuel Odriozola, Mar\u00eda Amador, Marina Moda Flamenca, Raquel Bollo, Sonibel y Yolanda Rivas.<\/p>\n\n\n\n<p>La elecci\u00f3n del personaje no es balad\u00ed. Para Pedro Gonz\u00e1lez, director art\u00edstico de Qlamenco, Carmen \u201ces mucho m\u00e1s que una <em>femme fatale<\/em>. Tambi\u00e9n fue una mujer emp\u00e1tica, inclusiva y profundamente humana. Esa complejidad es lo que la convierte en un icono cultural que sigue vivo y vigente\u201d. Mientras que Carmen Latorre, directora de Qlamenco, opina que se trata de \u201cun personaje sevillano y, como tal, necesita su sitio en Sevilla. Es una fuente de inspiraci\u00f3n total para la moda flamenca: su aire gitano, de cigarrera, su fuerte personalidad y su car\u00e1cter empoderado son un flujo creativo inmenso\u201d.<\/p>\n\n\n\n<p><strong>Dignificar la artesan\u00eda y la costura flamenca<\/strong><br>Desde Qlamenco subrayan el compromiso de este proyecto con la dignificaci\u00f3n y especializaci\u00f3n de la moda y la artesan\u00eda flamenca, defendiendo valores como la manualidad, la excelencia de lo lento, el exquisito tacto de lo exclusivo y la diferencia. Entre sus objetivos se encuentran la unificaci\u00f3n del sector, la promoci\u00f3n de la artesan\u00eda y la reivindicaci\u00f3n de la costura como se\u00f1a de identidad, apostando por siluetas, tejidos y acabados que preservan la tradici\u00f3n y la autenticidad.<\/p>\n\n\n\n<p>La muestra est\u00e1 organizada por la Asociaci\u00f3n Qlamenco, con la colaboraci\u00f3n del Ayuntamiento de Sevilla, a trav\u00e9s del <strong>Instituto de la Cultura y las Artes de Sevilla<\/strong> (ICAS), y cuenta con el apoyo especial de Bodegas G\u00f3ngora, Blanco Azahar y Buhoneras Vintage.<\/p>\n","protected":false},"excerpt":{"rendered":"<p>Acoge las creaciones de 20 dise\u00f1adores y se puede visitar en la Casa Fabiola hasta el 30 de noviembre <a class=\"continue-reading-link\" href=\"https:\/\/lacronicadesevilla.es\/index.php\/2025\/09\/24\/la-fuerza-de-carmen-la-cigarrera-inspira-una-exposicion-de-moda-flamenca\/\"><\/a><\/p>\n","protected":false},"author":50,"featured_media":0,"comment_status":"closed","ping_status":"closed","sticky":false,"template":"","format":"standard","meta":{"footnotes":""},"categories":[12],"tags":[1644,196,73,1157,1643,1645,897,18],"class_list":["post-11251","post","type-post","status-publish","format-standard","hentry","category-cultura","tag-carmen","tag-centro","tag-exposicion","tag-horarios","tag-looking-for-carmen","tag-opera-2","tag-precio","tag-sevilla"],"_links":{"self":[{"href":"https:\/\/lacronicadesevilla.es\/index.php\/wp-json\/wp\/v2\/posts\/11251","targetHints":{"allow":["GET"]}}],"collection":[{"href":"https:\/\/lacronicadesevilla.es\/index.php\/wp-json\/wp\/v2\/posts"}],"about":[{"href":"https:\/\/lacronicadesevilla.es\/index.php\/wp-json\/wp\/v2\/types\/post"}],"author":[{"embeddable":true,"href":"https:\/\/lacronicadesevilla.es\/index.php\/wp-json\/wp\/v2\/users\/50"}],"replies":[{"embeddable":true,"href":"https:\/\/lacronicadesevilla.es\/index.php\/wp-json\/wp\/v2\/comments?post=11251"}],"version-history":[{"count":8,"href":"https:\/\/lacronicadesevilla.es\/index.php\/wp-json\/wp\/v2\/posts\/11251\/revisions"}],"predecessor-version":[{"id":11272,"href":"https:\/\/lacronicadesevilla.es\/index.php\/wp-json\/wp\/v2\/posts\/11251\/revisions\/11272"}],"wp:attachment":[{"href":"https:\/\/lacronicadesevilla.es\/index.php\/wp-json\/wp\/v2\/media?parent=11251"}],"wp:term":[{"taxonomy":"category","embeddable":true,"href":"https:\/\/lacronicadesevilla.es\/index.php\/wp-json\/wp\/v2\/categories?post=11251"},{"taxonomy":"post_tag","embeddable":true,"href":"https:\/\/lacronicadesevilla.es\/index.php\/wp-json\/wp\/v2\/tags?post=11251"}],"curies":[{"name":"wp","href":"https:\/\/api.w.org\/{rel}","templated":true}]}}