{"id":11273,"date":"2025-09-26T12:34:23","date_gmt":"2025-09-26T11:34:23","guid":{"rendered":"https:\/\/lacronicadesevilla.es\/?p=11273"},"modified":"2025-09-26T12:44:26","modified_gmt":"2025-09-26T11:44:26","slug":"el-castillo-de-la-monclova-escenario-de-los-premios-a-los-sobresalientes-del-turismo","status":"publish","type":"post","link":"https:\/\/lacronicadesevilla.es\/index.php\/2025\/09\/26\/el-castillo-de-la-monclova-escenario-de-los-premios-a-los-sobresalientes-del-turismo\/","title":{"rendered":"El Castillo de la Monclova, escenario de los premios a los &#8216;sobresalientes&#8217; del turismo"},"content":{"rendered":"\n<p><strong>Mil personas asistieron a la gala, promovida por la Diputaci\u00f3n de Sevilla y celebrada en la localidad de Fuentes de Andaluc\u00eda<\/strong><\/p>\n\n\n\n<!--more-->\n\n\n\n<p>La CR\u00d3NICA<\/p>\n\n\n\n<p>El Castillo de la Monclova, en la localidad de <strong>Fuentes de Andaluc\u00eda<\/strong>, acogi\u00f3 la Gala de la Diputaci\u00f3n de Sevilla para conmemorar el <strong>D\u00eda Mundial del Turismo<\/strong>, que se celebra el 27 de septiembre. Durante el acto se hicieron entrega de los <strong>II Premios Turismo de la Provincia a la Excelencia de las Personas<\/strong>, convocados por <strong>Prodetur<\/strong>, con los que se pretende reconocer el trabajo y los logros sobresalientes de personas vinculadas al sector tur\u00edstico sevillano.<\/p>\n\n\n\n<p>Fue una noche de celebraci\u00f3n, con un aforo completo de un millar de personas, que se desarroll\u00f3 a trav\u00e9s de un evento que estuvo presentado por los comunicadores Julio Mu\u00f1oz \u2018El Rancio\u2019 y Alejandra Cosgaya.<\/p>\n\n\n\n<p>Por segundo a\u00f1o consecutivo, durante la Gala del D\u00eda Mundial del Turismo se hicieron entrega de los Premios Turismo de la Provincia de Sevilla a la Excelencia de las Personas, unos galardones cuyo objetivo es reconocer el desempe\u00f1o sobresaliente de profesionales del sector tur\u00edstico. Se busca destacar a aquellas personas cuya labor, \u00e9tica y profesionalidad han tenido un impacto significativo en el desarrollo, promoci\u00f3n, posicionamiento y sostenibilidad del turismo en la provincia de Sevilla.<\/p>\n\n\n<div class=\"wp-block-image\">\n<figure class=\"aligncenter size-full\"><img loading=\"lazy\" decoding=\"async\" width=\"1000\" height=\"542\" src=\"https:\/\/lacronicadesevilla.es\/wp-content\/uploads\/2025\/09\/premios-turismo-sevilla-25.jpg\" alt=\"\" class=\"wp-image-11281\" srcset=\"https:\/\/lacronicadesevilla.es\/wp-content\/uploads\/2025\/09\/premios-turismo-sevilla-25.jpg 1000w, https:\/\/lacronicadesevilla.es\/wp-content\/uploads\/2025\/09\/premios-turismo-sevilla-25-300x163.jpg 300w, https:\/\/lacronicadesevilla.es\/wp-content\/uploads\/2025\/09\/premios-turismo-sevilla-25-768x416.jpg 768w, https:\/\/lacronicadesevilla.es\/wp-content\/uploads\/2025\/09\/premios-turismo-sevilla-25-646x350.jpg 646w, https:\/\/lacronicadesevilla.es\/wp-content\/uploads\/2025\/09\/premios-turismo-sevilla-25-150x81.jpg 150w\" sizes=\"auto, (max-width: 1000px) 100vw, 1000px\" \/><figcaption class=\"wp-element-caption\"><strong>Foto de familia de los galardonados con representantes de la Diputaci\u00f3n de Sevilla<\/strong><\/figcaption><\/figure>\n<\/div>\n\n\n<p>En esta l\u00ednea, los galardonados son Carlos Manuel Exp\u00f3sito Garc\u00eda, del Departamento de Reservas del Hotel Silken Al-\u00c1ndalus; Loli Ruiz Berm\u00fadez y Manolo Osuna Morata, propietarios de la Pensi\u00f3n y Restaurante Manolo, de Fuentes de Andaluc\u00eda; Guillermo M\u00e1rquez Fern\u00e1ndez, camarero del Hotel Ilunion Alcora; Manuela S\u00e1nchez Calder\u00f3n, jefa de RRHH del Hotel Col\u00f3n; Rafael Blas Salas Astorga, director de Marketing de El Palacio Andaluz &#8211; Cruceros Torre del Oro; Mar\u00eda Jim\u00e9nez Rodr\u00edguez, gerente de la Fundaci\u00f3n V\u00eda Verde de la Sierra; Salvador Vel\u00e1zquez Rend\u00f3n, expresidente de la Asociaci\u00f3n de Barman de Andaluc\u00eda Occidental; sor Luz Amparo Buitrago D\u00e1vila, cicerone del Convento de la Encarnaci\u00f3n de la Orden de la Merced, de Osuna; y Manuel Mac\u00edas Moreno, exdirector del Sevilla Congress &amp; Convention Bureau.<\/p>\n\n\n\n<p>Manuel Mac\u00edas, en nombre de los premiados, puso el acento en hacer \u201cel bien\u201d, que permite \u201cdesarrollarnos como profesionales, como embajadores de nuestra tierra\u201d. Y se\u00f1al\u00f3 que \u201ces conveniente que se sepa que todas esas personas, p\u00fablicamente o an\u00f3nimamente, delante o detr\u00e1s del negocio, son las que permiten que el engranaje del servicio tur\u00edstico fluya con calidad, con la hospitalidad que se espera del sur\u201d. Y todo ello sin complejos y prepar\u00e1ndonos mejor \u201cde cara un turismo en continua evoluci\u00f3n y con unos visitantes cada vez m\u00e1s exigentes\u201d.<\/p>\n\n\n\n<p><strong>\u00abUn turismo que nadie nos regala\u00bb<\/strong><br>El presidente de la Diputaci\u00f3n, Javier Fern\u00e1ndez, valor\u00f3 el \u201csalario emocional\u201d que recibe la gente cuando trabaja en el sector tur\u00edstico, \u201ccuando se hace feliz a la gente\u201d, y ahora se entregan estos premios, \u201cque les llenan de autoestima, que los autorrealizan y les hacen ser, algo, que, para nosotros, es fundamental\u201d.<\/p>\n\n\n\n<p>Fern\u00e1ndez indic\u00f3 que en esta provincia de dos millones de personas \u00abhay un turismo que nadie nos regala. Cuando un turista llega, tenemos que trabajarnos ese turismo, tenemos que dedicarle tiempo, porque no somos una provincia con costa, que se llega a un hotel y te ponen una pulsera\u201d. Pues  \u201ccuando se recoge a alguien en el aeropuerto, en Santa Justa o llega por carretera, tenemos que trabajar mucho, para que est\u00e9 contento, y se vaya hablando bien de nosotros, y desde ese bien hablar invitar a otros a vivir la experiencia\u201d.<\/p>\n\n\n\n<p>Por su parte, el vicepresidente de Prodetur, Rodrigo Rodr\u00edguez Hans, dijo que siempre hay que tener en cuenta el slogan \u2018Hay otra Sevilla\u2019, y reivindic\u00f3 la globalidad del turismo en todo el territorio sevillano, donde existe \u201cuna capital y una ciudad maravillosa, de la que presumimos, pero hay otra Sevilla, riqu\u00edsima, con una oferta tur\u00edstica, muy amplia y diversa, que vamos a seguir poniendo en valor\u201d.<\/p>\n\n\n\n<p>Y adem\u00e1s, hablando siempre de \u201cturismo en positivo, porque es una plataforma y una palanca de desarrollo social y econ\u00f3mico\u201d. Record\u00f3 que este sector mueve \u201cal 20% del Producto Interior Bruto\u201d, para citar la gran cantidad de \u201crincones de la provincia que se pueden disfrutar, que se visitan por s\u00ed mismos, porque el turismo de la provincia ya no es el del rebose de la capital, eso lo superamos hace mucho tiempo\u201d.<\/p>\n\n\n\n<p><strong>Pastora Soler y Manuel Lombo, embajadores de la provincia de Sevilla<\/strong><br>El broche de oro a esta noche de celebraci\u00f3n en torno al turismo lo pusieron los artistas sevillanos Pastora Soler y Manuel Lombo, quienes han colaborado en diferentes campa\u00f1as de promoci\u00f3n de la imagen de la provincia de Sevilla como destino tur\u00edstico. El cantante y compositor nazareno interpret\u00f3 \u2018Vibro\u2019, de Manuel Alejandro, y unas sevillanas de Manuel Pareja Obreg\u00f3n. Por su parte, la artista coriana desgran\u00f3 todo su arte con dos temas de su repertorio, \u201930 veces\u2019 y \u2018Sevilla\u2019.<\/p>\n\n\n\n<p><strong>Fuente de la informaci\u00f3n:<\/strong> Diputaci\u00f3n de Sevilla<\/p>\n","protected":false},"excerpt":{"rendered":"<p>Mil personas asistieron a la gala, promovida por la Diputaci\u00f3n de Sevilla y celebrada en la localidad de Fuentes de Andaluc\u00eda <a class=\"continue-reading-link\" href=\"https:\/\/lacronicadesevilla.es\/index.php\/2025\/09\/26\/el-castillo-de-la-monclova-escenario-de-los-premios-a-los-sobresalientes-del-turismo\/\"><\/a><\/p>\n","protected":false},"author":50,"featured_media":0,"comment_status":"closed","ping_status":"closed","sticky":false,"template":"","format":"standard","meta":{"footnotes":""},"categories":[9],"tags":[1652,1551,1653,938,1269,18,35],"class_list":["post-11273","post","type-post","status-publish","format-standard","hentry","category-sociedad","tag-dia-mundial-del-turismo","tag-fiesta","tag-fuentes-de-andalucia","tag-gala","tag-prodetur","tag-sevilla","tag-turismo"],"_links":{"self":[{"href":"https:\/\/lacronicadesevilla.es\/index.php\/wp-json\/wp\/v2\/posts\/11273","targetHints":{"allow":["GET"]}}],"collection":[{"href":"https:\/\/lacronicadesevilla.es\/index.php\/wp-json\/wp\/v2\/posts"}],"about":[{"href":"https:\/\/lacronicadesevilla.es\/index.php\/wp-json\/wp\/v2\/types\/post"}],"author":[{"embeddable":true,"href":"https:\/\/lacronicadesevilla.es\/index.php\/wp-json\/wp\/v2\/users\/50"}],"replies":[{"embeddable":true,"href":"https:\/\/lacronicadesevilla.es\/index.php\/wp-json\/wp\/v2\/comments?post=11273"}],"version-history":[{"count":15,"href":"https:\/\/lacronicadesevilla.es\/index.php\/wp-json\/wp\/v2\/posts\/11273\/revisions"}],"predecessor-version":[{"id":11289,"href":"https:\/\/lacronicadesevilla.es\/index.php\/wp-json\/wp\/v2\/posts\/11273\/revisions\/11289"}],"wp:attachment":[{"href":"https:\/\/lacronicadesevilla.es\/index.php\/wp-json\/wp\/v2\/media?parent=11273"}],"wp:term":[{"taxonomy":"category","embeddable":true,"href":"https:\/\/lacronicadesevilla.es\/index.php\/wp-json\/wp\/v2\/categories?post=11273"},{"taxonomy":"post_tag","embeddable":true,"href":"https:\/\/lacronicadesevilla.es\/index.php\/wp-json\/wp\/v2\/tags?post=11273"}],"curies":[{"name":"wp","href":"https:\/\/api.w.org\/{rel}","templated":true}]}}