{"id":11454,"date":"2025-10-24T11:39:06","date_gmt":"2025-10-24T10:39:06","guid":{"rendered":"https:\/\/lacronicadesevilla.es\/?p=11454"},"modified":"2025-10-24T12:11:28","modified_gmt":"2025-10-24T11:11:28","slug":"el-parque-de-consolacion-de-utrera-se-transformara-en-un-cementerio-para-halloween","status":"publish","type":"post","link":"https:\/\/lacronicadesevilla.es\/index.php\/2025\/10\/24\/el-parque-de-consolacion-de-utrera-se-transformara-en-un-cementerio-para-halloween\/","title":{"rendered":"El Parque de Consolaci\u00f3n de Utrera se transformar\u00e1 en un cementerio para Halloween"},"content":{"rendered":"\n<p><strong>Otra actividad es la actuaci\u00f3n de los humoristas Javier Aguilera y Carlos Men\u00ed con su\u00a0espect\u00e1culo titulado<em> Misi\u00f3n Impro-Sible<\/em><\/strong><\/p>\n\n\n\n<!--more-->\n\n\n\n<p>La CR\u00d3NICA<\/p>\n\n\n\n<p><strong>Utrera<\/strong> ya se prepara para vivir la noche m\u00e1s terror\u00edfica del a\u00f1o. Tras el \u00e9xito cosechado en la pasada edici\u00f3n, la delegaci\u00f3n municipal de Juventud trabaja en la puesta en marcha de actividades que podr\u00e1n ser disfrutadas por locales y for\u00e1neos con motivo de la celebraci\u00f3n de <strong>Halloween<\/strong> durante la madrugada del pr\u00f3ximo 1 de noviembre.<\/p>\n\n\n\n<p>Uno de los eventos m\u00e1s esperados es el <strong>Pasaje del Terror<\/strong>, que volver\u00e1 a tener lugar en el <strong>Parque de Consolaci\u00f3n<\/strong>, pero con un recorrido y una ambientaci\u00f3n renovados, m\u00e1s inmersivos y con m\u00e1s sorpresas. El espacio, ubicado junto al bar Minipar, se transformar\u00e1 en un cementerio con sus l\u00e1pidas, panteones g\u00f3ticos, \u00e1rboles siniestros y efectos audiovisuales, que transportar\u00e1n al visitante a un mundo de miedo y fantas\u00eda.<\/p>\n\n\n\n<p>El pasaje estar\u00e1 abierto los d\u00edas 30 y 31 de octubre y 1 de noviembre, en horario de 19:00 a 22:30 horas, con <strong>entrada libre y gratuita<\/strong> hasta completar aforo. Los grupos de acceso ser\u00e1n de 20 personas, garantizando as\u00ed una experiencia segura y controlada para los asistentes.<\/p>\n\n\n<div class=\"wp-block-image\">\n<figure class=\"aligncenter size-full is-resized\"><img loading=\"lazy\" decoding=\"async\" width=\"650\" height=\"950\" src=\"https:\/\/lacronicadesevilla.es\/wp-content\/uploads\/2025\/10\/programacion_halloween.jpg\" alt=\"\" class=\"wp-image-11455\" style=\"width:400px;height:auto\" srcset=\"https:\/\/lacronicadesevilla.es\/wp-content\/uploads\/2025\/10\/programacion_halloween.jpg 650w, https:\/\/lacronicadesevilla.es\/wp-content\/uploads\/2025\/10\/programacion_halloween-205x300.jpg 205w, https:\/\/lacronicadesevilla.es\/wp-content\/uploads\/2025\/10\/programacion_halloween-239x350.jpg 239w, https:\/\/lacronicadesevilla.es\/wp-content\/uploads\/2025\/10\/programacion_halloween-103x150.jpg 103w\" sizes=\"auto, (max-width: 650px) 100vw, 650px\" \/><figcaption class=\"wp-element-caption\"><strong>Cartel del programa de Halloween en Utrera<\/strong><\/figcaption><\/figure>\n<\/div>\n\n\n<p>Por otro lado, los humoristas <strong>Javier Aguilera y Carlos Men\u00ed <\/strong>repiten en el <strong>Teatro Municipal<\/strong> con un nuevo espect\u00e1culo, titulado <em>Misi\u00f3n Impro-Sible<\/em>, que es una divertida mezcla de humor, improvisaci\u00f3n y parodia, con situaciones y pruebas imposibles, de ah\u00ed su nombre, que har\u00e1n re\u00edr a la audiencia. La obra destaca por la alta interacci\u00f3n con el p\u00fablico, un sello caracter\u00edstico de estos ingeniosos artistas con miles de seguidores en redes sociales. La funci\u00f3n tendr\u00e1 lugar el domingo 2 de noviembre a las 19:00 horas, y las&nbsp; entradas ya est\u00e1n disponibles a trav\u00e9s de la plataforma Giglon.<\/p>\n\n\n\n<p>Sobre el programa de Halloween, el delegado de Juventud, Israel Bascon, se\u00f1ala que la intenci\u00f3n es que \u201cla gente disfrute del puente de noviembre en nuestra ciudad\u201d, especialmente los m\u00e1s j\u00f3venes por ser los&nbsp;que m\u00e1s celebran esta fiesta. A\u00f1ade que con estas iniciativas tambi\u00e9n se busca que \u201cnos visiten personas de otras poblaciones, haciendo de Utrera un destino durante el puente de Todos los Santos\u201d.<\/p>\n","protected":false},"excerpt":{"rendered":"<p>Otra actividad es la actuaci\u00f3n de los humoristas Javier Aguilera y Carlos Men\u00ed con su\u00a0espect\u00e1culo titulado Misi\u00f3n Impro-Sible <a class=\"continue-reading-link\" href=\"https:\/\/lacronicadesevilla.es\/index.php\/2025\/10\/24\/el-parque-de-consolacion-de-utrera-se-transformara-en-un-cementerio-para-halloween\/\"><\/a><\/p>\n","protected":false},"author":50,"featured_media":0,"comment_status":"closed","ping_status":"closed","sticky":false,"template":"","format":"standard","meta":{"footnotes":""},"categories":[9],"tags":[543,261,1693,1091,18,776],"class_list":["post-11454","post","type-post","status-publish","format-standard","hentry","category-sociedad","tag-entradas","tag-halloween","tag-pasaje-del-terror","tag-precios","tag-sevilla","tag-utrera"],"_links":{"self":[{"href":"https:\/\/lacronicadesevilla.es\/index.php\/wp-json\/wp\/v2\/posts\/11454","targetHints":{"allow":["GET"]}}],"collection":[{"href":"https:\/\/lacronicadesevilla.es\/index.php\/wp-json\/wp\/v2\/posts"}],"about":[{"href":"https:\/\/lacronicadesevilla.es\/index.php\/wp-json\/wp\/v2\/types\/post"}],"author":[{"embeddable":true,"href":"https:\/\/lacronicadesevilla.es\/index.php\/wp-json\/wp\/v2\/users\/50"}],"replies":[{"embeddable":true,"href":"https:\/\/lacronicadesevilla.es\/index.php\/wp-json\/wp\/v2\/comments?post=11454"}],"version-history":[{"count":3,"href":"https:\/\/lacronicadesevilla.es\/index.php\/wp-json\/wp\/v2\/posts\/11454\/revisions"}],"predecessor-version":[{"id":11458,"href":"https:\/\/lacronicadesevilla.es\/index.php\/wp-json\/wp\/v2\/posts\/11454\/revisions\/11458"}],"wp:attachment":[{"href":"https:\/\/lacronicadesevilla.es\/index.php\/wp-json\/wp\/v2\/media?parent=11454"}],"wp:term":[{"taxonomy":"category","embeddable":true,"href":"https:\/\/lacronicadesevilla.es\/index.php\/wp-json\/wp\/v2\/categories?post=11454"},{"taxonomy":"post_tag","embeddable":true,"href":"https:\/\/lacronicadesevilla.es\/index.php\/wp-json\/wp\/v2\/tags?post=11454"}],"curies":[{"name":"wp","href":"https:\/\/api.w.org\/{rel}","templated":true}]}}