{"id":11735,"date":"2025-12-04T13:38:42","date_gmt":"2025-12-04T12:38:42","guid":{"rendered":"https:\/\/lacronicadesevilla.es\/?p=11735"},"modified":"2025-12-09T09:34:25","modified_gmt":"2025-12-09T08:34:25","slug":"ruta-por-seis-belenes-vivientes-y-monumentales-de-la-provincia-de-sevilla","status":"publish","type":"post","link":"https:\/\/lacronicadesevilla.es\/index.php\/2025\/12\/04\/ruta-por-seis-belenes-vivientes-y-monumentales-de-la-provincia-de-sevilla\/","title":{"rendered":"Una ruta por seis belenes vivientes y monumentales de la provincia de Sevilla"},"content":{"rendered":"\n<p><strong>Figurantes, decorados y escenas b\u00edblicas recrean la Navidad en la calles de Sanl\u00facar la Mayor, Gelves, Alcal\u00e1 del R\u00edo, Santiponce y El Castillo de las Guardas<\/strong><\/p>\n\n\n<div class=\"wp-block-image\">\n<figure class=\"aligncenter size-full\"><img loading=\"lazy\" decoding=\"async\" width=\"1000\" height=\"563\" src=\"https:\/\/lacronicadesevilla.es\/wp-content\/uploads\/2025\/12\/belen-sanlucar-mayor.jpg\" alt=\"\" class=\"wp-image-11741\" srcset=\"https:\/\/lacronicadesevilla.es\/wp-content\/uploads\/2025\/12\/belen-sanlucar-mayor.jpg 1000w, https:\/\/lacronicadesevilla.es\/wp-content\/uploads\/2025\/12\/belen-sanlucar-mayor-300x169.jpg 300w, https:\/\/lacronicadesevilla.es\/wp-content\/uploads\/2025\/12\/belen-sanlucar-mayor-768x432.jpg 768w, https:\/\/lacronicadesevilla.es\/wp-content\/uploads\/2025\/12\/belen-sanlucar-mayor-622x350.jpg 622w, https:\/\/lacronicadesevilla.es\/wp-content\/uploads\/2025\/12\/belen-sanlucar-mayor-150x84.jpg 150w\" sizes=\"auto, (max-width: 1000px) 100vw, 1000px\" \/><figcaption class=\"wp-element-caption\"><strong>Bel\u00e9n de Sanl\u00facar la Mayor<\/strong> \/ @belenvivienteslm<\/figcaption><\/figure>\n<\/div>\n\n\n<!--more-->\n\n\n\n<p>Luna TORO<\/p>\n\n\n\n<p>M\u00e1s all\u00e1 de la tradici\u00f3n cristiana, de indudable importancia, los <strong>belenes<\/strong> se han convertido en referentes tur\u00edsticos y solidarios, que atraen cada a\u00f1o a numeroso visitantes, que pueden apreciar el trabajo realizado por hermandades, ayuntamientos y voluntarios.<\/p>\n\n\n\n<p>Ha aqu\u00ed una muestra de <strong>seis belenes de la provincia de Sevilla<\/strong>, que son especialmente significativos por su dimensiones y su espectacularidad: los belenes vivientes de Sanl\u00facar la Mayor, Alcal\u00e1 del R\u00edo, El Castillo de las Guardas y Gelves; el Bel\u00e9n Monumental de Alcal\u00e1 del R\u00edo; y el Bel\u00e9n Nazareno de Santiponce.<\/p>\n\n\n\n<p>El <strong>bel\u00e9n viviente de Sanl\u00facar la Mayor<\/strong> celebra su d\u00e9cima edici\u00f3n siendo de los m\u00e1s visitados en Espa\u00f1a, con casi 40.000 visitantes en los \u00faltimos a\u00f1os. Esta Navidad presenta, como novedad, un t\u00fanel inspirado en la Puerta del Sol de la Iglesia de San Pedro, que act\u00faa como un pasaje simb\u00f3lico entre el presente y la Judea b\u00edblica de hace m\u00e1s de 2.000 a\u00f1os. El recinto cuenta con 12.000 metros cuadrados y m\u00e1s de 1.500 metros lineales de decorados con nuevas casas. Respecto a la puesta en escena, <strong>m\u00e1s de 300 figurantes, artesanos y animales<\/strong> recrean un ambiente realista.<\/p>\n\n\n\n<p>Se inaugura el 6 de diciembre, con un pasacalles desde la Plaza de San Pedro, y en el corte de cinta contar\u00e1n con la participaci\u00f3n de la asociaci\u00f3n Andex de Padres de Ni\u00f1os con C\u00e1ncer de Andaluc\u00eda. Permanece abierto los d\u00edas 6, 7, 8, 12, 13 y 14 de diciembre en horario de 16:30 a 20:30 horas.<\/p>\n\n\n\n<p>Por su parte, el <strong>bel\u00e9n viviente teatralizado de Gelves<\/strong> tendr\u00e1 lugar los d\u00edas 13 y 14 de diciembre en el Parque Municipal del Pandero. Cuenta con <strong>17 escenas y casi 90 figurantes<\/strong>, que representan sus respectivos papeles en decorados elaborados de manera totalmente artesanal. La entrada tiene un precio simb\u00f3lico de 2,50 euros, que se destinar\u00e1n a C\u00e1ritas Parroquiales y Regina Mundi, remarcando su car\u00e1cter solidario. Se trata de un recorrido guiado, que concluye con una degustaci\u00f3n de productos navide\u00f1os. Como novedad, esta edici\u00f3n se incorpora un elemento original para hacer la experiencia a\u00fan m\u00e1s entra\u00f1able. As\u00ed pues, los visitantes podr\u00e1n \u2018empadronarse\u2019 simb\u00f3licamente en \u2018Gelduba\u2019, recuperando el nombre hist\u00f3rico del municipio.\u00b4<\/p>\n\n\n\n<p><strong>Un bel\u00e9n monumental y otro viviente en Alcal\u00e1 del R\u00edo<\/strong><br>El municipio sevillano de Alcal\u00e1 del R\u00edo vive la navidad a lo grande con dos importantes belenes. El monumental de la <strong>Hermandad de la Vera-Cruz<\/strong> vuelve a instalarse en el Edificio Vera-Cruz, bajo la direcci\u00f3n art\u00edstica del escultor Manuel Mazuecos Garc\u00eda. Sus casi <strong>200 figuras representan a cofrades reales, oficios tradicionales y escenas b\u00edblicas<\/strong>, adem\u00e1s de recrear edificios y enclaves emblem\u00e1ticos del pueblo. Se puede visitar en diciembre y enero y la entrada es gratuita.<\/p>\n\n\n\n<p>Mientras que durante el puente festivo de 6, 7 y 8 de diciembre es posible visitar la 19\u00aa edici\u00f3n de <strong>\u2018Sucedi\u00f3 en Bel\u00e9n\u2019, el bel\u00e9n viviente m\u00e1s veterano de la provincia<\/strong>. Se trata de una representaci\u00f3n singular, que toma como escenario las calles del casco hist\u00f3rico de Alcal\u00e1 del R\u00edo para viajar en el tiempo y situar a las personas espectadoras en Judea, al principio de nuestra era, para presenciar la venida al mundo de Jes\u00fas de Nazaret.<\/p>\n\n\n\n<p>Cuenta en esta edici\u00f3n con un total de 93 pases, distribuidos a lo largo de los tres d\u00edas, por franjas horarias, <strong>desde la ma\u00f1ana del s\u00e1bado 6 hasta la tarde del lunes 8 de diciembre<\/strong>. De forma desglosada, ser\u00e1n 33 funciones el s\u00e1bado 6, 40 el domingo 7, y 20 el lunes d\u00eda 8. Las entradas se pueden adquirir a trav\u00e9s de la <a href=\"http:\/\/www.lasoledad.org\" target=\"_blank\" rel=\"noreferrer noopener\">venta online<\/a>. La web ofrece informaci\u00f3n de inter\u00e9s sobre la representaci\u00f3n, d\u00f3nde aparcar y c\u00f3mo llegar a la entrada de la representaci\u00f3n.<\/p>\n\n\n\n<p>Este bel\u00e9n se representa en el coraz\u00f3n de la localidad, en pleno casco hist\u00f3rico. No es un recinto creado al efecto ni fuera del n\u00facleo de poblaci\u00f3n, sino que es un \u00e1rea de m\u00e1s de 8.000 metros cuadrados, integrada por las calles y plazas donde se desarrolla la vida diaria del pueblo. Una ciudad ef\u00edmera dentro de la propia ciudad, que se levanta en un d\u00eda y se desmonta en una tarde, para interferir lo menos posible en la cotidianidad de los vecinos.<\/p>\n\n\n\n<p>Mediante un plausible trabajo de organizaci\u00f3n y log\u00edstica, se consigue transformar calles de reminiscencia \u00e1rabe \u2013 ya que este era el n\u00facleo poblacional en \u00e9poca de dominaci\u00f3n musulmana \u2013, de calles estrechas y sinuosas, para recrear las ciudades de Nazaret y Bel\u00e9n de hace dos milenios.<\/p>\n\n\n\n<p>Se trata de una representaci\u00f3n itinerante. Por ello, la visita a \u2018Sucedi\u00f3 en Bel\u00e9n\u2019 se desarrolla a modo de <strong>paseo, en grupo y con la compa\u00f1\u00eda de un narrador<\/strong>, que ejerce de hilo conductor de la historia y da paso a la representaci\u00f3n de cada escena. A lo largo del itinerario, de algo m\u00e1s de un kil\u00f3metro, totalmente accesible, van encontr\u00e1ndose monumentos y vestigios hist\u00f3ricos \u2013 los restos del antiguo alc\u00e1zar \u00e1rabe, la parroquia y su torre mud\u00e9jar \u2013 as\u00ed como vistas privilegiadas de la Vega del Guadalquivir.<\/p>\n\n\n\n<p>Desde la Anunciaci\u00f3n a la Virgen hasta la adoraci\u00f3n de los Magos de Oriente al Ni\u00f1o en el portal, las escenas del bel\u00e9n consiguen la inmersi\u00f3n del espectador en el relato, le dan continuidad a \u00e9ste y logran enriquecer la experiencia de la visita. No faltan hebreos y hebreas de todas las edades, predominando en sus ropajes el color morado propio de la Hermandad; los \u00fatiles, herramientas y aperos de otras \u00e9pocas; animales de todo tipo; as\u00ed como hogueras y hogares, donde se cocinan viandas.<\/p>\n\n\n<div class=\"wp-block-image\">\n<figure class=\"aligncenter size-full\"><img loading=\"lazy\" decoding=\"async\" width=\"549\" height=\"550\" src=\"https:\/\/lacronicadesevilla.es\/wp-content\/uploads\/2025\/12\/belen-santiponce.png\" alt=\"\" class=\"wp-image-11740\" srcset=\"https:\/\/lacronicadesevilla.es\/wp-content\/uploads\/2025\/12\/belen-santiponce.png 549w, https:\/\/lacronicadesevilla.es\/wp-content\/uploads\/2025\/12\/belen-santiponce-300x300.png 300w, https:\/\/lacronicadesevilla.es\/wp-content\/uploads\/2025\/12\/belen-santiponce-150x150.png 150w, https:\/\/lacronicadesevilla.es\/wp-content\/uploads\/2025\/12\/belen-santiponce-349x350.png 349w\" sizes=\"auto, (max-width: 549px) 100vw, 549px\" \/><figcaption class=\"wp-element-caption\"><strong>Detalle del cartel del bel\u00e9n viviente de Santiponce 2025<\/strong><\/figcaption><\/figure>\n<\/div>\n\n\n<p><strong>El r\u00edo y el huerto, dos escenarios claves en el bel\u00e9n de El Castillo de las Guardas<\/strong><br>Gracias a su enclave en uno de los monumentos m\u00e1s importantes de la localidad, como es el Mirador del Castillo, el bel\u00e9n de El Castillo de las Guardas se integra de manera \u00fanica con las casas del pueblo, haci\u00e9ndolas part\u00edcipes del recorrido, y se fusiona con el entorno natural de dehesa y ganader\u00eda que caracteriza al municipio.<\/p>\n\n\n\n<p>Entre las novedades, figuran cambios en la decoraci\u00f3n y la incorporaci\u00f3n de una herrer\u00eda, donde el visitante podr\u00e1 conocer de primera mano su funci\u00f3n e incluso interactuar durante la visita. Adem\u00e1s, en el templo que se divisa desde todos los puntos del pueblo, se contar\u00e1 con una decoraci\u00f3n que llevar\u00e1 directamente a integrarse en el interior.<\/p>\n\n\n\n<p>Tal y como explican desde el Ayuntamiento, la escenograf\u00eda de este bel\u00e9n se divide en tres partes: <strong>la era, el pueblo de Nazaret y Bel\u00e9n<\/strong>. Puntos clave del recorrido son el r\u00edo y el huerto, donde pescadores y lavanderas recrean escenas cotidianas de la \u00e9poca; y &nbsp;se explica la tradici\u00f3n local sobre la siembra. Justo al lado se ubica la zona dedicada a la ganader\u00eda.<\/p>\n\n\n\n<p>Una \u00faltima recomendaci\u00f3n es el <strong>Bel\u00e9n Nazareno de Santiponce<\/strong>, que ofrece una experiencia inmersiva junto al <strong>Teatro Romano de It\u00e1lica los d\u00edas 20 y 21 de diciembre<\/strong>. Est\u00e1 organizado por la Asociaci\u00f3n Juventud Nazarena y la Hermandad del Rosario, con la colaboraci\u00f3n del Ayuntamiento.<\/p>\n\n\n\n<p>Este bel\u00e9n viviente re\u00fane m\u00e1s de 250 figurantes, que act\u00faan en un espacio escenografiado que representa a una ciudad con palacios, puentes, r\u00edos, cascadas y recreaciones de oficios antiguos. Consta de <strong>30 escenas<\/strong>, entre las que figura la denominada \u2018Luz de la Paz de Bel\u00e9n\u2019\u2019. Es considerado por los visitantes como uno de los grandes atractivos navide\u00f1os del Aljarafe,&nbsp; y est\u00e1 reconocido por su calidad por la Asociaci\u00f3n Belenista de Sevilla.<\/p>\n\n\n\n<p>Las entradas para este bel\u00e9n de Santiponce se pueden adquirir hasta el 19 de diciembre en la Casa de Hermandad o mediante reserva <em>online<\/em> hasta el 17 de diciembre. El donativo es de 4 euros en las entradas que se hagan por compra anticipada y de 5 euros, si se obtienen el d\u00eda de la representaci\u00f3n.<\/p>\n","protected":false},"excerpt":{"rendered":"<p>Figurantes, decorados y escenas b\u00edblicas recrean la Navidad en la calles de Sanl\u00facar la Mayor, Gelves, Alcal\u00e1 del R\u00edo, Santiponce y El Castillo de las Guardas <a class=\"continue-reading-link\" href=\"https:\/\/lacronicadesevilla.es\/index.php\/2025\/12\/04\/ruta-por-seis-belenes-vivientes-y-monumentales-de-la-provincia-de-sevilla\/\"><\/a><\/p>\n","protected":false},"author":50,"featured_media":0,"comment_status":"closed","ping_status":"closed","sticky":false,"template":"","format":"standard","meta":{"footnotes":""},"categories":[12],"tags":[1761,1757,1759,1758,543,1528,1762,82,1763,1760,18],"class_list":["post-11735","post","type-post","status-publish","format-standard","hentry","category-cultura","tag-alcala-del-rio","tag-belen","tag-belen-viviente","tag-belenes","tag-entradas","tag-fechas","tag-gelves","tag-navidad","tag-sanlucar-la-mayor","tag-santiponde","tag-sevilla"],"_links":{"self":[{"href":"https:\/\/lacronicadesevilla.es\/index.php\/wp-json\/wp\/v2\/posts\/11735","targetHints":{"allow":["GET"]}}],"collection":[{"href":"https:\/\/lacronicadesevilla.es\/index.php\/wp-json\/wp\/v2\/posts"}],"about":[{"href":"https:\/\/lacronicadesevilla.es\/index.php\/wp-json\/wp\/v2\/types\/post"}],"author":[{"embeddable":true,"href":"https:\/\/lacronicadesevilla.es\/index.php\/wp-json\/wp\/v2\/users\/50"}],"replies":[{"embeddable":true,"href":"https:\/\/lacronicadesevilla.es\/index.php\/wp-json\/wp\/v2\/comments?post=11735"}],"version-history":[{"count":19,"href":"https:\/\/lacronicadesevilla.es\/index.php\/wp-json\/wp\/v2\/posts\/11735\/revisions"}],"predecessor-version":[{"id":11757,"href":"https:\/\/lacronicadesevilla.es\/index.php\/wp-json\/wp\/v2\/posts\/11735\/revisions\/11757"}],"wp:attachment":[{"href":"https:\/\/lacronicadesevilla.es\/index.php\/wp-json\/wp\/v2\/media?parent=11735"}],"wp:term":[{"taxonomy":"category","embeddable":true,"href":"https:\/\/lacronicadesevilla.es\/index.php\/wp-json\/wp\/v2\/categories?post=11735"},{"taxonomy":"post_tag","embeddable":true,"href":"https:\/\/lacronicadesevilla.es\/index.php\/wp-json\/wp\/v2\/tags?post=11735"}],"curies":[{"name":"wp","href":"https:\/\/api.w.org\/{rel}","templated":true}]}}