{"id":11795,"date":"2025-12-12T10:57:01","date_gmt":"2025-12-12T09:57:01","guid":{"rendered":"https:\/\/lacronicadesevilla.es\/?p=11795"},"modified":"2025-12-12T11:06:08","modified_gmt":"2025-12-12T10:06:08","slug":"el-bellas-artes-acoge-la-exposicion-mas-completa-sobre-la-saga-artistica-de-los-becquer","status":"publish","type":"post","link":"https:\/\/lacronicadesevilla.es\/index.php\/2025\/12\/12\/el-bellas-artes-acoge-la-exposicion-mas-completa-sobre-la-saga-artistica-de-los-becquer\/","title":{"rendered":"El Bellas Artes acoge la exposici\u00f3n m\u00e1s completa sobre la saga art\u00edstica de los B\u00e9cquer\u00a0"},"content":{"rendered":"\n<p><strong>La muestra, que se puede visitar hasta el 15 de marzo, se compone de 65 \u00f3leos, 83 dibujos, acuarelas y litograf\u00edas, cinco \u00e1lbumes y dos libros&nbsp;<\/strong><\/p>\n\n\n<div class=\"wp-block-image\">\n<figure class=\"aligncenter size-full\"><img loading=\"lazy\" decoding=\"async\" width=\"900\" height=\"538\" src=\"https:\/\/lacronicadesevilla.es\/wp-content\/uploads\/2025\/12\/exposicion-becquer-1.png\" alt=\"\" class=\"wp-image-11825\" srcset=\"https:\/\/lacronicadesevilla.es\/wp-content\/uploads\/2025\/12\/exposicion-becquer-1.png 900w, https:\/\/lacronicadesevilla.es\/wp-content\/uploads\/2025\/12\/exposicion-becquer-1-300x179.png 300w, https:\/\/lacronicadesevilla.es\/wp-content\/uploads\/2025\/12\/exposicion-becquer-1-768x459.png 768w, https:\/\/lacronicadesevilla.es\/wp-content\/uploads\/2025\/12\/exposicion-becquer-1-586x350.png 586w, https:\/\/lacronicadesevilla.es\/wp-content\/uploads\/2025\/12\/exposicion-becquer-1-150x90.png 150w\" sizes=\"auto, (max-width: 900px) 100vw, 900px\" \/><figcaption class=\"wp-element-caption\"><strong>Plaza de la Maestranza, de Joaqu\u00edn D. B\u00e9cquer<\/strong><\/figcaption><\/figure>\n<\/div>\n\n\n<!--more-->\n\n\n\n<p>La CR\u00d3NICA<\/p>\n\n\n\n<p>La <strong>exposici\u00f3n temporal <em>Los B\u00e9cquer, un linaje de artistas<\/em><\/strong> re\u00fane en el <strong>Museo de Bellas Artes de Sevilla<\/strong>, hasta el 15 de marzo de 2026, m\u00e1s de <strong>150 obras<\/strong>, entre \u00f3leos, dibujos, acuarelas y litograf\u00edas, de la familia B\u00e9cquer. Merecen esta muestra por tratarse de \u201cuna de las sagas de creadores m\u00e1s singulares y prol\u00edficas de las d\u00e9cadas centrales del siglo XIX, cuya maestr\u00eda contribuy\u00f3 de forma notable a la fijaci\u00f3n del imaginario pict\u00f3rico rom\u00e1ntico\u201d, se\u00f1al\u00f3 la consejera Cultura y Deporte, Patricia del Pozo, durante la inauguraci\u00f3n.<\/p>\n\n\n\n<p>Para Del Pozo, la exposici\u00f3n ofrece \u201cuna oportunidad \u00fanica para conocer en profundidad el legado pict\u00f3rico de esta familia, compuesta por Jos\u00e9 Dom\u00ednguez Insausti, iniciador del grupo; su primo, el pintor costumbrista Joaqu\u00edn Dom\u00ednguez B\u00e9cquer; y Valeriano y Gustavo Adolfo, hijos del primero y formados en la t\u00e9cnica de la pintura y el dibujo en el taller del segundo\u201d. Asimismo, esta recopilaci\u00f3n supone \u201cun acercamiento m\u00e1s detallado a la desconocida faceta como dibujante del autor de \u2018Rimas y leyendas\u2019, al incluir algunos dibujos in\u00e9ditos\u201d, a\u00f1ade la titular de Cultura.&nbsp;&nbsp;&nbsp;<\/p>\n\n\n\n<p>M\u00e1s de una decena de instituciones y colecciones p\u00fablicas y privadas andaluzas, nacionales y europeas han prestado obras, que se han sumado a las importantes piezas que ya custodia la pinacoteca de Sevilla. El recorrido expositivo, dividido en cinco \u00e1mbitos, posibilita al visitante tanto apreciar las singularidades de los trazos de cada uno de los cuatro artistas, como vislumbrar algunas de las caracter\u00edsticas comunes a todos ellos, como su contribuci\u00f3n al costumbrismo.&nbsp;<\/p>\n\n\n\n<p>En concreto, la muestra se compone de <strong>65 \u00f3leos, 83 dibujos, acuarelas y litograf\u00edas, cinco \u00e1lbumes y dos libros<\/strong> procedentes de los fondos propios del Museo de Bellas Artes de Sevilla, as\u00ed como de pr\u00e9stamos de particulares y museos, entre los que destacan el Mus\u00e9e Bonnat-Helleu de Bayona, (Francia), el Museo Nacional del Prado, el Museo San Telmo de San Sebasti\u00e1n, el Museo Nacional del Romanticismo, la Biblioteca Nacional, el Museo Carmen Thyssen de M\u00e1laga, el Museo de C\u00e1diz y el Ayuntamiento de Sevilla.&nbsp;<\/p>\n\n\n<div class=\"wp-block-image\">\n<figure class=\"aligncenter size-full\"><img loading=\"lazy\" decoding=\"async\" width=\"1000\" height=\"635\" src=\"https:\/\/lacronicadesevilla.es\/wp-content\/uploads\/2025\/12\/inauguracion_expo-becquer.jpg\" alt=\"\" class=\"wp-image-11826\" srcset=\"https:\/\/lacronicadesevilla.es\/wp-content\/uploads\/2025\/12\/inauguracion_expo-becquer.jpg 1000w, https:\/\/lacronicadesevilla.es\/wp-content\/uploads\/2025\/12\/inauguracion_expo-becquer-300x191.jpg 300w, https:\/\/lacronicadesevilla.es\/wp-content\/uploads\/2025\/12\/inauguracion_expo-becquer-768x488.jpg 768w, https:\/\/lacronicadesevilla.es\/wp-content\/uploads\/2025\/12\/inauguracion_expo-becquer-551x350.jpg 551w, https:\/\/lacronicadesevilla.es\/wp-content\/uploads\/2025\/12\/inauguracion_expo-becquer-150x95.jpg 150w\" sizes=\"auto, (max-width: 1000px) 100vw, 1000px\" \/><figcaption class=\"wp-element-caption\"><strong>La consejera de Cultura, Patricia del Pozo, en un momento de la inauguraci\u00f3n de la muestra<\/strong><\/figcaption><\/figure>\n<\/div>\n\n\n<p><strong>Un recorrido por cinco \u00e1mbitos expositivos&nbsp;&nbsp;<\/strong><br>Estructurada en cinco espacios, el primero se centra en el iniciador de la saga, <strong>Jos\u00e9 Dom\u00ednguez B\u00e9cquer<\/strong> y en la eclosi\u00f3n de su producci\u00f3n durante la d\u00e9cada de 1830. En estos a\u00f1os experimenta una gran difusi\u00f3n de su obra. Varios cuadros ejemplifican su dominio en la pintura de asuntos y costumbres populares como \u2018Escena galante\u2019 (colecci\u00f3n Manuel Pi\u00f1anes), \u2019Partida de naipes\u2019 (Ayuntamiento de Sevilla, Colecci\u00f3n Bellver) y \u2018Baile en una venta\u2019 (Colecci\u00f3n Abell\u00f3).<\/p>\n\n\n\n<p>El segundo \u00e1mbito est\u00e1 dedicado a la obra de <strong>Joaqu\u00edn Dom\u00ednguez B\u00e9cquer<\/strong>, disc\u00edpulo y heredero de Jos\u00e9, quien culmina la obra que este no pudo continuar por su prematura muerte. Fija y perfecciona una pintura de costumbres que se caracteriza por una idealizaci\u00f3n del pueblo que, en sus mejores obras, sabe enmarcar con la belleza de los monumentos de Sevilla. La figura de Joaqu\u00edn es fundamental en la Sevilla de la \u00e9poca de Isabel II.<\/p>\n\n\n\n<p>En esta secci\u00f3n se exponen algunas de sus obras m\u00e1s emblem\u00e1ticas como su \u2018Autorretrato\u2019 (colecci\u00f3n particular, Sevilla), \u2018La Feria de Sevilla\u2019, \u2018Baile en exterior de una venta\u2019 (Museo Carmen Thyssen, M\u00e1laga), \u2018El Patio de Doncellas del Alc\u00e1zar de Sevilla\u2019 (colecci\u00f3n particular, Sevilla) o las tres obras procedentes del Museo de San Telmo de San Sebasti\u00e1n: \u2018La plaza de San Francisco al paso de la Cofrad\u00eda de Nuestro Padre Jes\u00fas de la Pasi\u00f3n\u2019, \u2018Plaza de la Real Maestranza de Sevilla\u2019 y \u2018La Cruz del Campo\u2019.<\/p>\n\n\n\n<p>El tercer \u00e1mbito se destina exclusivamente a la producci\u00f3n de <strong>obra sobre papel: dibujos, acuarelas y litograf\u00edas de Jos\u00e9, Joaqu\u00edn y Valeriano<\/strong>. Concebido a modo de gabinete, re\u00fane la mayor selecci\u00f3n de obra gr\u00e1fica de Jos\u00e9 B\u00e9cquer: 22 acuarelas originales que permiten reconstruir el m\u00e9todo de trabajo del artista. Estas acuarelas eran adquiridas en Sevilla por viajeros extranjeros, principalmente franceses e ingleses, y plasmadas en litograf\u00edas. De este modo se difunden en Europa, mediante el empleo de la litograf\u00eda, los tipos andaluces, sus costumbres y monumentos entre un p\u00fablico cada vez m\u00e1s interesado por lo espa\u00f1ol. Destacan las series de litograf\u00edas que reproduc\u00edan personajes populares andaluces, realizadas en Francia e Inglaterra a trav\u00e9s de Goupil-Vibert (Dev\u00e9ria), Bulla (Bayot) y del Andalusian Annual (Gaucci).<\/p>\n\n\n\n<figure class=\"wp-block-gallery has-nested-images columns-default is-cropped wp-block-gallery-1 is-layout-flex wp-block-gallery-is-layout-flex\">\n<figure class=\"wp-block-image size-large\"><img loading=\"lazy\" decoding=\"async\" width=\"550\" height=\"724\" data-id=\"11828\" src=\"https:\/\/lacronicadesevilla.es\/wp-content\/uploads\/2025\/12\/exposicion-becquer-2.png\" alt=\"\" class=\"wp-image-11828\" srcset=\"https:\/\/lacronicadesevilla.es\/wp-content\/uploads\/2025\/12\/exposicion-becquer-2.png 550w, https:\/\/lacronicadesevilla.es\/wp-content\/uploads\/2025\/12\/exposicion-becquer-2-228x300.png 228w, https:\/\/lacronicadesevilla.es\/wp-content\/uploads\/2025\/12\/exposicion-becquer-2-266x350.png 266w, https:\/\/lacronicadesevilla.es\/wp-content\/uploads\/2025\/12\/exposicion-becquer-2-114x150.png 114w\" sizes=\"auto, (max-width: 550px) 100vw, 550px\" \/><figcaption class=\"wp-element-caption\"><em>Retrato de Gustavo Adolfo B\u00e9cquer<\/em>,<br>de  Gustavo Adolfo Dom\u00ednguez B\u00e9cquer<\/figcaption><\/figure>\n\n\n\n<figure class=\"wp-block-image size-large\"><img loading=\"lazy\" decoding=\"async\" width=\"550\" height=\"778\" data-id=\"11829\" src=\"https:\/\/lacronicadesevilla.es\/wp-content\/uploads\/2025\/12\/exposicion-becquer-3.png\" alt=\"\" class=\"wp-image-11829\" srcset=\"https:\/\/lacronicadesevilla.es\/wp-content\/uploads\/2025\/12\/exposicion-becquer-3.png 550w, https:\/\/lacronicadesevilla.es\/wp-content\/uploads\/2025\/12\/exposicion-becquer-3-212x300.png 212w, https:\/\/lacronicadesevilla.es\/wp-content\/uploads\/2025\/12\/exposicion-becquer-3-247x350.png 247w, https:\/\/lacronicadesevilla.es\/wp-content\/uploads\/2025\/12\/exposicion-becquer-3-106x150.png 106w\" sizes=\"auto, (max-width: 550px) 100vw, 550px\" \/><figcaption class=\"wp-element-caption\"><em>Se\u00f1ora caminando<\/em>, de Jos\u00e9 Dom\u00ednguez B\u00e9cquer<\/figcaption><\/figure>\n<\/figure>\n\n\n\n<p><\/p>\n\n\n\n<p>Esta sala tambi\u00e9n cuenta con la presencia de <strong>dibujos de Joaqu\u00edn D. B\u00e9cquer<\/strong> como \u2018Estudios del torero Francisco Montes alias Paquiro\u2019, \u2018Salida de una cuadrilla de la Maestranza\u2019 (Museo Nacional del Romanticismo), as\u00ed como otras series de dibujos que manifiestan la estrecha cercan\u00eda de Joaqu\u00edn a los duques de Montpensier. Tambi\u00e9n muestra algunos de los dibujos de Valeriano.<\/p>\n\n\n\n<p>La secci\u00f3n dedicada a Valeriano B\u00e9cquer lo refleja como el artista de t\u00e9cnica m\u00e1s depurada de la saga. Fue un excelente dibujante y pintor, si bien su obra es corta debido a su prematura muerte. Esta secci\u00f3n se compone de retratos y escenas de costumbres, destacando algunos retratos como el \u2018Retrato de muchacha\u2019 (Museo L\u00e1zaro Galdiano) y, \u2018Retrato de dos ni\u00f1os\u2019 (colecci\u00f3n particular, Sevilla). Otros cuadros recogen temas de mayor actualidad, cercanos al realismo, como \u2018El pintor carlista y su familia\u2019 (Museo Nacional del Prado) o las interesantes escenas aragonesas y castellanas que pinta tras su instalaci\u00f3n en Madrid, a modo de documento de inter\u00e9s etnogr\u00e1fico: \u2018El presente. Fiesta mayor en Moncayo\u2019 (Arag\u00f3n),\u2019 La v\u00edspera del santo patrono\u2019, \u2018La fuente de la ermita (Costumbres del Valle de Ambl\u00e9s en la provincia de \u00c1vila)\u2019, ambas del Museo del Prado.<\/p>\n\n\n\n<p>El recorrido expositivo culmina con un peque\u00f1o espacio dedicado al <strong>poeta Gustavo Adolfo<\/strong>, hermano de Valeriano, y a sus incursiones realizadas en el terreno art\u00edstico como dibujante. Se pueden contemplar en esta sala los dibujos conservados en dos \u00e1lbumes procedentes de la Biblioteca Nacional de Espa\u00f1a y otros dibujos in\u00e9ditos (colecci\u00f3n particular, Madrid). Junto a ellos destaca el retrato del poeta que realiza su hermano Valeriano B\u00e9cquer y que se conserva en el Museo de Bellas Artes de Sevilla, pieza clave del g\u00e9nero del retrato de artista rom\u00e1ntico, as\u00ed como una primera edici\u00f3n de sus c\u00e9lebres \u2018Rimas y Leyendas\u2019.&nbsp;<\/p>\n\n\n\n<p><strong>Restauraciones de lienzos y marcos&nbsp;<\/strong><br>Con la finalidad de mostrar las obras en el mejor estado de conservaci\u00f3n posible, desde el Museo de Bellas Artes de Sevilla se ha realizado restauraciones integrales de 17 lienzos y de sus respectivos marcos, y de dibujos, entre los que destacan el <strong>c\u00e9lebre retrato de Gustavo Adolfo B\u00e9cquer<\/strong>, ejecutado por su hermano Valeriano hacia 1862, y la <strong>\u2018Procesi\u00f3n del Corpus por el interior de la Catedral de Sevilla \u2018(1845), de Joaqu\u00edn Dom\u00ednguez B\u00e9cquer<\/strong>.&nbsp;<\/p>\n\n\n\n<p>El Museo Nacional del Prado ha restaurado para la ocasi\u00f3n el lienzo de Valeriano Dom\u00ednguez B\u00e9cquer \u2018La fuente de la ermita (Costumbres del Valle de Ambl\u00e9s en la provincia de \u00c1vila)\u2019, depositado en el Museo del Romanticismo, mientras que el Museo L\u00e1zaro Galdiano ha intervenido en el \u2018Retrato de muchacha\u2019 (1866), tambi\u00e9n de Valeriano. Por otro lado, tambi\u00e9n se han realizado tratamientos de consolidaci\u00f3n y mejoras de conservaci\u00f3n de hasta 13 obras, incluyendo lienzos, acuarelas, y litograf\u00edas.<\/p>\n","protected":false},"excerpt":{"rendered":"<p>La muestra, que se puede visitar hasta el 15 de marzo, se compone de 65 \u00f3leos, 83 dibujos, acuarelas y litograf\u00edas, cinco \u00e1lbumes y dos libros&nbsp; <a class=\"continue-reading-link\" href=\"https:\/\/lacronicadesevilla.es\/index.php\/2025\/12\/12\/el-bellas-artes-acoge-la-exposicion-mas-completa-sobre-la-saga-artistica-de-los-becquer\/\"><\/a><\/p>\n","protected":false},"author":50,"featured_media":0,"comment_status":"closed","ping_status":"closed","sticky":false,"template":"","format":"standard","meta":{"footnotes":""},"categories":[12],"tags":[1637,1774,1778,73,50,631,1157,71,1398,1777,1779,897,1776,18],"class_list":["post-11795","post","type-post","status-publish","format-standard","hentry","category-cultura","tag-1637","tag-bellas-artes","tag-dibujos","tag-exposicion","tag-familia","tag-fecha","tag-horarios","tag-museo","tag-pintor","tag-pinturas","tag-poeta","tag-precio","tag-saga","tag-sevilla"],"_links":{"self":[{"href":"https:\/\/lacronicadesevilla.es\/index.php\/wp-json\/wp\/v2\/posts\/11795","targetHints":{"allow":["GET"]}}],"collection":[{"href":"https:\/\/lacronicadesevilla.es\/index.php\/wp-json\/wp\/v2\/posts"}],"about":[{"href":"https:\/\/lacronicadesevilla.es\/index.php\/wp-json\/wp\/v2\/types\/post"}],"author":[{"embeddable":true,"href":"https:\/\/lacronicadesevilla.es\/index.php\/wp-json\/wp\/v2\/users\/50"}],"replies":[{"embeddable":true,"href":"https:\/\/lacronicadesevilla.es\/index.php\/wp-json\/wp\/v2\/comments?post=11795"}],"version-history":[{"count":8,"href":"https:\/\/lacronicadesevilla.es\/index.php\/wp-json\/wp\/v2\/posts\/11795\/revisions"}],"predecessor-version":[{"id":11839,"href":"https:\/\/lacronicadesevilla.es\/index.php\/wp-json\/wp\/v2\/posts\/11795\/revisions\/11839"}],"wp:attachment":[{"href":"https:\/\/lacronicadesevilla.es\/index.php\/wp-json\/wp\/v2\/media?parent=11795"}],"wp:term":[{"taxonomy":"category","embeddable":true,"href":"https:\/\/lacronicadesevilla.es\/index.php\/wp-json\/wp\/v2\/categories?post=11795"},{"taxonomy":"post_tag","embeddable":true,"href":"https:\/\/lacronicadesevilla.es\/index.php\/wp-json\/wp\/v2\/tags?post=11795"}],"curies":[{"name":"wp","href":"https:\/\/api.w.org\/{rel}","templated":true}]}}