{"id":12453,"date":"2026-03-01T17:00:00","date_gmt":"2026-03-01T16:00:00","guid":{"rendered":"https:\/\/lacronicadesevilla.es\/?p=12453"},"modified":"2026-03-04T10:41:02","modified_gmt":"2026-03-04T09:41:02","slug":"el-recuerdo-de-adamuz-y-grazalema-colman-de-emocion-la-entrega-de-las-medallas-de-andalucia","status":"publish","type":"post","link":"https:\/\/lacronicadesevilla.es\/index.php\/2026\/03\/01\/el-recuerdo-de-adamuz-y-grazalema-colman-de-emocion-la-entrega-de-las-medallas-de-andalucia\/","title":{"rendered":"El recuerdo de Adamuz colma de emoci\u00f3n la entrega de las Medallas de Andaluc\u00eda"},"content":{"rendered":"\n<p><strong>Las distinciones de Hijo Predilecto fueron para Paz Vega y Manuel Carrasco, quien interpret\u00f3 el himno dedicado a la bandera blanca y verde<\/strong><\/p>\n\n\n<div class=\"wp-block-image\">\n<figure class=\"aligncenter size-full\"><img loading=\"lazy\" decoding=\"async\" width=\"900\" height=\"439\" src=\"https:\/\/lacronicadesevilla.es\/wp-content\/uploads\/2026\/03\/28f-foto-familia-1.png\" alt=\"\" class=\"wp-image-12465\" srcset=\"https:\/\/lacronicadesevilla.es\/wp-content\/uploads\/2026\/03\/28f-foto-familia-1.png 900w, https:\/\/lacronicadesevilla.es\/wp-content\/uploads\/2026\/03\/28f-foto-familia-1-300x146.png 300w, https:\/\/lacronicadesevilla.es\/wp-content\/uploads\/2026\/03\/28f-foto-familia-1-768x375.png 768w, https:\/\/lacronicadesevilla.es\/wp-content\/uploads\/2026\/03\/28f-foto-familia-1-718x350.png 718w, https:\/\/lacronicadesevilla.es\/wp-content\/uploads\/2026\/03\/28f-foto-familia-1-150x73.png 150w\" sizes=\"auto, (max-width: 900px) 100vw, 900px\" \/><figcaption class=\"wp-element-caption\"><strong>Los distinguidos posan con sus Medallas<\/strong><\/figcaption><\/figure>\n<\/div>\n\n\n<!--more-->\n\n\n\n<p>Inma MART\u00cdN<\/p>\n\n\n\n<p>M\u00fasica, orgullo por la tierra donde se ha nacido y sentimientos a flor de piel fueron las notas dominantes en la entrega de las <strong>Medallas de Andaluc\u00eda 2026<\/strong>, que tuvo lugar durante el transcurso de una acto institucional celebrado en el <strong>Teatro de la Maestranza de Sevilla<\/strong> el s\u00e1bado <strong>28 de febrero<\/strong>, coincidiendo con el d\u00eda de la Comunidad. En el mismo evento, fueron distinguidos como <strong>Hijos Predilectos de Andaluc\u00eda<\/strong> la actriz sevillana <strong>Paz Vega <\/strong>y el cantante onubense <strong>Manuel Carrasco<\/strong>. <\/p>\n\n\n\n<p>La conmemoraci\u00f3n estuvo marcada por el recuerdo de dos acontecimientos que han golpeado duramente al pueblo andaluz durante los primeros meses de este a\u00f1o. Por un lado, el <strong>accidente ferroviario de Adamuz<\/strong>, en C\u00f3rdoba, acaecido el pasado 18 de enero; y por otro, las <strong>inundaciones<\/strong> ocurridas en febrero a consecuencia de las intensas borrascas, y que afectaron de manera especialmente grave al municipio gaditano de <strong>Grazalema<\/strong>.<\/p>\n\n\n\n<p>Por su reacci\u00f3n, de entrega, ayuda y acogimiento sin reservas, el pueblo de Adamuz recibi\u00f3 la <strong>Medalla de Andaluc\u00eda a los Valores Humanos, la Solidaridad y la Concordia<\/strong>. Fue un momento de emotividad extrema, que levant\u00f3 al p\u00fablico de sus asientos en una ovaci\u00f3n compartida y merecida.<\/p>\n\n\n<div class=\"wp-block-image\">\n<figure class=\"aligncenter size-full\"><img loading=\"lazy\" decoding=\"async\" width=\"900\" height=\"418\" src=\"https:\/\/lacronicadesevilla.es\/wp-content\/uploads\/2026\/03\/28f-adamuz-1.png\" alt=\"\" class=\"wp-image-12470\" srcset=\"https:\/\/lacronicadesevilla.es\/wp-content\/uploads\/2026\/03\/28f-adamuz-1.png 900w, https:\/\/lacronicadesevilla.es\/wp-content\/uploads\/2026\/03\/28f-adamuz-1-300x139.png 300w, https:\/\/lacronicadesevilla.es\/wp-content\/uploads\/2026\/03\/28f-adamuz-1-768x357.png 768w, https:\/\/lacronicadesevilla.es\/wp-content\/uploads\/2026\/03\/28f-adamuz-1-754x350.png 754w, https:\/\/lacronicadesevilla.es\/wp-content\/uploads\/2026\/03\/28f-adamuz-1-150x70.png 150w\" sizes=\"auto, (max-width: 900px) 100vw, 900px\" \/><figcaption class=\"wp-element-caption\"><strong>El pueblo de Adamuz fue reconocido por su solidaridad. Recogieron la Medalla su alcalde y vecinos de la localidad<\/strong><\/figcaption><\/figure>\n<\/div>\n\n\n<p>En el escenario coincidieron el <strong>alcalde<\/strong> de esta poblaci\u00f3n cordobesa, <strong>Rafael Moreno<\/strong>, encargado de recoger la distinci\u00f3n, con vecinos y representantes de emergencias, bomberos y protecci\u00f3n civil que actuaron ante el descarrilamiento y posterior colisi\u00f3n de dos trenes, en los que fallecieron 46 personas y decenas resultaron heridas. \u00abTodos \u00e9ramos uno\u00bb, declaraba en un v\u00eddeo proyectado en el teatro uno de los participantes, mientras que otro vecino resum\u00eda la respuesta ante la tragedia: \u00abNo son h\u00e9roes, son personas, que hicieron todo lo que pudieron\u00bb.<\/p>\n\n\n\n<p>La Comunidad tambi\u00e9n ha querido reconocer la capacidad de los andaluces para unir esfuerzos de cara a superar juntos situaciones adversas. En esta l\u00ednea, ha dedicado una menci\u00f3n especial a los alcaldes de Grazalema (C\u00e1diz) y M\u00e1laga (Ronda), Carlos Garc\u00eda y Mar\u00eda de la Paz Fern\u00e1ndez, respectivamente, quienes han recibido un fuerte aplauso en el teatro por la colaboraci\u00f3n mostrada, pese a ser de distinto signo pol\u00edtico, ante las inundaciones en la localidad gaditana. Debido a las intensas lluvias registradas en febrero, los habitantes de Grazalema tuvieron que abandonar sus hogares. Ante semejante tesitura, el pueblo de Ronda mostr\u00f3 su cara m\u00e1s emp\u00e1tica y solidaria acogiendo y alojando a estas familias. Por ello, y no en vano, la regidora malague\u00f1a se\u00f1alaba: \u00ablo mejor del pueblo andaluz es su gente\u00bb.<\/p>\n\n\n\n<p><strong>Un tributo musical a Roc\u00edo Jurado<\/strong><br>El acto de entrega de estas distinciones de Andaluc\u00eda comenz\u00f3 con m\u00fasica, haciendo un doble homenaje a la cantante chipionera Roc\u00edo Jurado, quien ya recibiera su Medalla en el a\u00f1o 1986. Primero con las voces de las vecinas de Triana, que vuelven a sus casas, cantando la canci\u00f3n <em>Que no dar\u00eda yo<\/em>, despu\u00e9s de haber estado en la Vel\u00e1 de Santa Ana. Posteriormente, con un tributo a tres voces, las de Falete, Raule y Mar\u00eda Parrado, interpretando el tema <em>Como yo te amo<\/em>.<\/p>\n\n\n\n<figure class=\"wp-block-gallery has-nested-images columns-default is-cropped wp-block-gallery-1 is-layout-flex wp-block-gallery-is-layout-flex\">\n<figure class=\"wp-block-image size-large\"><img loading=\"lazy\" decoding=\"async\" width=\"500\" height=\"393\" data-id=\"12474\" src=\"https:\/\/lacronicadesevilla.es\/wp-content\/uploads\/2026\/03\/28f-toni-moreno.jpg\" alt=\"\" class=\"wp-image-12474\" srcset=\"https:\/\/lacronicadesevilla.es\/wp-content\/uploads\/2026\/03\/28f-toni-moreno.jpg 500w, https:\/\/lacronicadesevilla.es\/wp-content\/uploads\/2026\/03\/28f-toni-moreno-300x236.jpg 300w, https:\/\/lacronicadesevilla.es\/wp-content\/uploads\/2026\/03\/28f-toni-moreno-445x350.jpg 445w, https:\/\/lacronicadesevilla.es\/wp-content\/uploads\/2026\/03\/28f-toni-moreno-150x118.jpg 150w\" sizes=\"auto, (max-width: 500px) 100vw, 500px\" \/><\/figure>\n\n\n\n<figure class=\"wp-block-image size-large\"><img loading=\"lazy\" decoding=\"async\" width=\"528\" height=\"350\" data-id=\"12475\" src=\"https:\/\/lacronicadesevilla.es\/wp-content\/uploads\/2026\/03\/28f-maria-monte.png\" alt=\"\" class=\"wp-image-12475\" srcset=\"https:\/\/lacronicadesevilla.es\/wp-content\/uploads\/2026\/03\/28f-maria-monte.png 528w, https:\/\/lacronicadesevilla.es\/wp-content\/uploads\/2026\/03\/28f-maria-monte-300x199.png 300w, https:\/\/lacronicadesevilla.es\/wp-content\/uploads\/2026\/03\/28f-maria-monte-150x99.png 150w\" sizes=\"auto, (max-width: 528px) 100vw, 528px\" \/><\/figure>\n<figcaption class=\"blocks-gallery-caption wp-element-caption\"><strong>La periodista To\u00f1i Moreno y Mar\u00eda del Monte, dos de las invitadas a la gala<\/strong><\/figcaption><\/figure>\n\n\n\n<p><\/p>\n\n\n\n<p>Porque a Andaluc\u00eda hay que amarla, pero tambi\u00e9n hay que reconocerle sus m\u00e9ritos y sus valores. En este sentido y en este contexto, tras el arranque musical, tan lleno de arte, se procedi\u00f3 a entregar las Medallas en sus diferentes categor\u00edas.<\/p>\n\n\n\n<p>Las <strong>Medallas de Andaluc\u00eda del Deporte<\/strong> han sido para la <strong>futbolista Olga Carmona<\/strong> y la <strong>karateca Mar\u00eda Torres<\/strong>. De Carmona se rememor\u00f3 su gol contra Inglaterra, luciendo el dorsal n\u00famero 19, que convirti\u00f3 a Espa\u00f1a en campeona del mundo de f\u00fatbol femenino en el 2023. Para la futbolista, los andaluces \u00abtenemos algo especial que se nota cuando estamos fuera\u00bb. Por su parte, Torre lo tiene claro: \u00abser andaluza es orgullo\u00bb.<\/p>\n\n\n\n<p>Por su parte, las <strong>Medallas de Andaluc\u00eda de las Humanidades y las Letras<\/strong> fueron para <strong>la periodista Sandra Golpe<\/strong> y el <strong>director de Ciberseguridad de Google, Bernardo Quintero<\/strong>. Mientras que la <strong>Medalla de Andaluc\u00eda de las Artes<\/strong> se le ha concedido al grupo de sevillanas <strong>Cantores de H\u00edspalis<\/strong>, quien tuvo en su recuerdo a los compa\u00f1eros fallecidos, Pascual Gonz\u00e1lez, Fal\u00edn Ojeda y Jos\u00e9 Antonio R\u00faa.<\/p>\n\n\n\n<figure class=\"wp-block-image size-full\"><img loading=\"lazy\" decoding=\"async\" width=\"900\" height=\"516\" src=\"https:\/\/lacronicadesevilla.es\/wp-content\/uploads\/2026\/03\/28f-cantores-hispalis-1.png\" alt=\"\" class=\"wp-image-12466\" srcset=\"https:\/\/lacronicadesevilla.es\/wp-content\/uploads\/2026\/03\/28f-cantores-hispalis-1.png 900w, https:\/\/lacronicadesevilla.es\/wp-content\/uploads\/2026\/03\/28f-cantores-hispalis-1-300x172.png 300w, https:\/\/lacronicadesevilla.es\/wp-content\/uploads\/2026\/03\/28f-cantores-hispalis-1-768x440.png 768w, https:\/\/lacronicadesevilla.es\/wp-content\/uploads\/2026\/03\/28f-cantores-hispalis-1-610x350.png 610w, https:\/\/lacronicadesevilla.es\/wp-content\/uploads\/2026\/03\/28f-cantores-hispalis-1-150x86.png 150w\" sizes=\"auto, (max-width: 900px) 100vw, 900px\" \/><figcaption class=\"wp-element-caption\"><strong>Mirando al cielo, Cantores de H\u00edspalis dedicaron la Medalla a sus compa\u00f1eros fallecidos<\/strong><\/figcaption><\/figure>\n\n\n\n<p>El torero Jos\u00e9 Antonio <strong>Morante de la Puebla<\/strong> y la cantante <strong>Ana Mena<\/strong> recibieron las <strong>Medallas de Andaluc\u00eda a la Cultura y el Patrimonio<\/strong>. A ra\u00edz de esta distinci\u00f3n, Morante confes\u00f3 \u00abel toreo es mi raz\u00f3n de existir\u00bb, a pesar de \u00abla responsabilidad que implica la profesi\u00f3n y llevar el nombre de mi pueblo\u00bb. Ana Mena refiri\u00f3 que su madre, que fue cantaora de flamenco, es su referente, y a\u00f1adi\u00f3 que \u00abser andaluza es un regalo\u00bb.<\/p>\n\n\n\n<p>Las <strong>Medallas de Andaluc\u00eda de la Econom\u00eda y la Empresa<\/strong> han reca\u00eddo en el presidente ejecutivo del grupo audiovisual Secuoya Content Group, <strong>Ra\u00fal Berdon\u00e9s<\/strong>; y la presidenta ejecutiva y CEO de Randstad Espa\u00f1a, <strong>Ana Requena<\/strong>. En el caso de esta \u00faltima, por favorecer la inserci\u00f3n de personas con dificultades para incorporarse al mercado laboral.<\/p>\n\n\n\n<figure class=\"wp-block-image size-full\"><img loading=\"lazy\" decoding=\"async\" width=\"900\" height=\"526\" src=\"https:\/\/lacronicadesevilla.es\/wp-content\/uploads\/2026\/03\/28f-morante-puebla-1.png\" alt=\"\" class=\"wp-image-12487\" srcset=\"https:\/\/lacronicadesevilla.es\/wp-content\/uploads\/2026\/03\/28f-morante-puebla-1.png 900w, https:\/\/lacronicadesevilla.es\/wp-content\/uploads\/2026\/03\/28f-morante-puebla-1-300x175.png 300w, https:\/\/lacronicadesevilla.es\/wp-content\/uploads\/2026\/03\/28f-morante-puebla-1-768x449.png 768w, https:\/\/lacronicadesevilla.es\/wp-content\/uploads\/2026\/03\/28f-morante-puebla-1-599x350.png 599w, https:\/\/lacronicadesevilla.es\/wp-content\/uploads\/2026\/03\/28f-morante-puebla-1-150x88.png 150w\" sizes=\"auto, (max-width: 900px) 100vw, 900px\" \/><figcaption class=\"wp-element-caption\"><strong>Morante, luciendo su Medalla a la Cultura, saluda con un gesto muy torero<\/strong><\/figcaption><\/figure>\n\n\n\n<p>Asimismo, las <strong>Medallas de Andaluc\u00eda de la Investigaci\u00f3n, la Ciencia y la Salud<\/strong> han sido para las <strong>Unidades de Cuidados Paliativos Pedi\u00e1tricos<\/strong>, un reconocimiento que fue muy aplaudido por el p\u00fablico asistente; y para la investigadora en el sector de la inform\u00e1tica <strong>Rosa Mar\u00eda Rodr\u00edguez<\/strong>, una de las <strong>cient\u00edficas m\u00e1s citadas en el mundo<\/strong>, por su trabajo con modelos y patrones enfocados a la toma de decisiones en diferentes \u00e1mbitos.<\/p>\n\n\n\n<p>Las <strong>Medallas a la Proyecci\u00f3n de Andaluc\u00eda<\/strong> fueron entregadas a la presentadora y modelo <strong>Eva Gonz\u00e1lez<\/strong> y al director general de Ingka Group, <strong>Juvencio Maeztu<\/strong>. Mientras que <strong>Luis Bola\u00f1os<\/strong>, consejero delegado de Iberhanse Corporate, es <strong>Medalla de Andaluc\u00eda al M\u00e9rito Medioambiental<\/strong> por recuperar la naturaleza aut\u00f3ctona en los campos agr\u00edcolas. Para ello, tal y como explic\u00f3, siembra en los caminos una hierba especial con la que atrae a una fauna local, que convive con los cultivos sin perjudicarlos.<\/p>\n\n\n\n<figure class=\"wp-block-gallery has-nested-images columns-default is-cropped wp-block-gallery-2 is-layout-flex wp-block-gallery-is-layout-flex\">\n<figure class=\"wp-block-image size-large\"><img loading=\"lazy\" decoding=\"async\" width=\"900\" height=\"468\" data-id=\"12468\" src=\"https:\/\/lacronicadesevilla.es\/wp-content\/uploads\/2026\/03\/28f-manuel-carrasco-1.png\" alt=\"\" class=\"wp-image-12468\" srcset=\"https:\/\/lacronicadesevilla.es\/wp-content\/uploads\/2026\/03\/28f-manuel-carrasco-1.png 900w, https:\/\/lacronicadesevilla.es\/wp-content\/uploads\/2026\/03\/28f-manuel-carrasco-1-300x156.png 300w, https:\/\/lacronicadesevilla.es\/wp-content\/uploads\/2026\/03\/28f-manuel-carrasco-1-768x399.png 768w, https:\/\/lacronicadesevilla.es\/wp-content\/uploads\/2026\/03\/28f-manuel-carrasco-1-673x350.png 673w, https:\/\/lacronicadesevilla.es\/wp-content\/uploads\/2026\/03\/28f-manuel-carrasco-1-150x78.png 150w\" sizes=\"auto, (max-width: 900px) 100vw, 900px\" \/><\/figure>\n\n\n\n<figure class=\"wp-block-image size-large\"><img loading=\"lazy\" decoding=\"async\" width=\"900\" height=\"521\" data-id=\"12482\" src=\"https:\/\/lacronicadesevilla.es\/wp-content\/uploads\/2026\/03\/28f-manuel-carrasco-2.png\" alt=\"\" class=\"wp-image-12482\" srcset=\"https:\/\/lacronicadesevilla.es\/wp-content\/uploads\/2026\/03\/28f-manuel-carrasco-2.png 900w, https:\/\/lacronicadesevilla.es\/wp-content\/uploads\/2026\/03\/28f-manuel-carrasco-2-300x174.png 300w, https:\/\/lacronicadesevilla.es\/wp-content\/uploads\/2026\/03\/28f-manuel-carrasco-2-768x445.png 768w, https:\/\/lacronicadesevilla.es\/wp-content\/uploads\/2026\/03\/28f-manuel-carrasco-2-605x350.png 605w, https:\/\/lacronicadesevilla.es\/wp-content\/uploads\/2026\/03\/28f-manuel-carrasco-2-150x87.png 150w\" sizes=\"auto, (max-width: 900px) 100vw, 900px\" \/><\/figure>\n<figcaption class=\"blocks-gallery-caption wp-element-caption\"><strong>Manuel Carrasco, que recogi\u00f3 su distinci\u00f3n de la mano del presidente de la Junta, Juan Manuel Moreno, y el presidente del Parlamento, Jes\u00fas Aguirre <\/strong>(<strong>izq.), cant\u00f3 el himno de Andaluc\u00eda<\/strong> (<strong>dcha.<\/strong>)<\/figcaption><\/figure>\n\n\n\n<p><\/p>\n\n\n\n<p>Adem\u00e1s, el Gobierno auton\u00f3mico entreg\u00f3 la <strong>Medalla Manuel Clavero Ar\u00e9valo<\/strong> por su especial trayectoria en defensa y fomento del inter\u00e9s general al <strong>Museo de la Autonom\u00eda de Andaluc\u00eda<\/strong>, con sede entre los municipios sevillanos de Coria del R\u00edo y La Puebla del R\u00edo. Este espacio expositivo custodia la primera bandera andaluza,&nbsp;dise\u00f1ada por Blas Infante y confeccionada por su mujer, Angustias Garc\u00eda Parias, con tela tra\u00edda de Marruecos. Recogi\u00f3 la Medalla Laura Galv\u00e1n, responsable del Museo.<\/p>\n\n\n\n<p>A continuaci\u00f3n, el cantante Manuel Carrasco recogi\u00f3 el t\u00edtulo de Hijo Predilecto de Andaluc\u00eda. Del mismo modo, Paz Vega fue nombrada Hija Predilecta. La actriz, nacida en Triana, hija de un banderillero y de una costurera, defendi\u00f3 su acento del que \u00abnunca me desprender\u00e9\u00bb; y confes\u00f3 que se le encogi\u00f3 el coraz\u00f3n al conocer la noticia de su distinci\u00f3n. Para Paz Vega, \u00abtodo lo que he hecho ha estado impregnado de Andaluc\u00eda\u00bb. Por su parte, durante su intervenci\u00f3n, Carrasco tuvo muy presente a su pueblo, Isla Cristina, nombrando a La Higuerita, nombre primigenio de este municipio onubense; al teatro Gran V\u00eda; al carnaval y a las sardinas.<\/p>\n\n\n\n<p><strong>Un presidente roto por el dolor<\/strong><br>Por \u00faltimo, tom\u00f3 la palabra el <strong>presidente de la Junta de Andaluc\u00eda, Juan Manuel Moreno Bonilla<\/strong>, con un discurso que estuvo, literalmente, roto por el dolor y por las l\u00e1grimas provocadas por el recuerdo de lo vivido <em>in situ<\/em> tras el accidente de Adamuz. Elogi\u00f3 la coordinaci\u00f3n de los respectivos servicios de bomberos, polic\u00edas y emergencias sanitarias para atender a las v\u00edctimas. Dirigi\u00e9ndose a los afectados, se comprometi\u00f3 a dar respuestas sobre lo acontecido: \u00abllegaremos al final por saber la verdad\u00bb. Igualmente, resalt\u00f3 el comportamiento de los andaluces, su empat\u00eda y solidaridad.<\/p>\n\n\n<div class=\"wp-block-image\">\n<figure class=\"aligncenter size-full\"><img loading=\"lazy\" decoding=\"async\" width=\"900\" height=\"487\" src=\"https:\/\/lacronicadesevilla.es\/wp-content\/uploads\/2026\/03\/28f-presidente.png\" alt=\"\" class=\"wp-image-12461\" srcset=\"https:\/\/lacronicadesevilla.es\/wp-content\/uploads\/2026\/03\/28f-presidente.png 900w, https:\/\/lacronicadesevilla.es\/wp-content\/uploads\/2026\/03\/28f-presidente-300x162.png 300w, https:\/\/lacronicadesevilla.es\/wp-content\/uploads\/2026\/03\/28f-presidente-768x416.png 768w, https:\/\/lacronicadesevilla.es\/wp-content\/uploads\/2026\/03\/28f-presidente-647x350.png 647w, https:\/\/lacronicadesevilla.es\/wp-content\/uploads\/2026\/03\/28f-presidente-150x81.png 150w\" sizes=\"auto, (max-width: 900px) 100vw, 900px\" \/><figcaption class=\"wp-element-caption\"><strong>Juanma Moreno durante su intervenci\u00f3n al final de la gala<\/strong><\/figcaption><\/figure>\n<\/div>\n\n\n<p>En este punto, Moreno se\u00f1al\u00f3 que en los momentos cr\u00edticos se difuminan las diferencias, pues <strong>\u00abcuando hay un problema, estamos todos<\/strong>. Esta es la Andaluc\u00eda ejemplar que siempre est\u00e1 a la altura\u00bb. Se refiri\u00f3 a una Andaluc\u00eda que \u201cest\u00e1 avanzando como nadie\u00bb, impulsada como motor econ\u00f3mico de Espa\u00f1a, con peso y protagonismo propio en Europa, asentada como referente tecnol\u00f3gico, consolidada como potencia exportadora y como comunidad pujante en la creaci\u00f3n de empleo y empresas. \u00abHoy nos valoran como nunca. Qui\u00e9n se lo iba a decir a quienes se burlaban de esa Andaluc\u00eda del conformismo y la pereza, la del paro y la siesta\u2026\u00bb, afirmaba el presidente.<\/p>\n\n\n\n<p>Cabe se\u00f1alar que el grafismo de la gala estuvo cargado de significado. El n\u00famero 8 de la fecha clave, 28 de febrero, adaptaba su forma a la categor\u00eda de las diferentes medallas. Mientras que en <strong>el icono principal y gen\u00e9rico representa un abrazo<\/strong>, siempre necesario, pero especialmente importante en los momentos m\u00e1s dif\u00edciles, cuando hay que poner en pr\u00e1ctica la estabilidad, la seguridad y la concordia, tres palabras que fueron nombradas por el presidente de la Junta durante su intervenci\u00f3n.<\/p>\n\n\n\n<p>La gala finaliz\u00f3, como no pod\u00eda ser de otra forma, con el himno de Andaluc\u00eda interpretado por Manuel Carrasco, ante un auditorio puesto en pie y cantando al un\u00edsono a la bandera blanca y verde.<\/p>\n\n\n\n<p><strong>Fotograf\u00edas: <\/strong>D.G \/ Junta de Andaluc\u00eda<\/p>\n\n\n\n<p><\/p>\n","protected":false},"excerpt":{"rendered":"<p>Las distinciones de Hijo Predilecto fueron para Paz Vega y Manuel Carrasco, quien interpret\u00f3 el himno dedicado a la bandera blanca y verde <a class=\"continue-reading-link\" href=\"https:\/\/lacronicadesevilla.es\/index.php\/2026\/03\/01\/el-recuerdo-de-adamuz-y-grazalema-colman-de-emocion-la-entrega-de-las-medallas-de-andalucia\/\"><\/a><\/p>\n","protected":false},"author":50,"featured_media":0,"comment_status":"closed","ping_status":"closed","sticky":false,"template":"","format":"standard","meta":{"footnotes":""},"categories":[8],"tags":[1842,472,596,1841,1840,1564,1748,18,1843],"class_list":["post-12453","post","type-post","status-publish","format-standard","hentry","category-sevilla","tag-cantores-de-hispalis","tag-juanma-moreno","tag-junta-de-andalucia","tag-manuel-carrasco","tag-medallas","tag-morante-de-la-puebla","tag-paz-vega","tag-sevilla","tag-torero-presidente"],"_links":{"self":[{"href":"https:\/\/lacronicadesevilla.es\/index.php\/wp-json\/wp\/v2\/posts\/12453","targetHints":{"allow":["GET"]}}],"collection":[{"href":"https:\/\/lacronicadesevilla.es\/index.php\/wp-json\/wp\/v2\/posts"}],"about":[{"href":"https:\/\/lacronicadesevilla.es\/index.php\/wp-json\/wp\/v2\/types\/post"}],"author":[{"embeddable":true,"href":"https:\/\/lacronicadesevilla.es\/index.php\/wp-json\/wp\/v2\/users\/50"}],"replies":[{"embeddable":true,"href":"https:\/\/lacronicadesevilla.es\/index.php\/wp-json\/wp\/v2\/comments?post=12453"}],"version-history":[{"count":62,"href":"https:\/\/lacronicadesevilla.es\/index.php\/wp-json\/wp\/v2\/posts\/12453\/revisions"}],"predecessor-version":[{"id":12570,"href":"https:\/\/lacronicadesevilla.es\/index.php\/wp-json\/wp\/v2\/posts\/12453\/revisions\/12570"}],"wp:attachment":[{"href":"https:\/\/lacronicadesevilla.es\/index.php\/wp-json\/wp\/v2\/media?parent=12453"}],"wp:term":[{"taxonomy":"category","embeddable":true,"href":"https:\/\/lacronicadesevilla.es\/index.php\/wp-json\/wp\/v2\/categories?post=12453"},{"taxonomy":"post_tag","embeddable":true,"href":"https:\/\/lacronicadesevilla.es\/index.php\/wp-json\/wp\/v2\/tags?post=12453"}],"curies":[{"name":"wp","href":"https:\/\/api.w.org\/{rel}","templated":true}]}}