{"id":1251,"date":"2017-12-20T12:32:58","date_gmt":"2017-12-20T11:32:58","guid":{"rendered":"http:\/\/lacronicadesevilla.es\/?p=1251"},"modified":"2017-12-20T12:37:24","modified_gmt":"2017-12-20T11:37:24","slug":"alumnos-de-la-escuela-ceade-leonardo-crean-un-calendario-solidario-para-ayudar-a-ninos-con-cancer","status":"publish","type":"post","link":"https:\/\/lacronicadesevilla.es\/index.php\/2017\/12\/20\/alumnos-de-la-escuela-ceade-leonardo-crean-un-calendario-solidario-para-ayudar-a-ninos-con-cancer\/","title":{"rendered":"Alumnos de la Escuela CEADE Leonardo crean un calendario para ayudar a ni\u00f1os con c\u00e1ncer"},"content":{"rendered":"<div id=\"attachment_1252\" style=\"width: 522px\" class=\"wp-caption alignright\"><img loading=\"lazy\" decoding=\"async\" aria-describedby=\"caption-attachment-1252\" class=\" wp-image-1252\" src=\"http:\/\/lacronicadesevilla.es\/wp-content\/uploads\/2017\/12\/calendario-ceade.jpg\" alt=\"Alumno de Moda con el calendario solidario\" width=\"512\" height=\"286\" srcset=\"https:\/\/lacronicadesevilla.es\/wp-content\/uploads\/2017\/12\/calendario-ceade.jpg 600w, https:\/\/lacronicadesevilla.es\/wp-content\/uploads\/2017\/12\/calendario-ceade-300x168.jpg 300w, https:\/\/lacronicadesevilla.es\/wp-content\/uploads\/2017\/12\/calendario-ceade-150x84.jpg 150w\" sizes=\"auto, (max-width: 512px) 100vw, 512px\" \/><p id=\"caption-attachment-1252\" class=\"wp-caption-text\">Alumnos de Moda con el calendario solidario<\/p><\/div>\n<p>Guillermo TRIPELON<\/p>\n<p>Los alumnos de 3\u00ba curso de la Escuela de Dise\u00f1o CEADE Leonardo han creado un <strong>calendario solidario<\/strong> para el a\u00f1o 2018. Est\u00e1 maquetado por los estudiantes de Moda y contiene fotos donde aparecen ni\u00f1os que han superado el <strong>c\u00e1ncer<\/strong> o est\u00e1n en proceso de ello.<!--more--><\/p>\n<p>Los ni\u00f1os est\u00e1n acompa\u00f1ados de los m\u00e9dicos y enfermeros de la planta de Oncolog\u00eda del <strong>Hospital Virgen del Roc\u00edo<\/strong>.<\/p>\n<p>La iniciativa es una idea de Salom\u00e9 G\u00f3ngora, directora de los estudios de Moda en la Escuela. \u201cMi hijo fue paciente en el \u00e1rea de oncolog\u00eda de este hospital y su doctora me coment\u00f3 que a una paciente adolescente le encantaba la moda\u201d, cuenta Salom\u00e9. A\u00f1ade que coment\u00f3 con sus alumnos la posibilidad de hacer una sesi\u00f3n de fotos y convertirla en un calendario solidario.<\/p>\n<p><img loading=\"lazy\" decoding=\"async\" class=\"alignleft wp-image-1253\" src=\"http:\/\/lacronicadesevilla.es\/wp-content\/uploads\/2017\/12\/calendario-ceade-1.jpg\" alt=\"calendario-ceade-1\" width=\"284\" height=\"350\" srcset=\"https:\/\/lacronicadesevilla.es\/wp-content\/uploads\/2017\/12\/calendario-ceade-1.jpg 400w, https:\/\/lacronicadesevilla.es\/wp-content\/uploads\/2017\/12\/calendario-ceade-1-243x300.jpg 243w, https:\/\/lacronicadesevilla.es\/wp-content\/uploads\/2017\/12\/calendario-ceade-1-284x350.jpg 284w, https:\/\/lacronicadesevilla.es\/wp-content\/uploads\/2017\/12\/calendario-ceade-1-122x150.jpg 122w\" sizes=\"auto, (max-width: 284px) 100vw, 284px\" \/>Esta primera edici\u00f3n del calendario han contado con la colaboraci\u00f3n de empresas y con la ayuda de dos fot\u00f3grafos profesionales: Fernando Ma\u00f1as y Jes\u00fas Aldebar\u00e1n. Junto a las fotos aparecen dibujos y mensajes caligrafiados que evocan la nostalgia de la infancia por parte de los adultos, y frases motivadoras para cada mes. \u201cEl objetivo es que sea un calendario positivo, que no refleje solo la parte dura y negativa de la enfermedad\u201d, apunta Salom\u00e9.<\/p>\n<p>El calendario cuesta cinco euros, pero su \u00e9xito ha sido tal que se ha agotado. Se ha vendido entre los padres de los ni\u00f1os, y tambi\u00e9n entre los profesores y alumnos de la Escuela. El dinero recaudado se destinar\u00e1 a la obra solidaria Patio de Valientes del Hospital Virgen del Roc\u00edo, que es un recinto destinado a los ni\u00f1os enfermos de la planta de oncolog\u00eda para que disfruten del ocio al aire libre en este centro sanitario.<\/p>\n","protected":false},"excerpt":{"rendered":"<p>Guillermo TRIPELON Los alumnos de 3\u00ba curso de la Escuela de Dise\u00f1o CEADE Leonardo han creado un calendario solidario para el a\u00f1o 2018. Est\u00e1 maquetado por los estudiantes de Moda y contiene fotos donde aparecen ni\u00f1os que han superado el c\u00e1ncer o est\u00e1n en proceso de ello. <a class=\"continue-reading-link\" href=\"https:\/\/lacronicadesevilla.es\/index.php\/2017\/12\/20\/alumnos-de-la-escuela-ceade-leonardo-crean-un-calendario-solidario-para-ayudar-a-ninos-con-cancer\/\"><\/a><\/p>\n","protected":false},"author":1,"featured_media":0,"comment_status":"closed","ping_status":"closed","sticky":false,"template":"","format":"standard","meta":{"footnotes":""},"categories":[9],"tags":[310,16,227,27,18],"class_list":["post-1251","post","type-post","status-publish","format-standard","hentry","category-sociedad","tag-calendario","tag-cancer","tag-escuela-ceade-leonardo","tag-ninos","tag-sevilla"],"_links":{"self":[{"href":"https:\/\/lacronicadesevilla.es\/index.php\/wp-json\/wp\/v2\/posts\/1251","targetHints":{"allow":["GET"]}}],"collection":[{"href":"https:\/\/lacronicadesevilla.es\/index.php\/wp-json\/wp\/v2\/posts"}],"about":[{"href":"https:\/\/lacronicadesevilla.es\/index.php\/wp-json\/wp\/v2\/types\/post"}],"author":[{"embeddable":true,"href":"https:\/\/lacronicadesevilla.es\/index.php\/wp-json\/wp\/v2\/users\/1"}],"replies":[{"embeddable":true,"href":"https:\/\/lacronicadesevilla.es\/index.php\/wp-json\/wp\/v2\/comments?post=1251"}],"version-history":[{"count":7,"href":"https:\/\/lacronicadesevilla.es\/index.php\/wp-json\/wp\/v2\/posts\/1251\/revisions"}],"predecessor-version":[{"id":1260,"href":"https:\/\/lacronicadesevilla.es\/index.php\/wp-json\/wp\/v2\/posts\/1251\/revisions\/1260"}],"wp:attachment":[{"href":"https:\/\/lacronicadesevilla.es\/index.php\/wp-json\/wp\/v2\/media?parent=1251"}],"wp:term":[{"taxonomy":"category","embeddable":true,"href":"https:\/\/lacronicadesevilla.es\/index.php\/wp-json\/wp\/v2\/categories?post=1251"},{"taxonomy":"post_tag","embeddable":true,"href":"https:\/\/lacronicadesevilla.es\/index.php\/wp-json\/wp\/v2\/tags?post=1251"}],"curies":[{"name":"wp","href":"https:\/\/api.w.org\/{rel}","templated":true}]}}