{"id":12532,"date":"2026-02-28T11:59:20","date_gmt":"2026-02-28T10:59:20","guid":{"rendered":"https:\/\/lacronicadesevilla.es\/?p=12532"},"modified":"2026-03-04T10:33:21","modified_gmt":"2026-03-04T09:33:21","slug":"seda-y-oro-con-inspiracion-flamenca-en-los-nuevos-complementos-de-lina-sevilla","status":"publish","type":"post","link":"https:\/\/lacronicadesevilla.es\/index.php\/2026\/02\/28\/seda-y-oro-con-inspiracion-flamenca-en-los-nuevos-complementos-de-lina-sevilla\/","title":{"rendered":"Seda y oro con inspiraci\u00f3n flamenca en los nuevos complementos de Lina Sevilla"},"content":{"rendered":"\n<p><strong>Es una colecci\u00f3n para llevar en el d\u00eda a d\u00eda, compuesta por camisetas, gorras, cinturones y chaquetas, entre otras prendas y accesorios <\/strong><\/p>\n\n\n<div class=\"wp-block-image\">\n<figure class=\"aligncenter size-full\"><img loading=\"lazy\" decoding=\"async\" width=\"1000\" height=\"563\" src=\"https:\/\/lacronicadesevilla.es\/wp-content\/uploads\/2026\/03\/lina-complementos-26.jpg\" alt=\"\" class=\"wp-image-12534\" srcset=\"https:\/\/lacronicadesevilla.es\/wp-content\/uploads\/2026\/03\/lina-complementos-26.jpg 1000w, https:\/\/lacronicadesevilla.es\/wp-content\/uploads\/2026\/03\/lina-complementos-26-300x169.jpg 300w, https:\/\/lacronicadesevilla.es\/wp-content\/uploads\/2026\/03\/lina-complementos-26-768x432.jpg 768w, https:\/\/lacronicadesevilla.es\/wp-content\/uploads\/2026\/03\/lina-complementos-26-622x350.jpg 622w, https:\/\/lacronicadesevilla.es\/wp-content\/uploads\/2026\/03\/lina-complementos-26-150x84.jpg 150w\" sizes=\"auto, (max-width: 1000px) 100vw, 1000px\" \/><\/figure>\n<\/div>\n\n\n<!--more-->\n\n\n\n<p><\/p>\n\n\n\n<p>Inma MART\u00cdN<\/p>\n\n\n\n<p>La <strong>firma de moda flamenca Lina Sevilla<\/strong> ha presentado una <strong>colecci\u00f3n de complementos<\/strong> pensados para el d\u00eda a d\u00eda de la temporada primavera\/verano 2026. Para sus directoras, Roc\u00edo y Mila Montero, esta colecci\u00f3n, denominada <em>Movimiento<\/em>, nace de \u201cnuestro gusto por las cosas lentas y la alta artesan\u00eda que nos define como marca\u201d.<\/p>\n\n\n\n<p>Fiel a su esencia, lo flamenco forma parte de esta reci\u00e9n estrenada colecci\u00f3n. As\u00ed pues, detalles, como flores, bordados y filigranas, est\u00e1n presentes en los variados art\u00edculos, entre los que figuran camisetas, gorras, zapatos de tac\u00f3n, chaquetas, sobrevestidos de gasa, cinturones, abanicos, mantones y mantoncillos pintados. De exquisito gusto son los <strong>pa\u00f1uelos de seda<\/strong> con un estampado inspirado en la <strong>mantilla espa\u00f1ola<\/strong>, de manera que la tradici\u00f3n se funde con un dise\u00f1o actual y funcional. Respecto a la paleta crom\u00e1tica de la colecci\u00f3n, predominan el color rojo y los tonos rosas y azules, as\u00ed como la combinaci\u00f3n del blanco con el negro.<\/p>\n\n\n\n<figure class=\"wp-block-gallery has-nested-images columns-default is-cropped wp-block-gallery-1 is-layout-flex wp-block-gallery-is-layout-flex\">\n<figure class=\"wp-block-image size-large\"><img loading=\"lazy\" decoding=\"async\" width=\"600\" height=\"669\" data-id=\"12554\" src=\"https:\/\/lacronicadesevilla.es\/wp-content\/uploads\/2026\/03\/lina-zapatos-26.jpg\" alt=\"\" class=\"wp-image-12554\" srcset=\"https:\/\/lacronicadesevilla.es\/wp-content\/uploads\/2026\/03\/lina-zapatos-26.jpg 600w, https:\/\/lacronicadesevilla.es\/wp-content\/uploads\/2026\/03\/lina-zapatos-26-269x300.jpg 269w, https:\/\/lacronicadesevilla.es\/wp-content\/uploads\/2026\/03\/lina-zapatos-26-314x350.jpg 314w, https:\/\/lacronicadesevilla.es\/wp-content\/uploads\/2026\/03\/lina-zapatos-26-135x150.jpg 135w\" sizes=\"auto, (max-width: 600px) 100vw, 600px\" \/><\/figure>\n\n\n\n<figure class=\"wp-block-image size-large\"><img loading=\"lazy\" decoding=\"async\" width=\"500\" height=\"591\" data-id=\"12555\" src=\"https:\/\/lacronicadesevilla.es\/wp-content\/uploads\/2026\/03\/lina-gorra-26.jpg\" alt=\"\" class=\"wp-image-12555\" srcset=\"https:\/\/lacronicadesevilla.es\/wp-content\/uploads\/2026\/03\/lina-gorra-26.jpg 500w, https:\/\/lacronicadesevilla.es\/wp-content\/uploads\/2026\/03\/lina-gorra-26-254x300.jpg 254w, https:\/\/lacronicadesevilla.es\/wp-content\/uploads\/2026\/03\/lina-gorra-26-296x350.jpg 296w, https:\/\/lacronicadesevilla.es\/wp-content\/uploads\/2026\/03\/lina-gorra-26-127x150.jpg 127w\" sizes=\"auto, (max-width: 500px) 100vw, 500px\" \/><\/figure>\n<figcaption class=\"blocks-gallery-caption wp-element-caption\"><strong>Zapatos y gorra con claveles bordados de la colecci\u00f3n <em>Movimiento<\/em><\/strong><\/figcaption><\/figure>\n\n\n\n<p><\/p>\n\n\n\n<p>La pieza m\u00e1s especial son unos llamativos <strong>pendientes ba\u00f1ados en oro de 24 quilates<\/strong>, que han sido elaborados en exclusiva para Lina Sevilla por el taller cordob\u00e9s Paula Orfebres. El dise\u00f1o, inspirado en el estampado de un pa\u00f1uelo propiedad de la marca, traduce al metal los dibujos y bordados ic\u00f3nicos de las prendas de esta firma, de forma que la herencia textil se transforma en una joya.&nbsp;<\/p>\n\n\n<div class=\"wp-block-image\">\n<figure class=\"aligncenter size-full is-resized\"><img loading=\"lazy\" decoding=\"async\" width=\"800\" height=\"666\" src=\"https:\/\/lacronicadesevilla.es\/wp-content\/uploads\/2026\/03\/lina-pendientes-26.jpg\" alt=\"\" class=\"wp-image-12541\" style=\"aspect-ratio:1.2011987441278176;width:513px;height:auto\" srcset=\"https:\/\/lacronicadesevilla.es\/wp-content\/uploads\/2026\/03\/lina-pendientes-26.jpg 800w, https:\/\/lacronicadesevilla.es\/wp-content\/uploads\/2026\/03\/lina-pendientes-26-300x250.jpg 300w, https:\/\/lacronicadesevilla.es\/wp-content\/uploads\/2026\/03\/lina-pendientes-26-768x639.jpg 768w, https:\/\/lacronicadesevilla.es\/wp-content\/uploads\/2026\/03\/lina-pendientes-26-420x350.jpg 420w, https:\/\/lacronicadesevilla.es\/wp-content\/uploads\/2026\/03\/lina-pendientes-26-150x125.jpg 150w\" sizes=\"auto, (max-width: 800px) 100vw, 800px\" \/><figcaption class=\"wp-element-caption\"><strong>Un dise\u00f1o de orfebrer\u00eda exclusivo para Lina Sevilla<\/strong><\/figcaption><\/figure>\n<\/div>\n\n\n<p>Durante la presentaci\u00f3n, que tuvo lugar en el hotel Querencia de Sevilla, Roc\u00edo Montero hizo alusi\u00f3n a los vestidos de flamenca de Lina, que pasan de madres a hijas, incluso de abuelas a nietas. \u201cSon prendas que est\u00e1n ligadas a historias humanas\u201d, a\u00f1ade la directora creativa. Seg\u00fan indica, el objetivo ha sido que esta tradici\u00f3n familiar se plasme en la moda y en los complementos cotidianos del d\u00eda a d\u00eda, como los que acaban de dar a conocer. Porque, tal y como afirma Montero, \u201cLina son nuestras clientas cuando lucen nuestros trajes y accesorios, y as\u00ed nos mantienen viva\u201d. En el caso de esta nueva colecci\u00f3n, ya est\u00e1 disponible en la web y en la tienda sita en el n\u00famero 11 de la calle \u00c1lvarez Quintero.<\/p>\n\n\n\n<p><\/p>\n","protected":false},"excerpt":{"rendered":"<p>Es una colecci\u00f3n para llevar en el d\u00eda a d\u00eda, compuesta por camisetas, gorras, cinturones y chaquetas, entre otras prendas y accesorios <a class=\"continue-reading-link\" href=\"https:\/\/lacronicadesevilla.es\/index.php\/2026\/02\/28\/seda-y-oro-con-inspiracion-flamenca-en-los-nuevos-complementos-de-lina-sevilla\/\"><\/a><\/p>\n","protected":false},"author":50,"featured_media":0,"comment_status":"closed","ping_status":"closed","sticky":false,"template":"","format":"standard","meta":{"footnotes":""},"categories":[9],"tags":[84,129,1088,1848,1846,1844,1849,1847,24,1005,18],"class_list":["post-12532","post","type-post","status-publish","format-standard","hentry","category-sociedad","tag-complementos","tag-feria-de-abril","tag-feria-de-sevilla","tag-gorras","tag-hotel-querencia","tag-lina-sevilla","tag-mantillas","tag-mantoncillos","tag-moda-flamenca","tag-pendientes","tag-sevilla"],"_links":{"self":[{"href":"https:\/\/lacronicadesevilla.es\/index.php\/wp-json\/wp\/v2\/posts\/12532","targetHints":{"allow":["GET"]}}],"collection":[{"href":"https:\/\/lacronicadesevilla.es\/index.php\/wp-json\/wp\/v2\/posts"}],"about":[{"href":"https:\/\/lacronicadesevilla.es\/index.php\/wp-json\/wp\/v2\/types\/post"}],"author":[{"embeddable":true,"href":"https:\/\/lacronicadesevilla.es\/index.php\/wp-json\/wp\/v2\/users\/50"}],"replies":[{"embeddable":true,"href":"https:\/\/lacronicadesevilla.es\/index.php\/wp-json\/wp\/v2\/comments?post=12532"}],"version-history":[{"count":22,"href":"https:\/\/lacronicadesevilla.es\/index.php\/wp-json\/wp\/v2\/posts\/12532\/revisions"}],"predecessor-version":[{"id":12564,"href":"https:\/\/lacronicadesevilla.es\/index.php\/wp-json\/wp\/v2\/posts\/12532\/revisions\/12564"}],"wp:attachment":[{"href":"https:\/\/lacronicadesevilla.es\/index.php\/wp-json\/wp\/v2\/media?parent=12532"}],"wp:term":[{"taxonomy":"category","embeddable":true,"href":"https:\/\/lacronicadesevilla.es\/index.php\/wp-json\/wp\/v2\/categories?post=12532"},{"taxonomy":"post_tag","embeddable":true,"href":"https:\/\/lacronicadesevilla.es\/index.php\/wp-json\/wp\/v2\/tags?post=12532"}],"curies":[{"name":"wp","href":"https:\/\/api.w.org\/{rel}","templated":true}]}}