{"id":12618,"date":"2026-03-10T23:40:00","date_gmt":"2026-03-10T22:40:00","guid":{"rendered":"https:\/\/lacronicadesevilla.es\/?p=12618"},"modified":"2026-03-11T15:23:11","modified_gmt":"2026-03-11T14:23:11","slug":"el-club-de-tenis-betis-inaugura-su-foro-centenario-que-contempla-actividades-deportivas-y-sociales","status":"publish","type":"post","link":"https:\/\/lacronicadesevilla.es\/index.php\/2026\/03\/10\/el-club-de-tenis-betis-inaugura-su-foro-centenario-que-contempla-actividades-deportivas-y-sociales\/","title":{"rendered":"El Club de Tenis Betis inaugura un Foro Centenario que contempla actividades deportivas y sociales"},"content":{"rendered":"\n<p><strong>Por coincidir ambas efem\u00e9rides, la instituci\u00f3n se suma a la conmemoraci\u00f3n de la Exposici\u00f3n Iberoamericana de Sevilla de 1929<\/strong><\/p>\n\n\n<div class=\"wp-block-image\">\n<figure class=\"aligncenter size-full\"><img loading=\"lazy\" decoding=\"async\" width=\"1000\" height=\"468\" src=\"https:\/\/lacronicadesevilla.es\/wp-content\/uploads\/2026\/03\/foro-centenario-tenis-betis.jpg\" alt=\"\" class=\"wp-image-12622\" srcset=\"https:\/\/lacronicadesevilla.es\/wp-content\/uploads\/2026\/03\/foro-centenario-tenis-betis.jpg 1000w, https:\/\/lacronicadesevilla.es\/wp-content\/uploads\/2026\/03\/foro-centenario-tenis-betis-300x140.jpg 300w, https:\/\/lacronicadesevilla.es\/wp-content\/uploads\/2026\/03\/foro-centenario-tenis-betis-768x359.jpg 768w, https:\/\/lacronicadesevilla.es\/wp-content\/uploads\/2026\/03\/foro-centenario-tenis-betis-748x350.jpg 748w, https:\/\/lacronicadesevilla.es\/wp-content\/uploads\/2026\/03\/foro-centenario-tenis-betis-150x70.jpg 150w\" sizes=\"auto, (max-width: 1000px) 100vw, 1000px\" \/><figcaption class=\"wp-element-caption\"><strong>Patricia del Pozo intervino en la inauguraci\u00f3n del Foro<\/strong><\/figcaption><\/figure>\n<\/div>\n\n\n<!--more-->\n\n\n\n<p>Inma MART\u00cdN<\/p>\n\n\n\n<p>A punto de cumplir un siglo de vida, el <strong>Real Club de Tenis Betis<\/strong> ha inaugurado su <strong>Foro Centenario<\/strong>. Esta iniciativa se configura como un espacio de reflexi\u00f3n sobre el deporte, pero tambi\u00e9n sobre los valores sociales y la importancia de los mismos en el desarrollo y la transformaci\u00f3n de la ciudad de Sevilla.<\/p>\n\n\n\n<p>La presentaci\u00f3n de este Foro Centenario tuvo lugar en el teatro de la <strong>Fundaci\u00f3n Cajasol <\/strong>y cont\u00f3 con la presencia y el apoyo expl\u00edcito de autoridades locales y auton\u00f3micas. En este sentido, participaron en el evento la <strong>consejera de Cultura y Deporte<\/strong> de la Junta de Andaluc\u00eda, <strong>Patricia del Pozo<\/strong>, y la delegada de Deporte del Ayuntamiento hispalense, <strong>Mar\u00eda Tena<\/strong>; as\u00ed como el presidente del Club de Tenis Betis, <strong>Pedro Mart\u00ednez-Fons<\/strong>, y <strong>Julio Cuesta<\/strong>, comisario de la conmemoraci\u00f3n del centenario de la Exposici\u00f3n Iberoamericana de 1929, quien pronunci\u00f3 una ponencia titulada &#8216;Razones para una celebraci\u00f3n&#8217;. Entre el p\u00fablico, presidentes de otros clubs de tenis y numerosos socios y socias arroparon con su asistencia el proyecto de esta instituci\u00f3n.<\/p>\n\n\n\n<p>El centenario del Club de Tenis Betis coincide en el tiempo con otra efem\u00e9ride especial, los <strong>cien a\u00f1os de la Exposici\u00f3n Iberoamericana de 1929<\/strong>. Dada estas circunstancias, Julio Cuesta se\u00f1al\u00f3 la intenci\u00f3n del Club, como organizaci\u00f3n se\u00f1era de la ciudad, de sumarse a los actos conmemorativos de un programa que rememora una transformaci\u00f3n urban\u00edstica de Sevilla que a\u00fan perdura a trav\u00e9s de lugares emblem\u00e1ticos, como la <strong>Plaza de Espa\u00f1a<\/strong>, el Museo Arqueol\u00f3gico, el <strong>hotel Alfonso XIII<\/strong> o los pabellones expositivos, 19 edificios de los que a\u00fan se conservan 13, tales como el de Argentina, M\u00e9xico o Colombia. Cuesta tambi\u00e9n se refiri\u00f3 a la construcci\u00f3n en aquellas fechas de nuevos barrios, como Heli\u00f3polis o El Porvenir, siendo este \u00faltimo al que pertenece el Club de Tenis Betis. Por tanto, hablamos de unos datos, temporales y espaciales, que refuerzan la ligaz\u00f3n entre ambos centenarios.<\/p>\n\n\n<div class=\"wp-block-image\">\n<figure class=\"aligncenter size-full\"><img loading=\"lazy\" decoding=\"async\" width=\"905\" height=\"448\" src=\"https:\/\/lacronicadesevilla.es\/wp-content\/uploads\/2026\/03\/foro-centenario-betis-sevilla-1-1.png\" alt=\"\" class=\"wp-image-12639\" srcset=\"https:\/\/lacronicadesevilla.es\/wp-content\/uploads\/2026\/03\/foro-centenario-betis-sevilla-1-1.png 905w, https:\/\/lacronicadesevilla.es\/wp-content\/uploads\/2026\/03\/foro-centenario-betis-sevilla-1-1-300x149.png 300w, https:\/\/lacronicadesevilla.es\/wp-content\/uploads\/2026\/03\/foro-centenario-betis-sevilla-1-1-768x380.png 768w, https:\/\/lacronicadesevilla.es\/wp-content\/uploads\/2026\/03\/foro-centenario-betis-sevilla-1-1-707x350.png 707w, https:\/\/lacronicadesevilla.es\/wp-content\/uploads\/2026\/03\/foro-centenario-betis-sevilla-1-1-150x74.png 150w\" sizes=\"auto, (max-width: 905px) 100vw, 905px\" \/><\/figure>\n<\/div>\n\n\n<p><\/p>\n\n\n\n<p><strong>Valores familiares y de amistad<\/strong><br>Durante su intervenci\u00f3n, la delegada de Deporte del Ayuntamiento, Mar\u00eda Tena, record\u00f3 la importancia deportiva del Club de Tenis Betis, donde \u201chan jugado primeras raquetas mundiales\u201d. Pero tambi\u00e9n puso en valor su faceta social, pues adem\u00e1s de aprender a jugar, se adquieren valores, como la templanza, la aceptaci\u00f3n de la derrota o el respeto al contrincante. Para Tena, \u201cla fortaleza del Club son sus socios y el esp\u00edritu familiar y de amistad, que se transmite de generaci\u00f3n en generaci\u00f3n\u201d.<\/p>\n\n\n\n<p>Por su parte, la consejera de Cultura y Deporte destac\u00f3 \u201cel patrimonio inmaterial del Club, referido a los valores y los principios inalterables construidos en torno al deporte y la tolerancia\u201d. Del Pozo expres\u00f3 que \u201cla historia de esta instituci\u00f3n ha sido paralela a la transformaci\u00f3n de Sevilla durante estos \u00faltimos cien a\u00f1os\u201d. Por ello, este centenario \u201ces justo para reconocer su contribuci\u00f3n al cambio y las mejoras acontecidas en la ciudad\u201d.<\/p>\n","protected":false},"excerpt":{"rendered":"<p>Por coincidir ambas efem\u00e9rides, la instituci\u00f3n se suma a la conmemoraci\u00f3n de la Exposici\u00f3n Iberoamericana de Sevilla de 1929 <a class=\"continue-reading-link\" href=\"https:\/\/lacronicadesevilla.es\/index.php\/2026\/03\/10\/el-club-de-tenis-betis-inaugura-su-foro-centenario-que-contempla-actividades-deportivas-y-sociales\/\"><\/a><\/p>\n","protected":false},"author":50,"featured_media":0,"comment_status":"closed","ping_status":"closed","sticky":false,"template":"","format":"standard","meta":{"footnotes":""},"categories":[13],"tags":[1674,1590,1868,1867,18,1672],"class_list":["post-12618","post","type-post","status-publish","format-standard","hentry","category-deportes","tag-1674","tag-centenario","tag-julio-cuesta","tag-real-club-de-tenis-betis","tag-sevilla","tag-tenis"],"_links":{"self":[{"href":"https:\/\/lacronicadesevilla.es\/index.php\/wp-json\/wp\/v2\/posts\/12618","targetHints":{"allow":["GET"]}}],"collection":[{"href":"https:\/\/lacronicadesevilla.es\/index.php\/wp-json\/wp\/v2\/posts"}],"about":[{"href":"https:\/\/lacronicadesevilla.es\/index.php\/wp-json\/wp\/v2\/types\/post"}],"author":[{"embeddable":true,"href":"https:\/\/lacronicadesevilla.es\/index.php\/wp-json\/wp\/v2\/users\/50"}],"replies":[{"embeddable":true,"href":"https:\/\/lacronicadesevilla.es\/index.php\/wp-json\/wp\/v2\/comments?post=12618"}],"version-history":[{"count":17,"href":"https:\/\/lacronicadesevilla.es\/index.php\/wp-json\/wp\/v2\/posts\/12618\/revisions"}],"predecessor-version":[{"id":12641,"href":"https:\/\/lacronicadesevilla.es\/index.php\/wp-json\/wp\/v2\/posts\/12618\/revisions\/12641"}],"wp:attachment":[{"href":"https:\/\/lacronicadesevilla.es\/index.php\/wp-json\/wp\/v2\/media?parent=12618"}],"wp:term":[{"taxonomy":"category","embeddable":true,"href":"https:\/\/lacronicadesevilla.es\/index.php\/wp-json\/wp\/v2\/categories?post=12618"},{"taxonomy":"post_tag","embeddable":true,"href":"https:\/\/lacronicadesevilla.es\/index.php\/wp-json\/wp\/v2\/tags?post=12618"}],"curies":[{"name":"wp","href":"https:\/\/api.w.org\/{rel}","templated":true}]}}