{"id":12642,"date":"2026-03-11T15:52:17","date_gmt":"2026-03-11T14:52:17","guid":{"rendered":"https:\/\/lacronicadesevilla.es\/?p=12642"},"modified":"2026-03-27T10:29:16","modified_gmt":"2026-03-27T09:29:16","slug":"el-llamador-2026-de-canal-sur-consagra-al-restaurador-pedro-manzano-en-una-noche-de-reivindicacion-de-la-radio-cofrade","status":"publish","type":"post","link":"https:\/\/lacronicadesevilla.es\/index.php\/2026\/03\/11\/el-llamador-2026-de-canal-sur-consagra-al-restaurador-pedro-manzano-en-una-noche-de-reivindicacion-de-la-radio-cofrade\/","title":{"rendered":"&#8216;El Llamador&#8217; 2026  de Canal Sur reconoce la maestr\u00eda del restaurador Pedro Manzano"},"content":{"rendered":"\n<p><strong>Las claves de la velada fueron la emoci\u00f3n por Adamuz, el recuerdo de la hist\u00f3rica procesi\u00f3n en Roma y la reivindicaci\u00f3n de la radio cofrade<\/strong><\/p>\n\n\n<div class=\"wp-block-image\">\n<figure class=\"aligncenter size-full\"><img loading=\"lazy\" decoding=\"async\" width=\"1000\" height=\"541\" src=\"https:\/\/lacronicadesevilla.es\/wp-content\/uploads\/2026\/03\/llamador-26-manzano.jpg\" alt=\"\" class=\"wp-image-12646\" srcset=\"https:\/\/lacronicadesevilla.es\/wp-content\/uploads\/2026\/03\/llamador-26-manzano.jpg 1000w, https:\/\/lacronicadesevilla.es\/wp-content\/uploads\/2026\/03\/llamador-26-manzano-300x162.jpg 300w, https:\/\/lacronicadesevilla.es\/wp-content\/uploads\/2026\/03\/llamador-26-manzano-768x415.jpg 768w, https:\/\/lacronicadesevilla.es\/wp-content\/uploads\/2026\/03\/llamador-26-manzano-647x350.jpg 647w, https:\/\/lacronicadesevilla.es\/wp-content\/uploads\/2026\/03\/llamador-26-manzano-150x81.jpg 150w\" sizes=\"auto, (max-width: 1000px) 100vw, 1000px\" \/><figcaption class=\"wp-element-caption\"><strong>Pedro Manzano posa con su Llamador<\/strong>. J. Fern\u00e1ndez<\/figcaption><\/figure>\n<\/div>\n\n\n<!--more-->\n\n\n\n<p>Jos\u00e9 FERN\u00c1NDEZ<\/p>\n\n\n\n<p>La <strong>Cuaresma<\/strong> sevillana no se entiende sin la tradicional <strong>gala de El Llamador de Canal Sur.<\/strong> En esta gran cita, el escenario volvi\u00f3 a vestirse de largo para rendir tributo a uno de los oficios m\u00e1s silenciosos, pero vitales para la <strong>Semana Santa<\/strong>: la conservaci\u00f3n de sus mayores devociones. El reconocimiento de este 2026 ha reca\u00eddo en <strong><a href=\"https:\/\/lacronicadesevilla.es\/index.php\/2024\/04\/02\/entrevista-a-pedro-manzano-especialista-en-conservacion-y-restauracion-de-obras-de-arte\/\">Pedro Manzano<\/a><\/strong>, el \u2018m\u00e9dico\u2019 de las im\u00e1genes, cuyo nombre ya es historia viva de la ciudad tras culminar con brillantez, entre otras muchas obras maestras, la reciente <strong>restauraci\u00f3n de la Esperanza Macarena<\/strong>.<\/p>\n\n\n\n<p>Durante su intervenci\u00f3n, que supuso el cl\u00edmax emocional del acto, Manzano realiz\u00f3 un entra\u00f1able recorrido por su vida y trayectoria profesional, demostrando por qu\u00e9 es el gran referente de la conservaci\u00f3n en su sector. Su labor ha sido, y es, el puente que garantiza que el patrimonio devocional de Sevilla llegue intacto a las generaciones venideras.<\/p>\n\n\n\n<p>El acto, conducido con la habitual maestr\u00eda del equipo de Canal Sur, arranc\u00f3 rompiendo moldes. La actuaci\u00f3n de <strong>La Chirigota del Bizcocho<\/strong>, recordando aquel celebrado primer premio <strong>&#8216;Ssshhhhh!!&#8217;<\/strong> en los <strong>Carnavales de C\u00e1diz<\/strong>, puso la nota de humor, demostrando que la iron\u00eda y el respeto cofrade pueden ir de la mano.<\/p>\n\n\n\n<p>Pronto, la gala vir\u00f3 hacia la solemnidad. La \u2018banda de Roma\u2019, formada por La Puebla del R\u00edo y la Oliva de Salteras, marcaron el inicio con los sones de <em>El Cachorro saeta sevillana<\/em>. Fue el preludio perfecto para uno de los momentos m\u00e1s sobrecogedores: el recuerdo a las <strong>v\u00edctimas de Adamuz<\/strong>, y a todas esas personas que han sufrido por las recientes inundaciones en Andaluc\u00eda, un homenaje que condujeron con tremenda sensibilidad y que arranc\u00f3 los aplausos de todo el p\u00fablico.<\/p>\n\n\n\n<p><strong>La radio como refugio y voz de la experiencia<\/strong><br>Si de radio y Semana Santa se trata, la figura de <strong>Pive Amador<\/strong> era indispensable en esta gala. Su intervenci\u00f3n fue un aut\u00e9ntico elogio a las ondas. Pive record\u00f3 sus ra\u00edces, su crecimiento personal en torno a la fiesta mayor y, muy especialmente, a su <strong>Hermandad de Los Panaderos<\/strong>, dedicando un sentido recuerdo a la figura de su padre, Antonio Amador.<\/p>\n\n\n<div class=\"wp-block-image\">\n<figure class=\"aligncenter size-full\"><img loading=\"lazy\" decoding=\"async\" width=\"1000\" height=\"553\" src=\"https:\/\/lacronicadesevilla.es\/wp-content\/uploads\/2026\/03\/llamador-26-banda-sol.jpg\" alt=\"\" class=\"wp-image-12648\" srcset=\"https:\/\/lacronicadesevilla.es\/wp-content\/uploads\/2026\/03\/llamador-26-banda-sol.jpg 1000w, https:\/\/lacronicadesevilla.es\/wp-content\/uploads\/2026\/03\/llamador-26-banda-sol-300x166.jpg 300w, https:\/\/lacronicadesevilla.es\/wp-content\/uploads\/2026\/03\/llamador-26-banda-sol-768x425.jpg 768w, https:\/\/lacronicadesevilla.es\/wp-content\/uploads\/2026\/03\/llamador-26-banda-sol-633x350.jpg 633w, https:\/\/lacronicadesevilla.es\/wp-content\/uploads\/2026\/03\/llamador-26-banda-sol-150x83.jpg 150w\" sizes=\"auto, (max-width: 1000px) 100vw, 1000px\" \/><figcaption class=\"wp-element-caption\"><strong>La Banda del Sol interpret\u00f3 la marcha <\/strong><em><strong>Por Sevilla siempre<\/strong><\/em>. J. Fern\u00e1ndez<\/figcaption><\/figure>\n<\/div>\n\n\n<p>Con la perspectiva que dan los a\u00f1os, Pive reflexion\u00f3 sobre la vejez y c\u00f3mo el paso del tiempo transforma la forma de vivir la Semana Santa. Puso en valor el papel del programa El Llamador como \u00abel mayor consuelo y la mejor compa\u00f1\u00eda para los m\u00e1s viejos\u00bb, quienes a trav\u00e9s de la radio siguen procesionando cada primavera. Fiel a su estilo, cerr\u00f3 su aplaudida intervenci\u00f3n cantando, levantando al p\u00fablico de sus asientos.<\/p>\n\n\n\n<p><strong>La marcha del preg\u00f3n de este a\u00f1o<\/strong><br>La m\u00fasica, hilo conductor del evento, tuvo paradas memorables. La <strong>Banda del Sol <\/strong>hizo vibrar al auditorio con su interpretaci\u00f3n de la marcha <em>Por Sevilla siempre<\/em>, mientras que la Agrupaci\u00f3n Musical de Los Gitanos levant\u00f3 ovaciones con un cuidado popurr\u00ed de sus marchas m\u00e1s se\u00f1eras. No faltaron los cl\u00e1sicos, como la interpretaci\u00f3n de <em>Esperanza Macarena<\/em>, de Pedro Morales.<\/p>\n\n\n\n<p>La gala sirvi\u00f3 tambi\u00e9n de antesala para el Domingo de Pasi\u00f3n. El <strong>pregonero de la Semana Santa 2026, Jos\u00e9 Antonio Rodr\u00edguez<\/strong>, tom\u00f3 la palabra para desvelar uno de sus secretos mejor guardados: la marcha que sonar\u00e1 antes de su disertaci\u00f3n. La elegida es <em>La Misi\u00f3n de la Esperanza<\/em>, obra de Rub\u00e9n Jord\u00e1n, que fue interpretada a continuaci\u00f3n en el auditorio.<\/p>\n\n\n\n<p>El broche de oro musical, en una velada donde tambi\u00e9n brillaron los incombustibles <strong>Cantores de H\u00edspalis<\/strong>, lo puso un estreno absoluto de incalculable valor: la interpretaci\u00f3n por primera vez de <em>Cachorro Eterno<\/em>, la nueva composici\u00f3n de Crist\u00f3bal L\u00f3pez G\u00e1ndara.<\/p>\n\n\n\n<p><strong>Roma en el recuerdo y el compromiso de Canal Sur<\/strong><br>La representaci\u00f3n institucional congreg\u00f3 en el escenario a Antonio Sanz, consejero de Sanidad, Presidencia y Emergencias de la Junta de Andaluc\u00eda; Manuel Al\u00e9s, teniente de Alcalde delegado de Fiestas Mayores del Ayuntamiento; y Juande Mellado, director general de la RTVA y Canal Sur Radio y Televisi\u00f3n.<\/p>\n\n\n\n<p>A lo largo de los discursos, incluida la intervenci\u00f3n de Sonia Chapado, directora de programas de Canal Sur, hubo un denominador com\u00fan: el hito hist\u00f3rico que supuso la presencia y retransmisi\u00f3n del Sant\u00edsimo Cristo de la Expiraci\u00f3n, El Cachorro, y de la Esperanza de M\u00e1laga en Roma. Manuel Al\u00e9s destac\u00f3, repetidamente, la capacidad t\u00e9cnica de la RTVA para llevar aquel momento a todos los hogares, mientras que Juande Mellado reafirm\u00f3 el compromiso inquebrantable de la cadena p\u00fablica con la programaci\u00f3n de Semana Santa y el enorme impacto social y cultural que esta tiene para Andaluc\u00eda.<\/p>\n\n\n<div class=\"wp-block-image\">\n<figure class=\"aligncenter size-full\"><img loading=\"lazy\" decoding=\"async\" width=\"800\" height=\"517\" src=\"https:\/\/lacronicadesevilla.es\/wp-content\/uploads\/2026\/03\/portada-el-llamador.jpg\" alt=\"\" class=\"wp-image-12651\" srcset=\"https:\/\/lacronicadesevilla.es\/wp-content\/uploads\/2026\/03\/portada-el-llamador.jpg 800w, https:\/\/lacronicadesevilla.es\/wp-content\/uploads\/2026\/03\/portada-el-llamador-300x194.jpg 300w, https:\/\/lacronicadesevilla.es\/wp-content\/uploads\/2026\/03\/portada-el-llamador-768x496.jpg 768w, https:\/\/lacronicadesevilla.es\/wp-content\/uploads\/2026\/03\/portada-el-llamador-542x350.jpg 542w, https:\/\/lacronicadesevilla.es\/wp-content\/uploads\/2026\/03\/portada-el-llamador-150x97.jpg 150w\" sizes=\"auto, (max-width: 800px) 100vw, 800px\" \/><figcaption class=\"wp-element-caption\"><strong>Portada de la edici\u00f3n impresa de El Llamador 2026, obra de Jorge Gallego<\/strong><\/figcaption><\/figure>\n<\/div>\n\n\n<p>Como marca la tradici\u00f3n, la gala depar\u00f3 tambi\u00e9n la presentaci\u00f3n de la portada de la <strong>edici\u00f3n en papel de El Llamador 2026<\/strong>, obra de Jorge Gallego. El pintor sevillano explic\u00f3 su creaci\u00f3n defini\u00e9ndola como una pintura costumbrista adaptada al siglo XXI, un reflejo fiel de c\u00f3mo la ciudad sigue viviendo su tradici\u00f3n desde un prisma contempor\u00e1neo.<\/p>\n\n\n\n<p>La entrega de El Llamador volvi\u00f3 a ser ese punto de encuentro donde Sevilla se mira al espejo de su Cuaresma. Una cita donde la radio se hizo carne, donde la m\u00fasica anunci\u00f3 lo que est\u00e1 por venir y donde, sobre todo, se hizo justicia con las manos de Pedro Manzano, el hombre que cuida del &#8216;alma de madera&#8217; de la ciudad.<\/p>\n","protected":false},"excerpt":{"rendered":"<p>Las claves de la velada fueron la emoci\u00f3n por Adamuz, el recuerdo de la hist\u00f3rica procesi\u00f3n en Roma y la reivindicaci\u00f3n de la radio cofrade <a class=\"continue-reading-link\" href=\"https:\/\/lacronicadesevilla.es\/index.php\/2026\/03\/11\/el-llamador-2026-de-canal-sur-consagra-al-restaurador-pedro-manzano-en-una-noche-de-reivindicacion-de-la-radio-cofrade\/\"><\/a><\/p>\n","protected":false},"author":50,"featured_media":0,"comment_status":"closed","ping_status":"closed","sticky":false,"template":"","format":"standard","meta":{"footnotes":""},"categories":[14,12],"tags":[],"class_list":["post-12642","post","type-post","status-publish","format-standard","hentry","category-comunicacion","category-cultura"],"_links":{"self":[{"href":"https:\/\/lacronicadesevilla.es\/index.php\/wp-json\/wp\/v2\/posts\/12642","targetHints":{"allow":["GET"]}}],"collection":[{"href":"https:\/\/lacronicadesevilla.es\/index.php\/wp-json\/wp\/v2\/posts"}],"about":[{"href":"https:\/\/lacronicadesevilla.es\/index.php\/wp-json\/wp\/v2\/types\/post"}],"author":[{"embeddable":true,"href":"https:\/\/lacronicadesevilla.es\/index.php\/wp-json\/wp\/v2\/users\/50"}],"replies":[{"embeddable":true,"href":"https:\/\/lacronicadesevilla.es\/index.php\/wp-json\/wp\/v2\/comments?post=12642"}],"version-history":[{"count":18,"href":"https:\/\/lacronicadesevilla.es\/index.php\/wp-json\/wp\/v2\/posts\/12642\/revisions"}],"predecessor-version":[{"id":12676,"href":"https:\/\/lacronicadesevilla.es\/index.php\/wp-json\/wp\/v2\/posts\/12642\/revisions\/12676"}],"wp:attachment":[{"href":"https:\/\/lacronicadesevilla.es\/index.php\/wp-json\/wp\/v2\/media?parent=12642"}],"wp:term":[{"taxonomy":"category","embeddable":true,"href":"https:\/\/lacronicadesevilla.es\/index.php\/wp-json\/wp\/v2\/categories?post=12642"},{"taxonomy":"post_tag","embeddable":true,"href":"https:\/\/lacronicadesevilla.es\/index.php\/wp-json\/wp\/v2\/tags?post=12642"}],"curies":[{"name":"wp","href":"https:\/\/api.w.org\/{rel}","templated":true}]}}