{"id":12665,"date":"2026-03-11T14:41:00","date_gmt":"2026-03-11T13:41:00","guid":{"rendered":"https:\/\/lacronicadesevilla.es\/?p=12665"},"modified":"2026-03-13T12:43:16","modified_gmt":"2026-03-13T11:43:16","slug":"premios-cofrades-el-cabildo-a-la-solidaridad-y-la-excelencia-en-el-bordado-y-la-comunicacion","status":"publish","type":"post","link":"https:\/\/lacronicadesevilla.es\/index.php\/2026\/03\/11\/premios-cofrades-el-cabildo-a-la-solidaridad-y-la-excelencia-en-el-bordado-y-la-comunicacion\/","title":{"rendered":"Premios cofrades &#8216;El Cabildo&#8217; a la solidaridad y la excelencia en el bordado y la comunicaci\u00f3n"},"content":{"rendered":"\n<p><strong>Los galardones de esta IV edici\u00f3n han sido concedidos al Ropero del Socorro, el taller de Charo Bernardino y el periodista Carlos Herrera<\/strong><\/p>\n\n\n<div class=\"wp-block-image\">\n<figure class=\"aligncenter size-full\"><img loading=\"lazy\" decoding=\"async\" width=\"850\" height=\"453\" src=\"https:\/\/lacronicadesevilla.es\/wp-content\/uploads\/2026\/03\/cabildo-carlos-herrera.png\" alt=\"\" class=\"wp-image-12669\" srcset=\"https:\/\/lacronicadesevilla.es\/wp-content\/uploads\/2026\/03\/cabildo-carlos-herrera.png 850w, https:\/\/lacronicadesevilla.es\/wp-content\/uploads\/2026\/03\/cabildo-carlos-herrera-300x160.png 300w, https:\/\/lacronicadesevilla.es\/wp-content\/uploads\/2026\/03\/cabildo-carlos-herrera-768x409.png 768w, https:\/\/lacronicadesevilla.es\/wp-content\/uploads\/2026\/03\/cabildo-carlos-herrera-657x350.png 657w, https:\/\/lacronicadesevilla.es\/wp-content\/uploads\/2026\/03\/cabildo-carlos-herrera-150x80.png 150w\" sizes=\"auto, (max-width: 850px) 100vw, 850px\" \/><figcaption class=\"wp-element-caption\"><strong>Carlos Herrera recoge su Premio &#8216;El Cabildo&#8217;. <\/strong>Fotograf\u00eda: <a href=\"https:\/\/www.muchodeporte.com\/cabildo\/89808\/emocion-y-reconocimiento-en-la-iv-gala-de-premios-el-cabildo\/\" target=\"_blank\" rel=\"noreferrer noopener\">Muchodeporte<\/a><\/figcaption><\/figure>\n<\/div>\n\n\n<!--more-->\n\n\n\n<p><strong>  <\/strong>Jos\u00e9 FERN\u00c1NDEZ<\/p>\n\n\n\n<p>La IV edici\u00f3n de los <strong>Premios &#8216;El Cabildo&#8217; de Muchodeporte<\/strong> ha sido una de las \u00faltimas citas importantes de la Sevilla cofrade. Esta jornada de agradecimiento ha servido para poner en valor a aquellas entidades, corporaciones y profesionales que, con su labor diaria, engrandecen nuestra Semana Santa y la dotan de sentido m\u00e1s all\u00e1 de los d\u00edas de Pasi\u00f3n.<\/p>\n\n\n\n<p>El \u00e9xito de esta IV Gala confirma la importancia y el valor que el portal Muchodeporte viene desplegando con su secci\u00f3n y podcast &#8216;El Cabildo&#8217;. Lo que naci\u00f3 como un espacio de informaci\u00f3n ha logrado consolidarse como un pilar fundamental de la comunicaci\u00f3n cofrade. Con un despliegue de rigor y cercan\u00eda, Muchodeporte demuestra que la actualidad de nuestras tradiciones requiere de una plataforma fuerte y comprometida que sepa dar voz a los verdaderos protagonistas de la fiesta, acercando la Semana Santa a los hogares durante todo el a\u00f1o.<\/p>\n\n\n\n<p><strong>La acci\u00f3n social del Ropero del Socorro<\/strong><br>Uno de los ejes centrales del acto fue el <strong>Premio a la Acci\u00f3n Social<\/strong>, entregado por Paco Gonz\u00e1lez, de la empresa Sinergia. Este reconocimiento recay\u00f3 en la Hermandad de Nuestro Padre Jes\u00fas Nazareno de Alcal\u00e1 de Guada\u00edra por la inmensa labor que desarrolla su Ropero del Socorro. Se trata de una iniciativa que, desde el a\u00f1o 2015, atiende incansablemente a <strong>ni\u00f1os y ni\u00f1as de casi 300 familias en situaci\u00f3n de vulnerabilidad<\/strong>. El galard\u00f3n subraya que la caridad silenciosa y el cuidado a los m\u00e1s peque\u00f1os es el patrimonio m\u00e1s valioso que atesoran nuestras corporaciones.<\/p>\n\n\n\n<p><strong>La excelencia del bordado<\/strong><br>El arte sacro y los oficios tradicionales tambi\u00e9n tuvieron su espacio de honor con el <strong>Premio a la Excelencia Art\u00edstica<\/strong>. En esta ocasi\u00f3n, el galard\u00f3n, entregado por Antonio Camino, distingui\u00f3 al reconocido taller de <strong>bordados de Charo Bernardino<\/strong>. Esta firma se ha consagrado como una de las grandes referencias del bordado contempor\u00e1neo en el arte sacro, enriqueciendo el patrimonio est\u00e9tico de innumerables cofrad\u00edas. Un justo homenaje a la preservaci\u00f3n de la artesan\u00eda sevillana.<\/p>\n\n\n\n<p><strong>La voz de Carlos Herrera<\/strong><br>En el \u00e1mbito de la comunicaci\u00f3n, el Premio a la Trayectoria Period\u00edstica, entregado con el respaldo de Nimo Grupo, recay\u00f3 en una de las voces m\u00e1s reconocibles de la radio nacional y de nuestra ciudad: Carlos Herrera. El periodista, de cuyo hist\u00f3rico e inolvidable preg\u00f3n de la Semana Santa de Sevilla se cumplen ahora 25 a\u00f1os, recibe este galard\u00f3n como un justo reconocimiento a su innegable aportaci\u00f3n a la difusi\u00f3n de nuestras tradiciones.<\/p>\n\n\n\n<p><strong>Los Servitas en el cartel<\/strong><br>El broche de oro al evento lo puso la presentaci\u00f3n oficial del <strong>Cartel de la Semana Santa de &#8216;El Cabildo&#8217;<\/strong>. En esta edici\u00f3n, la obra lleva la firma del fot\u00f3grafo David Camacho y est\u00e1 protagonizada por la imponente belleza de la Virgen de los Dolores y el Cristo de la Providencia, sagrados titulares de la Hermandad de los Servitas. Una magn\u00edfica instant\u00e1nea que materializa la cuenta atr\u00e1s y que reafirma la apuesta de la plataforma por la est\u00e9tica visual, sumando una nueva joya a la rica iconograf\u00eda de la ciudad.<\/p>\n\n\n\n<p><\/p>\n","protected":false},"excerpt":{"rendered":"<p>Los galardones de esta IV edici\u00f3n han sido concedidos al Ropero del Socorro, el taller de Charo Bernardino y el periodista Carlos Herrera <a class=\"continue-reading-link\" href=\"https:\/\/lacronicadesevilla.es\/index.php\/2026\/03\/11\/premios-cofrades-el-cabildo-a-la-solidaridad-y-la-excelencia-en-el-bordado-y-la-comunicacion\/\"><\/a><\/p>\n","protected":false},"author":50,"featured_media":0,"comment_status":"closed","ping_status":"closed","sticky":false,"template":"","format":"standard","meta":{"footnotes":""},"categories":[8],"tags":[1872,1415,1869,1871,1870,1684,1161,307,404,18],"class_list":["post-12665","post","type-post","status-publish","format-standard","hentry","category-sevilla","tag-carlos-herrera","tag-cuaresma","tag-el-cabildo","tag-los-servitas","tag-muchodeporte","tag-podcast","tag-premios","tag-radio","tag-semana-santa","tag-sevilla"],"_links":{"self":[{"href":"https:\/\/lacronicadesevilla.es\/index.php\/wp-json\/wp\/v2\/posts\/12665","targetHints":{"allow":["GET"]}}],"collection":[{"href":"https:\/\/lacronicadesevilla.es\/index.php\/wp-json\/wp\/v2\/posts"}],"about":[{"href":"https:\/\/lacronicadesevilla.es\/index.php\/wp-json\/wp\/v2\/types\/post"}],"author":[{"embeddable":true,"href":"https:\/\/lacronicadesevilla.es\/index.php\/wp-json\/wp\/v2\/users\/50"}],"replies":[{"embeddable":true,"href":"https:\/\/lacronicadesevilla.es\/index.php\/wp-json\/wp\/v2\/comments?post=12665"}],"version-history":[{"count":8,"href":"https:\/\/lacronicadesevilla.es\/index.php\/wp-json\/wp\/v2\/posts\/12665\/revisions"}],"predecessor-version":[{"id":12677,"href":"https:\/\/lacronicadesevilla.es\/index.php\/wp-json\/wp\/v2\/posts\/12665\/revisions\/12677"}],"wp:attachment":[{"href":"https:\/\/lacronicadesevilla.es\/index.php\/wp-json\/wp\/v2\/media?parent=12665"}],"wp:term":[{"taxonomy":"category","embeddable":true,"href":"https:\/\/lacronicadesevilla.es\/index.php\/wp-json\/wp\/v2\/categories?post=12665"},{"taxonomy":"post_tag","embeddable":true,"href":"https:\/\/lacronicadesevilla.es\/index.php\/wp-json\/wp\/v2\/tags?post=12665"}],"curies":[{"name":"wp","href":"https:\/\/api.w.org\/{rel}","templated":true}]}}