{"id":12778,"date":"2026-03-27T10:42:37","date_gmt":"2026-03-27T09:42:37","guid":{"rendered":"https:\/\/lacronicadesevilla.es\/?p=12778"},"modified":"2026-03-27T10:58:01","modified_gmt":"2026-03-27T09:58:01","slug":"la-consejeria-de-cultura-recupera-el-monumento-neolitico-del-castillo-de-cumbres-mayores","status":"publish","type":"post","link":"https:\/\/lacronicadesevilla.es\/index.php\/2026\/03\/27\/la-consejeria-de-cultura-recupera-el-monumento-neolitico-del-castillo-de-cumbres-mayores\/","title":{"rendered":"La Consejer\u00eda de Cultura recupera el monumento neol\u00edtico del castillo de Cumbres Mayores"},"content":{"rendered":"\n<p><strong>Es la \u00fanica fortaleza medieval del mundo que alberga en su interior una colecci\u00f3n de menhires que tuvieron, previsiblemente, fines ceremoniales <\/strong><\/p>\n\n\n<div class=\"wp-block-image\">\n<figure class=\"aligncenter size-full\"><img loading=\"lazy\" decoding=\"async\" width=\"1000\" height=\"500\" src=\"https:\/\/lacronicadesevilla.es\/wp-content\/uploads\/2026\/03\/castillo-Cumbres-Mayores.jpg\" alt=\"\" class=\"wp-image-12784\" srcset=\"https:\/\/lacronicadesevilla.es\/wp-content\/uploads\/2026\/03\/castillo-Cumbres-Mayores.jpg 1000w, https:\/\/lacronicadesevilla.es\/wp-content\/uploads\/2026\/03\/castillo-Cumbres-Mayores-300x150.jpg 300w, https:\/\/lacronicadesevilla.es\/wp-content\/uploads\/2026\/03\/castillo-Cumbres-Mayores-768x384.jpg 768w, https:\/\/lacronicadesevilla.es\/wp-content\/uploads\/2026\/03\/castillo-Cumbres-Mayores-700x350.jpg 700w, https:\/\/lacronicadesevilla.es\/wp-content\/uploads\/2026\/03\/castillo-Cumbres-Mayores-150x75.jpg 150w\" sizes=\"auto, (max-width: 1000px) 100vw, 1000px\" \/><figcaption class=\"wp-element-caption\"><strong>La consejera visit\u00f3 el cr\u00f3mlech de Cumbres Mayores<\/strong><\/figcaption><\/figure>\n<\/div>\n\n\n<!--more-->\n\n\n\n<p>La CR\u00d3NICA<\/p>\n\n\n\n<p>La <strong>Consejer\u00eda de Cultura y Deporte<\/strong> recupera y pone en valor el <strong>cr\u00f3mlech<\/strong> del patio de armas del <strong>castillo de Sancho IV de Cumbres Mayores<\/strong> (Huelva). Este edificio del siglo XIII es \u00fanico en el mundo por contener en su interior un monumento del neol\u00edtico formado por piedras o menhires dispuestas en c\u00edrculos, normalmente, con fines ceremoniales.<\/p>\n\n\n\n<p>En relaci\u00f3n a esta singularidad, la consejera de Cultura y Deporte de la Junta de Andaluc\u00eda, Patricia del Pozo, que ha visitado recientemente las actuaciones en curso en este castillo, resalta que, hasta el momento, \u201cno se ha documentado en ning\u00fan otro lugar otra <strong>fortaleza de la Edad Media<\/strong> con un monumento megal\u00edtico tipo cr\u00f3mlech en su interior\u201d. Adem\u00e1s, indica que este monumento suma otra caracter\u00edstica \u201cal contar con un amplio programa iconogr\u00e1fico en sus elementos p\u00e9treos, con 34 de los 40 menhires documentados con grabados de diversa tipolog\u00eda, incluyendo elementos antropom\u00f3rficos, algunos de ellos \u00fanicos en el panorama europeo, e incluso una inscripci\u00f3n de cruz latina de cronolog\u00eda cristiana posterior\u201d.<\/p>\n\n\n\n<p>Con un presupuesto de m\u00e1s de 360.000 euros, cofinanciados con fondos europeos FEADER para el Desarrollo Rural, los trabajos para la rehabilitaci\u00f3n del cr\u00f3mlech, cuya existencia se desconoc\u00eda hace una d\u00e9cada, concluyeron a finales de 2024. La excavaci\u00f3n hasta la cota original ha permitido encontrar los alveolos o huecos circulares excavados que sirvieron de cimentaci\u00f3n para los menhires del primer anillo del cr\u00f3mlech. Asimismo, la utilizaci\u00f3n de medios t\u00e9cnicos avanzados ha posibilitado resituar en su ubicaci\u00f3n original del primer c\u00edrculo del cr\u00f3mlech 10 menhires de los 40 documentados. De este modo, \u201cel cr\u00f3mlech, ubicado en un c\u00edrculo en torno a la gran afloraci\u00f3n volc\u00e1nica de lava preexistente, ha recuperado por fin gran parte de su morfolog\u00eda original, resaltando la importancia de la <strong>arquitectura megal\u00edtica de la provincia de Huelva<\/strong>\u201d, ha explicado Del Pozo.&nbsp;<\/p>\n\n\n\n<p>La investigaci\u00f3n arqueol\u00f3gica previa ha establecido que este cr\u00f3mlech no fue destruido en el siglo XIII, sino que se integr\u00f3 intencionadamente en el castillo durante la Baja Edad Media, momento en el que pudo hacerse la inscripci\u00f3n cristiana en forma de cruz latina grabada en uno de los menhires, muy posiblemente para sacralizar un enclave vinculado originalmente a ritos de adoraci\u00f3n del sol y la luna, relacionados con los ciclos celestes y las ceremonias de fertilidad de los campos.<\/p>\n\n\n\n<p>Asimismo, las intervenciones impulsadas por la Consejer\u00eda de Cultura y Deporte de la Junta de Andaluc\u00eda en este bien de inter\u00e9s cultural (BIC) han propiciado la reapertura del acceso a la fortaleza, que se encontraba clausurada y parcialmente soterrada, a trav\u00e9s de la Puerta el Sol y de la Luna, sobre cuyo arco ojival se dispone un bajorrelieve en el que se representan estos motivos. Una puerta que se emplaza justo en el eje del primer c\u00edrculo de piedra, alineada con la concavidad esculpida en el afloramiento rocoso.&nbsp;<\/p>\n\n\n\n<p>Las obras se han completado con diversas actuaciones para la puesta en valor del enclave, entre las que se incluyen la fijaci\u00f3n de <strong>pasarelas de madera<\/strong>, as\u00ed como la <strong>creaci\u00f3n de caminos<\/strong> que definen el circuito de visita en torno al monumento megal\u00edtico, as\u00ed como la instalaci\u00f3n del sistema de iluminaci\u00f3n adecuada para resaltar los menhires y sus grabados.<\/p>\n\n\n\n<p><strong>Intervenci\u00f3n en curso<\/strong><br>La consejera de Cultura y Deporte tambi\u00e9n visit\u00f3 el resto de actuaciones en curso en este enclave: la recuperaci\u00f3n del flanco sur del Patio de Armas y la iluminaci\u00f3n del recinto amurallado, por valor de 931.550 euros, cofinanciadas por el Fondo Europeo Agr\u00edcola de Desarrollo Rural. Est\u00e1 previsto que sendas actuaciones concluyan a finales de junio de 2026.<\/p>\n\n\n\n<p>La primera actuaci\u00f3n en marcha, que presenta un grado de ejecuci\u00f3n superior al 60%,&nbsp; contempla la recuperaci\u00f3n de los niveles de rasante originales presentes en el Patio de Armas, la consolidaci\u00f3n de lienzos murarios afectados por el adosamiento de viviendas parasitarias en el flanco septentrional y lienzos adyacentes, la conservaci\u00f3n preventiva y protecci\u00f3n de los restos arqueol\u00f3gicos vinculados, la demolici\u00f3n de elementos disonantes tanto a infraestructuras como a elementos de urbanizaci\u00f3n y mobiliario, as\u00ed como la actualizaci\u00f3n de la infraestructura vinculada a la instalaci\u00f3n el\u00e9ctrica que d\u00e9 sustento a una iluminaci\u00f3n monumental y a otros usos compatibles con los valores patrimoniales del bien conforme a su r\u00e9gimen de protecci\u00f3n y tutela.<\/p>\n\n\n\n<p>Tambi\u00e9n se va a abordar la iluminaci\u00f3n de los lienzos interiores del patio de armas del castillo, los adarves, as\u00ed como las puertas de San Miguel y del Sol y de la Luna, una intervenci\u00f3n que en la actualidad se encuentra en torno al 10% de su ejecuci\u00f3n.<\/p>\n\n\n\n<p><strong>Retablo de la Virgen del Rosario<\/strong><br>En esta misma localidad onubense, comenzar\u00e1, a principios de abril y de la mano del restaurador Jes\u00fas Mendoza, la rehabilitaci\u00f3n del retablo barroco de la Virgen del Rosario de la <strong>parroquia de San Miguel de Cumbres Mayores.<\/strong><\/p>\n\n\n\n<p>Adem\u00e1s, durante su visita al municipio, Del Pozo tuvo un encuentro con los miembros de la banda de m\u00fasica de Cumbres Mayores, dirigida por Antonio Jos\u00e9 Dur\u00e1n S\u00e1nchez. Esta agrupaci\u00f3n musical es una de las 15 asociaciones onubenses que han resultado beneficiarias de una pionera l\u00ednea de ayudas para la compra y renovaci\u00f3n de instrumentos de las bandas de m\u00fasica de la Junta de Andaluc\u00eda. La finalidad de estas subvenciones \u201ces impulsar su trabajo formativo, asociativo y cultural, reconociendo la importante labor que realizan en la promoci\u00f3n de las artes y la preservaci\u00f3n de nuestras tradiciones\u201d, concluye la consejera.<\/p>\n","protected":false},"excerpt":{"rendered":"<p>Es la \u00fanica fortaleza medieval del mundo que alberga en su interior una colecci\u00f3n de menhires que tuvieron, previsiblemente, fines ceremoniales <a class=\"continue-reading-link\" href=\"https:\/\/lacronicadesevilla.es\/index.php\/2026\/03\/27\/la-consejeria-de-cultura-recupera-el-monumento-neolitico-del-castillo-de-cumbres-mayores\/\"><\/a><\/p>\n","protected":false},"author":50,"featured_media":0,"comment_status":"closed","ping_status":"open","sticky":false,"template":"","format":"standard","meta":{"footnotes":""},"categories":[12],"tags":[1895,1893,1892,1894,526,1896,1897],"class_list":["post-12778","post","type-post","status-publish","format-standard","hentry","category-cultura","tag-arqueologia-2","tag-castillo-de-sancho-iv","tag-cromlech","tag-cumbres-mayores","tag-huelva","tag-medieval","tag-virgen-del-rosario"],"_links":{"self":[{"href":"https:\/\/lacronicadesevilla.es\/index.php\/wp-json\/wp\/v2\/posts\/12778","targetHints":{"allow":["GET"]}}],"collection":[{"href":"https:\/\/lacronicadesevilla.es\/index.php\/wp-json\/wp\/v2\/posts"}],"about":[{"href":"https:\/\/lacronicadesevilla.es\/index.php\/wp-json\/wp\/v2\/types\/post"}],"author":[{"embeddable":true,"href":"https:\/\/lacronicadesevilla.es\/index.php\/wp-json\/wp\/v2\/users\/50"}],"replies":[{"embeddable":true,"href":"https:\/\/lacronicadesevilla.es\/index.php\/wp-json\/wp\/v2\/comments?post=12778"}],"version-history":[{"count":8,"href":"https:\/\/lacronicadesevilla.es\/index.php\/wp-json\/wp\/v2\/posts\/12778\/revisions"}],"predecessor-version":[{"id":12789,"href":"https:\/\/lacronicadesevilla.es\/index.php\/wp-json\/wp\/v2\/posts\/12778\/revisions\/12789"}],"wp:attachment":[{"href":"https:\/\/lacronicadesevilla.es\/index.php\/wp-json\/wp\/v2\/media?parent=12778"}],"wp:term":[{"taxonomy":"category","embeddable":true,"href":"https:\/\/lacronicadesevilla.es\/index.php\/wp-json\/wp\/v2\/categories?post=12778"},{"taxonomy":"post_tag","embeddable":true,"href":"https:\/\/lacronicadesevilla.es\/index.php\/wp-json\/wp\/v2\/tags?post=12778"}],"curies":[{"name":"wp","href":"https:\/\/api.w.org\/{rel}","templated":true}]}}