{"id":12941,"date":"2026-04-27T11:01:26","date_gmt":"2026-04-27T10:01:26","guid":{"rendered":"https:\/\/lacronicadesevilla.es\/?p=12941"},"modified":"2026-04-27T14:21:00","modified_gmt":"2026-04-27T13:21:00","slug":"nuria-moraza-artifice-de-las-chaquetillas-joya-que-conquistan-el-mundo","status":"publish","type":"post","link":"https:\/\/lacronicadesevilla.es\/index.php\/2026\/04\/27\/nuria-moraza-artifice-de-las-chaquetillas-joya-que-conquistan-el-mundo\/","title":{"rendered":"Nuria Moraza, art\u00edfice de las chaquetillas toreras que han conquistado el mundo de la moda"},"content":{"rendered":"\n<p><strong>La dise\u00f1adora sevillana explica que cada prenda es \u00fanica y est\u00e1 cosida a mano en un proceso que puede durar varias semanas<\/strong><\/p>\n\n\n<div class=\"wp-block-image\">\n<figure class=\"aligncenter size-full\"><img loading=\"lazy\" decoding=\"async\" width=\"1000\" height=\"606\" src=\"https:\/\/lacronicadesevilla.es\/wp-content\/uploads\/2026\/04\/nuria-moraza-1.jpg\" alt=\"\" class=\"wp-image-12957\" srcset=\"https:\/\/lacronicadesevilla.es\/wp-content\/uploads\/2026\/04\/nuria-moraza-1.jpg 1000w, https:\/\/lacronicadesevilla.es\/wp-content\/uploads\/2026\/04\/nuria-moraza-1-300x182.jpg 300w, https:\/\/lacronicadesevilla.es\/wp-content\/uploads\/2026\/04\/nuria-moraza-1-768x465.jpg 768w, https:\/\/lacronicadesevilla.es\/wp-content\/uploads\/2026\/04\/nuria-moraza-1-578x350.jpg 578w, https:\/\/lacronicadesevilla.es\/wp-content\/uploads\/2026\/04\/nuria-moraza-1-150x91.jpg 150w\" sizes=\"auto, (max-width: 1000px) 100vw, 1000px\" \/><figcaption class=\"wp-element-caption\"><strong>Nuria Moraza en su tienda<\/strong> <strong>de la calle Recaredo<\/strong><\/figcaption><\/figure>\n<\/div>\n\n\n<!--more-->\n\n\n\n<p>Mar\u00eda SU\u00c1REZ \/ Julia MONTES \/ Manuel HOYUELA<\/p>\n\n\n\n<p>La dise\u00f1adora <strong>Nuria Rodr\u00edguez Moraza<\/strong>, creadora de la firma que lleva su nombre, ha innovado en el mundo de la moda a trav\u00e9s de la confecci\u00f3n artesanal de su prenda fetiche: la <strong>chaquetilla torera<\/strong> destinada a una mujer, que es, al mismo tiempo, elegante y atrevida.<\/p>\n\n\n\n<p>Confecciona estas prendas joya sin bocetos y sin dejarse influenciar por las modas del momento, permitiendo que la forma y el dise\u00f1o vaya surgiendo a partir de su propia experiencia y conciencia. Su obra se inspira en <strong>la tradici\u00f3n andaluza, el flamenco y el mundo taurino<\/strong> como elementos estructurales y simb\u00f3licos. Por todo lo anterior, cada una de las piezas es \u00fanica y refleja un estado creativo irrepetible. Su formaci\u00f3n en pintura y escultura influye en sus dise\u00f1os, a los que entiende como \u201cuna forma de expresar algo interno\u201d.<\/p>\n\n\n\n<p>Tiene su <strong>tienda en la calle Recaredo de Sevilla<\/strong>, una ciudad que es importante para su trabajo porque forma parte de su inspiraci\u00f3n y de su forma de crear. De hecho, la tienda no es s\u00f3lo un punto de venta, tambi\u00e9n es un espacio que refleja el estilo de Nuria Moraza y su manera de entender la moda.<\/p>\n\n\n\n<p>El proceso de confecci\u00f3n es minucioso, pues las chaquetillas est\u00e1n <strong>bordadas a mano<\/strong>, en un trabajo que puede durar varias semanas. A continuaci\u00f3n, se van a\u00f1adiendo otros complemento o apliques, igualmente artesanales, como cristales o flores, sin que una sea igual a otra.<\/p>\n\n\n<div class=\"wp-block-image\">\n<figure class=\"aligncenter size-full\"><img loading=\"lazy\" decoding=\"async\" width=\"1000\" height=\"690\" src=\"https:\/\/lacronicadesevilla.es\/wp-content\/uploads\/2026\/04\/nuria-moraza-3.jpg\" alt=\"\" class=\"wp-image-12958\" srcset=\"https:\/\/lacronicadesevilla.es\/wp-content\/uploads\/2026\/04\/nuria-moraza-3.jpg 1000w, https:\/\/lacronicadesevilla.es\/wp-content\/uploads\/2026\/04\/nuria-moraza-3-300x207.jpg 300w, https:\/\/lacronicadesevilla.es\/wp-content\/uploads\/2026\/04\/nuria-moraza-3-768x530.jpg 768w, https:\/\/lacronicadesevilla.es\/wp-content\/uploads\/2026\/04\/nuria-moraza-3-507x350.jpg 507w, https:\/\/lacronicadesevilla.es\/wp-content\/uploads\/2026\/04\/nuria-moraza-3-150x104.jpg 150w\" sizes=\"auto, (max-width: 1000px) 100vw, 1000px\" \/><figcaption class=\"wp-element-caption\"><strong>Confecciona las chaquetillas sin bocetos y sin dejarse influenciar por las modas del momento<\/strong><\/figcaption><\/figure>\n<\/div>\n\n\n<p><\/p>\n\n\n\n<p>Este proyecto arranc\u00f3 casi por accidente. Tal y como explica Nuria, todo empez\u00f3 con un chaleco pintado a mano, sin mangas, sin pretensiones, sin saber que aquella pieza iba a convertirse en el germen de una firma que ahora ya es conocida y reconocida m\u00e1s all\u00e1 de las fronteras de Andaluc\u00eda. \u201cLa inspiraci\u00f3n surgi\u00f3 porque ten\u00eda la necesidad de coser, de dise\u00f1ar, de hacer moda. Empec\u00e9 con un chaleco y, casi sin darme cuenta, le a\u00f1ad\u00ed las mangas; y a partir de ah\u00ed, todo fue surgiendo solo\u201d, confiesa la dise\u00f1adora.<\/p>\n\n\n\n<p>La vinculaci\u00f3n con el mundo del toro fue espont\u00e1nea. Nuria nos lo aclara con naturalidad: su referente siempre fue la moda andaluza, esa forma de vestir que distingue la feria del flamenco, lo cl\u00e1sico de lo recargado. Cuando comenz\u00f3 a incorporar las hombreras en sus dise\u00f1os, lo hizo de manera intuitiva, sin ninguna intenci\u00f3n taurina. Fue despu\u00e9s, al advertir que sus chaquetas se parec\u00edan a las chaquetillas de los toreros, cuando empez\u00f3 a fijarse con atenci\u00f3n en las fotograf\u00edas de los diestros y confirm\u00f3 esta similitud.<\/p>\n\n\n\n<p>Bautiz\u00f3 a su l\u00ednea con el nombre de <strong>\u2018Inspiraci\u00f3n Taurina\u2019.<\/strong> No obstante, confiesa ser respetuosa con lo que esto significa y no desea ni malentendidos ni conflictos con el p\u00fablico antitaurino.<\/p>\n\n\n<div class=\"wp-block-image\">\n<figure class=\"aligncenter size-large is-resized\"><img loading=\"lazy\" decoding=\"async\" width=\"447\" height=\"1024\" src=\"https:\/\/lacronicadesevilla.es\/wp-content\/uploads\/2026\/04\/nuria-moraza-4-447x1024.png\" alt=\"\" class=\"wp-image-12959\" style=\"aspect-ratio:0.43664245359160614;width:299px;height:auto\" srcset=\"https:\/\/lacronicadesevilla.es\/wp-content\/uploads\/2026\/04\/nuria-moraza-4-447x1024.png 447w, https:\/\/lacronicadesevilla.es\/wp-content\/uploads\/2026\/04\/nuria-moraza-4-131x300.png 131w, https:\/\/lacronicadesevilla.es\/wp-content\/uploads\/2026\/04\/nuria-moraza-4-153x350.png 153w, https:\/\/lacronicadesevilla.es\/wp-content\/uploads\/2026\/04\/nuria-moraza-4-65x150.png 65w, https:\/\/lacronicadesevilla.es\/wp-content\/uploads\/2026\/04\/nuria-moraza-4.png 541w\" sizes=\"auto, (max-width: 447px) 100vw, 447px\" \/><figcaption class=\"wp-element-caption\"><strong>Conjunto de la firma <em>Nuria Moraza<\/em><\/strong><\/figcaption><\/figure>\n<\/div>\n\n\n<p><\/p>\n\n\n\n<p>El proceso de elaboraci\u00f3n de cada chaquetilla tarda, aproximadamente, dos semanas. No hay prisas en la confecci\u00f3n cuando se trabaja a mano.\u00a0El tejido estrella es el guipur, pero no tal y como sale de f\u00e1brica, sino que se deshace hilo a hilo, se desmenuzan las flores del bordado y se recombinan para crear dise\u00f1os propios. Otros materiales son el micado, el raso y la pasamaner\u00eda. Mientras que la pedrer\u00eda proporciona el brillo propio del traje de luces.<\/p>\n\n\n\n<p>Todas las chaquetas tienen un <strong>precio \u00fanico de 780 euros<\/strong>, independientemente del modelo. La dise\u00f1adora tom\u00f3 esta decisi\u00f3n tras la reiterada petici\u00f3n de algunas clientas de quitar cristales u hombreras a cambio de reducir el coste de la prenda. \u201cEso no era posible; se tarda el mismo tiempo en fabricarlas, el tejido es en todos los casos de la misma calidad y no estoy dispuesta a cambiar el dise\u00f1o\u201d, argumenta Nuria.<\/p>\n\n\n<div class=\"wp-block-image\">\n<figure class=\"aligncenter size-full\"><img loading=\"lazy\" decoding=\"async\" width=\"1000\" height=\"660\" src=\"https:\/\/lacronicadesevilla.es\/wp-content\/uploads\/2026\/04\/nuria-moraza-2.jpg\" alt=\"\" class=\"wp-image-12960\" srcset=\"https:\/\/lacronicadesevilla.es\/wp-content\/uploads\/2026\/04\/nuria-moraza-2.jpg 1000w, https:\/\/lacronicadesevilla.es\/wp-content\/uploads\/2026\/04\/nuria-moraza-2-300x198.jpg 300w, https:\/\/lacronicadesevilla.es\/wp-content\/uploads\/2026\/04\/nuria-moraza-2-768x507.jpg 768w, https:\/\/lacronicadesevilla.es\/wp-content\/uploads\/2026\/04\/nuria-moraza-2-530x350.jpg 530w, https:\/\/lacronicadesevilla.es\/wp-content\/uploads\/2026\/04\/nuria-moraza-2-150x99.jpg 150w\" sizes=\"auto, (max-width: 1000px) 100vw, 1000px\" \/><\/figure>\n<\/div>\n\n\n<p><\/p>\n\n\n\n<p><strong>\u00bfC\u00f3mo es el proceso creativo?<\/strong><br>Todas las piezas son por encargo. No hay tallas ni colecciones est\u00e1ndar: la clienta elige los colores y expresa sus preferencias, de manera que la prenda nace de una conversaci\u00f3n, de una confianza y de una espera. Y normalmente, siempre les encanta el resultado. Las que se pueden ver en el taller, todas en la talla 38, son las que se han confeccionado para pasarelas, como We Love Flamenco, SIMOF, Huelva Flamenca, Cabalgando entre Volantes de Jerez o And\u00fajar Flamenca, sesiones de fotos o apariciones en televisi\u00f3n. Nos obstante, si alguien llega, se la prueba y le queda bien se la puede llevar.<\/p>\n\n\n\n<p><strong>\u00bfC\u00f3mo es la relaci\u00f3n con la clienta?<\/strong><br>Suele ser una clienta que sigue mi trabajo y que no para hasta que consigue una cita. Lo primero es comprobar qu\u00e9 colores le favorecen. Despu\u00e9s, le aconsejo sobre hombreras, apliques con flores, cristales, una chaqueta m\u00e1s o menos recargada. Y les digo que me dejen a m\u00ed. Todo tiene que encajar. Como en un cuadro, nada se sale de su contexto.<br><br><\/p>\n\n\n\n<p class=\"has-text-align-center\" style=\"font-size:23px\"><strong>\u00abCada prenda surge de una conversaci\u00f3n<\/strong><br><strong>con el cliente.<\/strong> <strong>Compruebo qu\u00e9 le favorece y<\/strong><br><strong>a partir de ah\u00ed comienza el proceso creativo\u00bb<\/strong><\/p>\n\n\n\n<p><br><strong>\u00bfQu\u00e9 opina sobre la evoluci\u00f3n de la moda?<\/strong><br>Creo que la moda se est\u00e1 deteriorando tanto que acabar\u00e1 volviendo a la sencillez. Por mi parte, no quiero evolucionar ni por obligaci\u00f3n ni por lo que hacen los dem\u00e1s.<\/p>\n\n\n\n<p><strong>Entonces, \u00bfc\u00f3mo innova?<\/strong><br>Lo \u00fanico que hago es dejarme llevar por mi d\u00eda a d\u00eda, por c\u00f3mo me siento. Mientras est\u00e1s haciendo algo, est\u00e1s innovando. As\u00ed es como el ser humano ha logrado todos los adelantos que existen. No me gusta la presi\u00f3n de tener que cambiar. Prefiero trabajar con lo que me nace del alma.<\/p>\n\n\n\n<p>Al final de nuestra conversaci\u00f3n, Nuria Moraza resume la esencia de su marca: \u201cCuando una clienta se lleva la chaquetilla a casa, parece que se lleva algo m\u00edo\u201d. Pues en cada puntada, en cada flor de guipur hay una historia. La de una mujer que empez\u00f3 con un chaleco pintado a mano y termin\u00f3&nbsp;confeccionado las m\u00e1s bellas chaquetillas.<\/p>\n","protected":false},"excerpt":{"rendered":"<p>La dise\u00f1adora sevillana explica que cada prenda es \u00fanica y est\u00e1 cosida a mano en un proceso que puede durar varias semanas <a class=\"continue-reading-link\" href=\"https:\/\/lacronicadesevilla.es\/index.php\/2026\/04\/27\/nuria-moraza-artifice-de-las-chaquetillas-joya-que-conquistan-el-mundo\/\"><\/a><\/p>\n","protected":false},"author":50,"featured_media":0,"comment_status":"closed","ping_status":"closed","sticky":false,"template":"","format":"standard","meta":{"footnotes":""},"categories":[12,10],"tags":[1916,1918,1809,1267,1917,85,1915,897,18,1920,17,1919,181],"class_list":["post-12941","post","type-post","status-publish","format-standard","hentry","category-cultura","category-economia","tag-chaquetas","tag-chaquetilla","tag-colores","tag-comprar","tag-disenadora","tag-moda","tag-nuria-moraza","tag-precio","tag-sevilla","tag-tallas","tag-tienda","tag-torera","tag-toros"],"_links":{"self":[{"href":"https:\/\/lacronicadesevilla.es\/index.php\/wp-json\/wp\/v2\/posts\/12941","targetHints":{"allow":["GET"]}}],"collection":[{"href":"https:\/\/lacronicadesevilla.es\/index.php\/wp-json\/wp\/v2\/posts"}],"about":[{"href":"https:\/\/lacronicadesevilla.es\/index.php\/wp-json\/wp\/v2\/types\/post"}],"author":[{"embeddable":true,"href":"https:\/\/lacronicadesevilla.es\/index.php\/wp-json\/wp\/v2\/users\/50"}],"replies":[{"embeddable":true,"href":"https:\/\/lacronicadesevilla.es\/index.php\/wp-json\/wp\/v2\/comments?post=12941"}],"version-history":[{"count":30,"href":"https:\/\/lacronicadesevilla.es\/index.php\/wp-json\/wp\/v2\/posts\/12941\/revisions"}],"predecessor-version":[{"id":13001,"href":"https:\/\/lacronicadesevilla.es\/index.php\/wp-json\/wp\/v2\/posts\/12941\/revisions\/13001"}],"wp:attachment":[{"href":"https:\/\/lacronicadesevilla.es\/index.php\/wp-json\/wp\/v2\/media?parent=12941"}],"wp:term":[{"taxonomy":"category","embeddable":true,"href":"https:\/\/lacronicadesevilla.es\/index.php\/wp-json\/wp\/v2\/categories?post=12941"},{"taxonomy":"post_tag","embeddable":true,"href":"https:\/\/lacronicadesevilla.es\/index.php\/wp-json\/wp\/v2\/tags?post=12941"}],"curies":[{"name":"wp","href":"https:\/\/api.w.org\/{rel}","templated":true}]}}