{"id":12950,"date":"2026-04-23T11:01:05","date_gmt":"2026-04-23T10:01:05","guid":{"rendered":"https:\/\/lacronicadesevilla.es\/?p=12950"},"modified":"2026-04-27T11:09:40","modified_gmt":"2026-04-27T10:09:40","slug":"alcaldes-y-alcaldesas-de-la-provincia-viven-una-jornada-de-convivencia-en-la-feria-de-abril","status":"publish","type":"post","link":"https:\/\/lacronicadesevilla.es\/index.php\/2026\/04\/23\/alcaldes-y-alcaldesas-de-la-provincia-viven-una-jornada-de-convivencia-en-la-feria-de-abril\/","title":{"rendered":"Alcaldes y alcaldesas de la provincia viven una jornada de convivencia en la Feria de Abril"},"content":{"rendered":"\n<p><strong>Convocados por Diputaci\u00f3n a su recepci\u00f3n oficial, este encuentro, adem\u00e1s de l\u00fadico, sirvi\u00f3 para reforzar la marca Sevilla<\/strong><\/p>\n\n\n\n<!--more-->\n\n\n\n<p>La CR\u00d3NICA<\/p>\n\n\n\n<p>La <strong>Feria de Abril<\/strong> es un motivo de alegr\u00eda, que invita a olvidar por unos d\u00edas las confrontaciones pol\u00edticas. Precisamente, esta fue la premisa reinante durante la tradicional recepci\u00f3n oficial celebrada por la <strong>Diputaci\u00f3n de Sevilla<\/strong> y a la que estaban invitados los alcaldes y las alcaldesas, en compa\u00f1\u00eda de otros miembros de sus respectivas corporaciones, de los <strong>106 municipios<\/strong> que conforman la provincia. Adem\u00e1s de representantes de otras instituciones y agentes sociales.<\/p>\n\n\n<div class=\"wp-block-image\">\n<figure class=\"aligncenter size-full is-resized\"><img loading=\"lazy\" decoding=\"async\" width=\"850\" height=\"618\" src=\"https:\/\/lacronicadesevilla.es\/wp-content\/uploads\/2026\/04\/diputacion-feria-26-1.jpg\" alt=\"\" class=\"wp-image-12952\" style=\"aspect-ratio:1.3753956899959077;width:744px;height:auto\" srcset=\"https:\/\/lacronicadesevilla.es\/wp-content\/uploads\/2026\/04\/diputacion-feria-26-1.jpg 850w, https:\/\/lacronicadesevilla.es\/wp-content\/uploads\/2026\/04\/diputacion-feria-26-1-300x218.jpg 300w, https:\/\/lacronicadesevilla.es\/wp-content\/uploads\/2026\/04\/diputacion-feria-26-1-768x558.jpg 768w, https:\/\/lacronicadesevilla.es\/wp-content\/uploads\/2026\/04\/diputacion-feria-26-1-481x350.jpg 481w, https:\/\/lacronicadesevilla.es\/wp-content\/uploads\/2026\/04\/diputacion-feria-26-1-150x109.jpg 150w\" sizes=\"auto, (max-width: 850px) 100vw, 850px\" \/><figcaption class=\"wp-element-caption\"><strong>El presidente de la Diputaci\u00f3n, Javier Fern\u00e1ndez, atendiendo a los medios<\/strong><\/figcaption><\/figure>\n<\/div>\n\n\n<p>Fue una jornada de convivencia, que tuvo lugar en la caseta de la Fundaci\u00f3n Cajasol, y que sirvi\u00f3, en palabras del <strong>presidente de la Diputaci\u00f3n, Javier Fern\u00e1ndez<\/strong>, para estrechar lazos, mantener conversaciones y reforzar la marca Sevilla.<\/p>\n\n\n\n<p>En relaci\u00f3n a las ferias que se celebran desde estas fechas y hasta el mes de septiembre a lo largo de la provincia, Fern\u00e1ndez destac\u00f3 que, \u201cadem\u00e1s del patrimonio, uno de nuestros principales valores es la hospitalidad con la que acogemos al propio y al for\u00e1neo\u201d. Igualmente, puso el foco de atenci\u00f3n en \u201cla riqueza, la creaci\u00f3n de empleo y el desarrollo econ\u00f3mico\u201d que se deriva de este tipo de celebraciones, lo que contribuye a generar \u201cun equilibrio perfecto para la alegr\u00eda\u201d.<\/p>\n\n\n\n<p>Tambi\u00e9n se refiri\u00f3 a los currantes, a aquellas personas que con su trabajo hacen posible estas ferias: los caseteros, las fuerzas de seguridad, los bomberos, los servicios de limpieza y los profesionales sanitarios, entre otros. Para Fern\u00e1ndez, \u201cno s\u00f3lo son importantes, son los imprescindibles\u201d. Y en este sentido, abog\u00f3 por procurar una feria gozosa, pero segura.<\/p>\n\n\n\n<p>Por citar algunos, pues fueron muchos los que respondieron a esta convocatoria, entre los alcaldes y las alcaldesas presentes figuraban el de Aznalc\u00f3llar, Juan Jos\u00e9 Fern\u00e1ndez; la edil de Bollullos de la Mitaci\u00f3n, Clara Monrob\u00e9, quien asisti\u00f3 vestida de flamenca con un dise\u00f1o de estampado floral confeccionado por Manoli, una modista local; Umbrete, Jos\u00e9 Llorente; Hu\u00e9var del Aljarafe, Mar\u00eda Eugenia Moreno; y Las Cabezas de San Juan, Pepe Solano.<\/p>\n\n\n<div class=\"wp-block-image\">\n<figure class=\"alignleft size-full\"><img loading=\"lazy\" decoding=\"async\" width=\"1000\" height=\"572\" src=\"https:\/\/lacronicadesevilla.es\/wp-content\/uploads\/2026\/04\/diputacion-feria-26-3.jpg\" alt=\"\" class=\"wp-image-12953\" srcset=\"https:\/\/lacronicadesevilla.es\/wp-content\/uploads\/2026\/04\/diputacion-feria-26-3.jpg 1000w, https:\/\/lacronicadesevilla.es\/wp-content\/uploads\/2026\/04\/diputacion-feria-26-3-300x172.jpg 300w, https:\/\/lacronicadesevilla.es\/wp-content\/uploads\/2026\/04\/diputacion-feria-26-3-768x439.jpg 768w, https:\/\/lacronicadesevilla.es\/wp-content\/uploads\/2026\/04\/diputacion-feria-26-3-612x350.jpg 612w, https:\/\/lacronicadesevilla.es\/wp-content\/uploads\/2026\/04\/diputacion-feria-26-3-150x86.jpg 150w\" sizes=\"auto, (max-width: 1000px) 100vw, 1000px\" \/><figcaption class=\"wp-element-caption\"><strong>En la imagen, algunos de los ediles que asistieron a la recepci\u00f3n: Juan Jos\u00e9 Fern\u00e1ndez (Aznalc\u00f3llar), Clara Monrob\u00e9 (Bollullos de la Mitaci\u00f3n), Juan Ortega (Santiponce) y Pepe Solano (Las Cabezas de San Juan)<\/strong><\/figcaption><\/figure>\n<\/div>\n\n\n<p>Tambi\u00e9n estuvieron presentes en el \u2018d\u00eda de la provincia en la Feria de Abril\u2019 otros miembros del \u00e1mbito pol\u00edtico, como la ex vicepresidenta del Gobierno, Mar\u00eda Jes\u00fas Montero; y el coordinador federal de Izquierda Unida, Antonio Ma\u00edllo. Adem\u00e1s de representantes de otras organizaciones de importante calado social, como Miguel Rus, presidente de la Confederaci\u00f3n de Empresarios de Sevilla; y el director del diario ABC de Sevilla, Alberto Garc\u00eda Reyes.<\/p>\n","protected":false},"excerpt":{"rendered":"<p>Convocados por Diputaci\u00f3n a su recepci\u00f3n oficial, este encuentro, adem\u00e1s de l\u00fadico, sirvi\u00f3 para reforzar la marca Sevilla <a class=\"continue-reading-link\" href=\"https:\/\/lacronicadesevilla.es\/index.php\/2026\/04\/23\/alcaldes-y-alcaldesas-de-la-provincia-viven-una-jornada-de-convivencia-en-la-feria-de-abril\/\"><\/a><\/p>\n","protected":false},"author":50,"featured_media":0,"comment_status":"closed","ping_status":"closed","sticky":false,"template":"","format":"standard","meta":{"footnotes":""},"categories":[8],"tags":[1637,990,1921,683,1268,129,1922,18],"class_list":["post-12950","post","type-post","status-publish","format-standard","hentry","category-sevilla","tag-1637","tag-alcalde","tag-alcaldesa","tag-caseta","tag-diputacion","tag-feria-de-abril","tag-recepcion","tag-sevilla"],"_links":{"self":[{"href":"https:\/\/lacronicadesevilla.es\/index.php\/wp-json\/wp\/v2\/posts\/12950","targetHints":{"allow":["GET"]}}],"collection":[{"href":"https:\/\/lacronicadesevilla.es\/index.php\/wp-json\/wp\/v2\/posts"}],"about":[{"href":"https:\/\/lacronicadesevilla.es\/index.php\/wp-json\/wp\/v2\/types\/post"}],"author":[{"embeddable":true,"href":"https:\/\/lacronicadesevilla.es\/index.php\/wp-json\/wp\/v2\/users\/50"}],"replies":[{"embeddable":true,"href":"https:\/\/lacronicadesevilla.es\/index.php\/wp-json\/wp\/v2\/comments?post=12950"}],"version-history":[{"count":12,"href":"https:\/\/lacronicadesevilla.es\/index.php\/wp-json\/wp\/v2\/posts\/12950\/revisions"}],"predecessor-version":[{"id":12973,"href":"https:\/\/lacronicadesevilla.es\/index.php\/wp-json\/wp\/v2\/posts\/12950\/revisions\/12973"}],"wp:attachment":[{"href":"https:\/\/lacronicadesevilla.es\/index.php\/wp-json\/wp\/v2\/media?parent=12950"}],"wp:term":[{"taxonomy":"category","embeddable":true,"href":"https:\/\/lacronicadesevilla.es\/index.php\/wp-json\/wp\/v2\/categories?post=12950"},{"taxonomy":"post_tag","embeddable":true,"href":"https:\/\/lacronicadesevilla.es\/index.php\/wp-json\/wp\/v2\/tags?post=12950"}],"curies":[{"name":"wp","href":"https:\/\/api.w.org\/{rel}","templated":true}]}}