{"id":13027,"date":"2026-04-28T14:36:45","date_gmt":"2026-04-28T13:36:45","guid":{"rendered":"https:\/\/lacronicadesevilla.es\/?p=13027"},"modified":"2026-04-29T14:51:53","modified_gmt":"2026-04-29T13:51:53","slug":"estreno-en-sevilla-de-sweeter-than-roses-con-el-tenor-michael-schade-ganador-de-un-grammy","status":"publish","type":"post","link":"https:\/\/lacronicadesevilla.es\/index.php\/2026\/04\/28\/estreno-en-sevilla-de-sweeter-than-roses-con-el-tenor-michael-schade-ganador-de-un-grammy\/","title":{"rendered":"Estreno en Sevilla de &#8216;Sweeter than roses&#8217; con el tenor Michael Schade, ganador de un Grammy"},"content":{"rendered":"\n<p><strong>Con este concierto, Accademia del Piacere lleva a la Real F\u00e1brica de Artiller\u00eda el 7 de mayo un homenaje a la tradici\u00f3n vocal inglesa del siglo XVII<\/strong><\/p>\n\n\n\n<figure class=\"wp-block-image size-full\"><img loading=\"lazy\" decoding=\"async\" width=\"1000\" height=\"620\" src=\"https:\/\/lacronicadesevilla.es\/wp-content\/uploads\/2026\/04\/accademia-piacere.jpg\" alt=\"\" class=\"wp-image-13032\" srcset=\"https:\/\/lacronicadesevilla.es\/wp-content\/uploads\/2026\/04\/accademia-piacere.jpg 1000w, https:\/\/lacronicadesevilla.es\/wp-content\/uploads\/2026\/04\/accademia-piacere-300x186.jpg 300w, https:\/\/lacronicadesevilla.es\/wp-content\/uploads\/2026\/04\/accademia-piacere-768x476.jpg 768w, https:\/\/lacronicadesevilla.es\/wp-content\/uploads\/2026\/04\/accademia-piacere-565x350.jpg 565w, https:\/\/lacronicadesevilla.es\/wp-content\/uploads\/2026\/04\/accademia-piacere-150x93.jpg 150w\" sizes=\"auto, (max-width: 1000px) 100vw, 1000px\" \/><figcaption class=\"wp-element-caption\"><strong>Accademia del Piacere. <\/strong>Fotograf\u00eda: Laura Le\u00f3n<\/figcaption><\/figure>\n\n\n\n<!--more-->\n\n\n\n<p>La CR\u00d3NICA<\/p>\n\n\n\n<p>La formaci\u00f3n sevillana de m\u00fasica antigua <strong>Accademia del Piacere<\/strong>, dirigida por el <strong>violagambista Fahmi Alqhai<\/strong>, estrena el programa <em><strong>Sweeter than roses<\/strong><\/em> el pr\u00f3ximo <strong>7 de mayo en la Real F\u00e1brica de Artiller\u00eda<\/strong>, dentro del ciclo &#8216;Las Noches de Euterpe&#8217;. El concierto contar\u00e1 con la presencia del tenor germano-canadiense <strong>Michael Schade<\/strong>, referencia mundial de <strong>la \u00f3pera y el barroco<\/strong>, en el marco de una gira de estreno que arrancar\u00e1 el 5 de mayo en el Auditorio Fonseca de Salamanca.<\/p>\n\n\n\n<p><em>Sweeter than roses<\/em> es un homenaje a la tradici\u00f3n vocal inglesa del siglo XVII que pone en di\u00e1logo a dos de sus m\u00e1s insignes representantes: John Dowland y Henry Purcell. Con un repertorio que transita entre la intimidad de la <em>lute song <\/em>y la teatralidad de las grandes semi\u00f3peras, el programa traza la evoluci\u00f3n del estilo musical ingl\u00e9s desde el Renacimiento tard\u00edo hasta el pleno Barroco, dejando tambi\u00e9n espacio a las odas, g\u00e9nero vinculado a los festejos ceremoniales de la \u00e9poca.<\/p>\n\n\n\n<p>Para este programa, Accademia del Piacere presenta una formaci\u00f3n integrada por Johanna Rose y Rami Alqhai (viola da gamba), Carles Blanch (guitarra barroca y archila\u00fad) y Javier N\u00fa\u00f1ez (clave y \u00f3rgano), bajo la direcci\u00f3n de Fahmi Alqhai al quint\u00f3n.<\/p>\n\n\n\n<p><strong>Schade, del mundo a Sevilla<\/strong><br>Considerado uno de los grandes tenores del panorama l\u00edrico internacional, Michael Schade es invitado habitual de los escenarios m\u00e1s prestigiosos del mundo, desde la Staatsoper de Viena y la Metropolitan Opera House de Nueva York hasta el Teatro alla Scala de Mil\u00e1n y el Teatro Col\u00f3n de Buenos Aires. A lo largo de su carrera ha encarnado papeles como Eisenstein en Die Fledermaus, Florestan en Fidelio o Peter Grimes en la \u00f3pera hom\u00f3nima, trabajando de forma estrecha con directores de la talla de Nikolaus Harnoncourt. Ganador de un Premio Grammy, es Kammers\u00e4nger de Austria y oficial de la Orden de Canad\u00e1.<\/p>\n\n\n\n<p><strong>Una temporada intensa<\/strong><br>Con m\u00e1s de dos d\u00e9cadas de trayectoria, Accademia del Piacere es considerada el grupo de vanguardia de la m\u00fasica antigua espa\u00f1ola y uno de los m\u00e1s influyentes del panorama europeo, gracias a su concepci\u00f3n de la m\u00fasica hist\u00f3rica como algo vivo y cargado de emoci\u00f3n. Al frente del conjunto, el violagambista sevillano Fahmi Alqhai \u2014nacido de padre sirio y madre palestina, con inicios autodidactas en el rock y una s\u00f3lida formaci\u00f3n posterior con Ventura Rico y Vittorio Ghielmi, adem\u00e1s de su paso por Hesp\u00e8rion XXI con Jordi Savall\u2014 ha llevado a la viola da gamba, seg\u00fan Gramophone, \u00aba un nuevo terreno de gozoso potencial\u00bb. Director desde 2009 del Festival de M\u00fasica Antigua de Sevilla (FeM\u00c0S), el m\u00e1s importante de Espa\u00f1a en su g\u00e9nero, Alqhai es adem\u00e1s titular de la Medalla de la Ciudad de Sevilla.<\/p>\n\n\n\n<p>Las fechas de <em>Sweeter than roses<\/em> son solo el punto de partida de una temporada de gran intensidad. En mayo, el conjunto lleva &#8216;De Al-\u00c1ndalus a Isfah\u00e1n&#8217; al Festival de M\u00fasica Ciudad de Lugo (13 de mayo) y al Festival Internacional Murcia Tres Culturas (15 de mayo), en ambos casos junto a Kiya Tabassian y el ensemble Constantinople; y el 28 de mayo presenta &#8216;Spain on fire&#8217; \u2014con la soprano Quiteria Mu\u00f1oz y la bailaora Ana Morales\u2014 en el claustro de la Catedral de Almer\u00eda.<\/p>\n\n\n\n<p>El mes de junio traer\u00e1 nuevas citas en Sevilla dentro del ciclo &#8216;Las Noches de Euterpe&#8217;: el d\u00eda 4 con &#8216;Los maestros del contrapunto&#8217;, programa en torno a Bach y Antonio de Cabez\u00f3n, y el 25 con una nueva funci\u00f3n de &#8216;Spain on fire&#8217;.<\/p>\n\n\n\n<p>Ya en verano, el conjunto regresar\u00e1 al Festival Internacional de Teatro Cl\u00e1sico de Almagro los d\u00edas 24 y 25 de julio con &#8216;Romances&#8217;, una apuesta por las m\u00fasicas nacidas del encuentro entre Oriente y Occidente junto a la cantante tunecina Ghalia Benali, la soprano Quiteria Mu\u00f1oz, el guitarrista flamenco Dani de Mor\u00f3n y el maestro del oud Moufadhel Adhoum. El 23 de agosto llevar\u00e1 &#8216;Di\u00e1logos de viejos y nuevos sones&#8217;, con la voz flamenca de Alba Carmona, a Casalarreina (La Rioja). Ya en octubre, llevar\u00e1 &#8216;In dulci jubilo&#8217; a Aranjuez (18 de octubre) y a Santiago de Compostela (20 de octubre). A final de a\u00f1o, la formaci\u00f3n prev\u00e9 regresar a Andaluc\u00eda con nuevas funciones de &#8216;Origen. La semilla de los tiempos&#8217;, junto al Ballet Flamenco de Andaluc\u00eda.<\/p>\n\n\n\n<p><strong>Proyecci\u00f3n internacional<\/strong><br>La actividad internacional del conjunto se extiende a lo largo de toda la temporada. En junio, el d\u00eda 15, Accademia del Piacere actuar\u00e1 en Londres, dentro del Flamenco Festival, con &#8216;Para\u00edso Perdido&#8217;. Ya en verano, el 16 de agosto llevar\u00e1 &#8216;In dulci jubilo&#8217; al International Kretinga Early Music Festival (Lituania), y el 21 de agosto presentar\u00e1 &#8216;Di\u00e1logos&#8217; en Bad Aussee (Austria), en el marco del Narzissenfest.<\/p>\n\n\n\n<p>El mes de septiembre concentrar\u00e1 una serie de conciertos en Brasil, antes de que el 26 de septiembre el conjunto participe en el Festival Terras sem Sombra de Monforte (Portugal) con &#8216;Rediscovering Spain&#8217;, programa que tambi\u00e9n llevar\u00e1 a Alemania el 4 de octubre. El 22 de ese mismo mes actuar\u00e1 en el festival Vilnius Banchetto (Lituania) con &#8216;Muera Cupido&#8217;, y el 9 de diciembre pondr\u00e1 el broche a su actividad internacional en Gda\u0144sk (Polonia), dentro del festival Actus Humanus, con &#8216;De Sevilla a Isfah\u00e1n&#8217;, junto al ensemble Constantinople y Kiya Tabassian.<\/p>\n","protected":false},"excerpt":{"rendered":"<p>Con este concierto, Accademia del Piacere lleva a la Real F\u00e1brica de Artiller\u00eda el 7 de mayo un homenaje a la tradici\u00f3n vocal inglesa del siglo XVII <a class=\"continue-reading-link\" href=\"https:\/\/lacronicadesevilla.es\/index.php\/2026\/04\/28\/estreno-en-sevilla-de-sweeter-than-roses-con-el-tenor-michael-schade-ganador-de-un-grammy\/\"><\/a><\/p>\n","protected":false},"author":50,"featured_media":0,"comment_status":"closed","ping_status":"closed","sticky":false,"template":"","format":"standard","meta":{"footnotes":""},"categories":[12],"tags":[],"class_list":["post-13027","post","type-post","status-publish","format-standard","hentry","category-cultura"],"_links":{"self":[{"href":"https:\/\/lacronicadesevilla.es\/index.php\/wp-json\/wp\/v2\/posts\/13027","targetHints":{"allow":["GET"]}}],"collection":[{"href":"https:\/\/lacronicadesevilla.es\/index.php\/wp-json\/wp\/v2\/posts"}],"about":[{"href":"https:\/\/lacronicadesevilla.es\/index.php\/wp-json\/wp\/v2\/types\/post"}],"author":[{"embeddable":true,"href":"https:\/\/lacronicadesevilla.es\/index.php\/wp-json\/wp\/v2\/users\/50"}],"replies":[{"embeddable":true,"href":"https:\/\/lacronicadesevilla.es\/index.php\/wp-json\/wp\/v2\/comments?post=13027"}],"version-history":[{"count":6,"href":"https:\/\/lacronicadesevilla.es\/index.php\/wp-json\/wp\/v2\/posts\/13027\/revisions"}],"predecessor-version":[{"id":13036,"href":"https:\/\/lacronicadesevilla.es\/index.php\/wp-json\/wp\/v2\/posts\/13027\/revisions\/13036"}],"wp:attachment":[{"href":"https:\/\/lacronicadesevilla.es\/index.php\/wp-json\/wp\/v2\/media?parent=13027"}],"wp:term":[{"taxonomy":"category","embeddable":true,"href":"https:\/\/lacronicadesevilla.es\/index.php\/wp-json\/wp\/v2\/categories?post=13027"},{"taxonomy":"post_tag","embeddable":true,"href":"https:\/\/lacronicadesevilla.es\/index.php\/wp-json\/wp\/v2\/tags?post=13027"}],"curies":[{"name":"wp","href":"https:\/\/api.w.org\/{rel}","templated":true}]}}