{"id":13030,"date":"2026-04-29T14:47:36","date_gmt":"2026-04-29T13:47:36","guid":{"rendered":"https:\/\/lacronicadesevilla.es\/?p=13030"},"modified":"2026-04-29T14:59:42","modified_gmt":"2026-04-29T13:59:42","slug":"clara-montes-canta-a-rafael-alberti-en-el-teatro-cajasol","status":"publish","type":"post","link":"https:\/\/lacronicadesevilla.es\/index.php\/2026\/04\/29\/clara-montes-canta-a-rafael-alberti-en-el-teatro-cajasol\/","title":{"rendered":"Clara Montes canta a Rafael Alberti en el Teatro Cajasol"},"content":{"rendered":"\n<p><strong>La artista presenta su nuevo disco, homenaje al poeta gaditano, el 4 de mayo durante un concierto con entrada libre<\/strong><\/p>\n\n\n\n<!--more-->\n\n\n\n<p>La CR\u00d3NICA<\/p>\n\n\n\n<p><strong><em>Marinera en tierra<\/em><\/strong> es el t\u00edtulo del concierto con el que <strong>la cantante Clara Montes<\/strong> presenta en <strong>Sevilla<\/strong> su <strong>nuevo disco<\/strong>, donde rinde <strong>homenaje a Rafael Alberti<\/strong>. La cita es el 4 de mayo en el <strong>Teatro Cajasol<\/strong>, con entrada libre hasta completar aforo.<\/p>\n\n\n\n<p>Montes lleva a cabo este homenaje al poeta gaditano desde la sensibilidad, la elegancia y la hondura interpretativa que la han convertido en una de las voces m\u00e1s queridas de la m\u00fasica de ra\u00edz literaria. Respecto al contenido del disco, la autora propone un viaje \u00edntimo y emocionante por la obra Alberti, llevando al escenario la fuerza po\u00e9tica de sus versos y la belleza de sus canciones. <\/p>\n\n\n<div class=\"wp-block-image\">\n<figure class=\"aligncenter size-full\"><img loading=\"lazy\" decoding=\"async\" width=\"800\" height=\"407\" src=\"https:\/\/lacronicadesevilla.es\/wp-content\/uploads\/2026\/04\/clara-montes-cajasol.jpg\" alt=\"\" class=\"wp-image-13037\" srcset=\"https:\/\/lacronicadesevilla.es\/wp-content\/uploads\/2026\/04\/clara-montes-cajasol.jpg 800w, https:\/\/lacronicadesevilla.es\/wp-content\/uploads\/2026\/04\/clara-montes-cajasol-300x153.jpg 300w, https:\/\/lacronicadesevilla.es\/wp-content\/uploads\/2026\/04\/clara-montes-cajasol-768x391.jpg 768w, https:\/\/lacronicadesevilla.es\/wp-content\/uploads\/2026\/04\/clara-montes-cajasol-688x350.jpg 688w, https:\/\/lacronicadesevilla.es\/wp-content\/uploads\/2026\/04\/clara-montes-cajasol-150x76.jpg 150w\" sizes=\"auto, (max-width: 800px) 100vw, 800px\" \/><\/figure>\n<\/div>\n\n\n<p><\/p>\n\n\n\n<p>Mientras que el concierto invita al p\u00fablico \u201ca sumergirse en un universo de evocaci\u00f3n, mar, memoria y sentimiento, en el que cada interpretaci\u00f3n se convierte en un puente entre la tradici\u00f3n literaria y la emoci\u00f3n contempor\u00e1nea\u201d, seg\u00fan explica la artista.<\/p>\n\n\n\n<p>Este concierto se suma a la programaci\u00f3n del Teatro Cajasol en su apuesta por acercar al p\u00fablico experiencias culturales de calidad, abiertas y accesibles. Tal y como se\u00f1alan desde esta instituci\u00f3n, este recital \u201cre\u00fane todos los ingredientes para convertirse en una de esas veladas que dejan huella: un repertorio de enorme valor, una int\u00e9rprete de primer nivel y un espacio ideal para vivir la m\u00fasica de forma compartida\u201d.<\/p>\n","protected":false},"excerpt":{"rendered":"<p>La artista presenta su nuevo disco, homenaje al poeta gaditano, el 4 de mayo durante un concierto con entrada libre <a class=\"continue-reading-link\" href=\"https:\/\/lacronicadesevilla.es\/index.php\/2026\/04\/29\/clara-montes-canta-a-rafael-alberti-en-el-teatro-cajasol\/\"><\/a><\/p>\n","protected":false},"author":50,"featured_media":0,"comment_status":"closed","ping_status":"closed","sticky":false,"template":"","format":"standard","meta":{"footnotes":""},"categories":[12],"tags":[1946,417,1944,374,1945,543,631,632,897,18,527],"class_list":["post-13030","post","type-post","status-publish","format-standard","hentry","category-cultura","tag-alberti","tag-cajasol","tag-clara-montes","tag-concierto","tag-disco","tag-entradas","tag-fecha","tag-mayo","tag-precio","tag-sevilla","tag-teatro"],"_links":{"self":[{"href":"https:\/\/lacronicadesevilla.es\/index.php\/wp-json\/wp\/v2\/posts\/13030","targetHints":{"allow":["GET"]}}],"collection":[{"href":"https:\/\/lacronicadesevilla.es\/index.php\/wp-json\/wp\/v2\/posts"}],"about":[{"href":"https:\/\/lacronicadesevilla.es\/index.php\/wp-json\/wp\/v2\/types\/post"}],"author":[{"embeddable":true,"href":"https:\/\/lacronicadesevilla.es\/index.php\/wp-json\/wp\/v2\/users\/50"}],"replies":[{"embeddable":true,"href":"https:\/\/lacronicadesevilla.es\/index.php\/wp-json\/wp\/v2\/comments?post=13030"}],"version-history":[{"count":9,"href":"https:\/\/lacronicadesevilla.es\/index.php\/wp-json\/wp\/v2\/posts\/13030\/revisions"}],"predecessor-version":[{"id":13046,"href":"https:\/\/lacronicadesevilla.es\/index.php\/wp-json\/wp\/v2\/posts\/13030\/revisions\/13046"}],"wp:attachment":[{"href":"https:\/\/lacronicadesevilla.es\/index.php\/wp-json\/wp\/v2\/media?parent=13030"}],"wp:term":[{"taxonomy":"category","embeddable":true,"href":"https:\/\/lacronicadesevilla.es\/index.php\/wp-json\/wp\/v2\/categories?post=13030"},{"taxonomy":"post_tag","embeddable":true,"href":"https:\/\/lacronicadesevilla.es\/index.php\/wp-json\/wp\/v2\/tags?post=13030"}],"curies":[{"name":"wp","href":"https:\/\/api.w.org\/{rel}","templated":true}]}}