{"id":13047,"date":"2026-04-30T08:15:31","date_gmt":"2026-04-30T07:15:31","guid":{"rendered":"https:\/\/lacronicadesevilla.es\/?p=13047"},"modified":"2026-04-30T08:17:28","modified_gmt":"2026-04-30T07:17:28","slug":"morante-y-andres-roca-rey-premios-al-detalle-para-el-recuerdo-de-la-feria-de-abril-2026","status":"publish","type":"post","link":"https:\/\/lacronicadesevilla.es\/index.php\/2026\/04\/30\/morante-y-andres-roca-rey-premios-al-detalle-para-el-recuerdo-de-la-feria-de-abril-2026\/","title":{"rendered":"Morante y Roca Rey, premios \u2018Al Detalle para el Recuerdo\u2019 de la Feria de Abril 2026"},"content":{"rendered":"\n<p><strong>El galard\u00f3n, que concede la cadena Vincci Hoteles, reconoce \u201cel arte y el orgullo\u201d de estas dos importantes figuras del toreo<\/strong><\/p>\n\n\n\n<!--more-->\n\n\n\n<p>La CR\u00d3NICA<\/p>\n\n\n\n<p>El jurado del <strong>XXII Premio Taurino del hotel Vincci La R\u00e1bida \u2018Al Detalle para el Recuerdo\u2019<\/strong> ha otorgado por unanimidad el galard\u00f3n a los diestros <strong>Jos\u00e9 Antonio \u2018Morante de la Puebla\u2019 y Andr\u00e9s Roca Rey<\/strong>, \u201cpor el arte y el orgullo de estas dos m\u00e1ximas figuras del toreo en el marco de la <strong>Feria de Abril 2026<\/strong>\u201d.<\/p>\n\n\n\n<p>Este galard\u00f3n est\u00e1 impulsado por la cadena Vincci Hoteles y tiene por objetivo rendir homenaje a los momentos m\u00e1s memorables de la Feria de Sevilla. En esta edici\u00f3n, el jurado, reunido en el hotel Vincci La R\u00e1bida 4*, ha estado conformado por las siguientes personalidades del mundo del toro y el \u00e1mbito de la cultura:\u00a0Luis Manuel Halc\u00f3n Guardiola, Miguel Serrano Falc\u00f3n, Jos\u00e9 Murube Ricart, Enrique Moreno de la Cova, Eduardo D\u00e1vila Miura, Martina Blatiere, Roc\u00edo de la C\u00e1mara Ysern, Almudena de la Maza Ybarra, Gabriel Malaver Pel\u00e1ez, Juan Antonio Ruiz Rom\u00e1n \u2018Espartaco\u2019, Jos\u00e9 Luis Garc\u00eda Mera, que actu\u00f3 como secretario, y Rafael Calero Gracia, como presidente del mismo.<\/p>\n\n\n<div class=\"wp-block-image\">\n<figure class=\"aligncenter size-full\"><img loading=\"lazy\" decoding=\"async\" width=\"900\" height=\"579\" src=\"https:\/\/lacronicadesevilla.es\/wp-content\/uploads\/2026\/04\/premio-taurino-vincci-rabida-26.jpg\" alt=\"\" class=\"wp-image-13050\" srcset=\"https:\/\/lacronicadesevilla.es\/wp-content\/uploads\/2026\/04\/premio-taurino-vincci-rabida-26.jpg 900w, https:\/\/lacronicadesevilla.es\/wp-content\/uploads\/2026\/04\/premio-taurino-vincci-rabida-26-300x193.jpg 300w, https:\/\/lacronicadesevilla.es\/wp-content\/uploads\/2026\/04\/premio-taurino-vincci-rabida-26-768x494.jpg 768w, https:\/\/lacronicadesevilla.es\/wp-content\/uploads\/2026\/04\/premio-taurino-vincci-rabida-26-544x350.jpg 544w, https:\/\/lacronicadesevilla.es\/wp-content\/uploads\/2026\/04\/premio-taurino-vincci-rabida-26-150x97.jpg 150w\" sizes=\"auto, (max-width: 900px) 100vw, 900px\" \/><figcaption class=\"wp-element-caption\"><strong>El jurado posa en el patio del hotel Vincci La R\u00e1bida tras su deliberaci\u00f3n<\/strong><\/figcaption><\/figure>\n<\/div>\n\n\n<p>Tal y como se\u00f1alan desde Vincci Hoteles, este premio \u201capoya e intenta reconocer cada a\u00f1o la labor de los participantes en la Feria\u201d. Por su parte, Rafael Calero explica que nacieron porque \u201cuna de nuestras grandes pasiones siempre ha sido el mundo del toro\u201d. Por ello, \u201cnos sentimos, adem\u00e1s, muy orgullosos de que muchos de estos toreros decidan alojarse con nosotros, dada nuestra admiraci\u00f3n y profundo respeto por esta profesi\u00f3n\u201d.<\/p>\n\n\n\n<p>Entre los galardonados en ediciones anteriores se encuentran las ganader\u00edas de Garcigrande, Victorino Mart\u00edn y Miura, y los diestros Manuel Escribano, Pepe Moral, Esa\u00fa Fern\u00e1ndez, Pablo Aguado, Juli\u00e1n L\u00f3pez \u2018El Juli\u2019 y Enrique Ponce, entre otros.<\/p>\n","protected":false},"excerpt":{"rendered":"<p>El galard\u00f3n, que concede la cadena Vincci Hoteles, reconoce \u201cel arte y el orgullo\u201d de estas dos importantes figuras del toreo <a class=\"continue-reading-link\" href=\"https:\/\/lacronicadesevilla.es\/index.php\/2026\/04\/30\/morante-y-andres-roca-rey-premios-al-detalle-para-el-recuerdo-de-la-feria-de-abril-2026\/\"><\/a><\/p>\n","protected":false},"author":50,"featured_media":0,"comment_status":"closed","ping_status":"closed","sticky":false,"template":"","format":"standard","meta":{"footnotes":""},"categories":[12],"tags":[1949,1564,1947,1948,18,1520,181],"class_list":["post-13047","post","type-post","status-publish","format-standard","hentry","category-cultura","tag-hotel-vincci","tag-morante-de-la-puebla","tag-premio-taurino","tag-roca-rey","tag-sevilla","tag-torero","tag-toros"],"_links":{"self":[{"href":"https:\/\/lacronicadesevilla.es\/index.php\/wp-json\/wp\/v2\/posts\/13047","targetHints":{"allow":["GET"]}}],"collection":[{"href":"https:\/\/lacronicadesevilla.es\/index.php\/wp-json\/wp\/v2\/posts"}],"about":[{"href":"https:\/\/lacronicadesevilla.es\/index.php\/wp-json\/wp\/v2\/types\/post"}],"author":[{"embeddable":true,"href":"https:\/\/lacronicadesevilla.es\/index.php\/wp-json\/wp\/v2\/users\/50"}],"replies":[{"embeddable":true,"href":"https:\/\/lacronicadesevilla.es\/index.php\/wp-json\/wp\/v2\/comments?post=13047"}],"version-history":[{"count":8,"href":"https:\/\/lacronicadesevilla.es\/index.php\/wp-json\/wp\/v2\/posts\/13047\/revisions"}],"predecessor-version":[{"id":13056,"href":"https:\/\/lacronicadesevilla.es\/index.php\/wp-json\/wp\/v2\/posts\/13047\/revisions\/13056"}],"wp:attachment":[{"href":"https:\/\/lacronicadesevilla.es\/index.php\/wp-json\/wp\/v2\/media?parent=13047"}],"wp:term":[{"taxonomy":"category","embeddable":true,"href":"https:\/\/lacronicadesevilla.es\/index.php\/wp-json\/wp\/v2\/categories?post=13047"},{"taxonomy":"post_tag","embeddable":true,"href":"https:\/\/lacronicadesevilla.es\/index.php\/wp-json\/wp\/v2\/tags?post=13047"}],"curies":[{"name":"wp","href":"https:\/\/api.w.org\/{rel}","templated":true}]}}