{"id":1307,"date":"2018-06-12T09:40:35","date_gmt":"2018-06-12T08:40:35","guid":{"rendered":"http:\/\/lacronicadesevilla.es\/?p=1307"},"modified":"2019-01-14T12:05:16","modified_gmt":"2019-01-14T11:05:16","slug":"cinco-profesionales-cuentan-como-se-reciclan-laboralmente","status":"publish","type":"post","link":"https:\/\/lacronicadesevilla.es\/index.php\/2018\/06\/12\/cinco-profesionales-cuentan-como-se-reciclan-laboralmente\/","title":{"rendered":"Cinco profesionales cuentan c\u00f3mo se reciclan laboralmente"},"content":{"rendered":"<p>Paula VON POLHEIM<\/p>\n<p>Expertos de diferentes campos lo tienen claro: \u00abes necesario un progresivo y actualizado <strong>reciclaje profesional<\/strong>\u00ab. El conocimiento avanza a una velocidad desorbitada, y hay que evolucionar simult\u00e1neamente para no quedarse obsoleto.<!--more--><\/p>\n<div id=\"attachment_1313\" style=\"width: 235px\" class=\"wp-caption alignright\"><img loading=\"lazy\" decoding=\"async\" aria-describedby=\"caption-attachment-1313\" class=\"size-medium wp-image-1313\" src=\"http:\/\/lacronicadesevilla.es\/wp-content\/uploads\/2018\/03\/marta-enfermera-225x300.jpg\" alt=\"enfermera Marta\" width=\"225\" height=\"300\" srcset=\"https:\/\/lacronicadesevilla.es\/wp-content\/uploads\/2018\/03\/marta-enfermera-225x300.jpg 225w, https:\/\/lacronicadesevilla.es\/wp-content\/uploads\/2018\/03\/marta-enfermera-262x350.jpg 262w, https:\/\/lacronicadesevilla.es\/wp-content\/uploads\/2018\/03\/marta-enfermera-112x150.jpg 112w, https:\/\/lacronicadesevilla.es\/wp-content\/uploads\/2018\/03\/marta-enfermera.jpg 350w\" sizes=\"auto, (max-width: 225px) 100vw, 225px\" \/><p id=\"caption-attachment-1313\" class=\"wp-caption-text\">La enfermera Marta Fuentes en un quir\u00f3fano<\/p><\/div>\n<p>En definitiva, hay que renovarse. Y en este sentido, profesionales del \u00e1mbito de la abogac\u00eda, la medicina, la filosof\u00eda, la arquitectura y el periodismo cuentan c\u00f3mo llevan a cabo ese sostenido aprendizaje.<\/p>\n<p>\u201cPara poder trabajar en el \u00e1rea quir\u00fargica hay que formarse espec\u00edficamente\u201d, afirma Marta Fuentes, enfermera instrumentista en el Servicio Canario de Salud. Una vez finalizado sus estudios,\u00a0aprendi\u00f3 sobre el trabajo de los cirujanos generales y los traumat\u00f3logos del hospital privado alicantino donde\u00a0empez\u00f3 a ejercer.<\/p>\n<p>Esther Guzm\u00e1n, abogada aut\u00f3noma desde hace 22 a\u00f1os, considera fundamental reciclarse en conocimientos jur\u00eddicos y tambi\u00e9n en el \u00e1mbito tecnol\u00f3gico, puesto que \u00abcasi van de la mano\u00bb.<\/p>\n<p>Por su parte, Eduardo Manuel Ariza, arquitecto t\u00e9cnico en la empresa A.A. Arquitectos y Abogados en Torremolinos (M\u00e1laga), se recicla profesionalmente de manera peri\u00f3dica. Como miembro del Colegio de Aparejadores, ha realizado diferentes cursos como el de auditor energ\u00e9tico, perito, sostenibilidad y elaboraci\u00f3n de informes de evaluaci\u00f3n de edificios, entre otros. Considera que actualmente el tema de la <strong>sostenibilidad en la arquitectura<\/strong> es muy relevante, as\u00ed como estar actualizado en leyes relativas a la construcci\u00f3n y a la vivienda.<\/p>\n<div id=\"attachment_1319\" style=\"width: 263px\" class=\"wp-caption alignleft\"><img loading=\"lazy\" decoding=\"async\" aria-describedby=\"caption-attachment-1319\" class=\" wp-image-1319\" src=\"http:\/\/lacronicadesevilla.es\/wp-content\/uploads\/2018\/03\/eduardo-arquitecto-228x300.jpg\" alt=\"Eduardo arquitecto\" width=\"253\" height=\"333\" srcset=\"https:\/\/lacronicadesevilla.es\/wp-content\/uploads\/2018\/03\/eduardo-arquitecto-228x300.jpg 228w, https:\/\/lacronicadesevilla.es\/wp-content\/uploads\/2018\/03\/eduardo-arquitecto-266x350.jpg 266w, https:\/\/lacronicadesevilla.es\/wp-content\/uploads\/2018\/03\/eduardo-arquitecto-114x150.jpg 114w, https:\/\/lacronicadesevilla.es\/wp-content\/uploads\/2018\/03\/eduardo-arquitecto.jpg 350w\" sizes=\"auto, (max-width: 253px) 100vw, 253px\" \/><p id=\"caption-attachment-1319\" class=\"wp-caption-text\">Eduardo Ariza apuesta por formarse en sostenibilidad y aspectos legales<\/p><\/div>\n<p>Otro experto es Alfonso Ortiz, fil\u00f3sofo y profesor del instituto p\u00fablico Los Manantiales en Torremolinos (M\u00e1laga). Sobre su rama acad\u00e9mica, explica\u00a0que \u00abvan apareciendo otras perspectivas, tem\u00e1ticas y otros autores\u201d, y que por ello hay que seguir estudiando. Comenta que en la esfera docente,\u00a0surgen nuevas <strong>metodolog\u00edas educativas<\/strong>, que se deben tener presentes junto a los contenidos y el uso de las tecnolog\u00edas. \u00abTambi\u00e9n hay que estar al d\u00eda en cursos relativos a los videojuegos y las redes sociales aplicadas a la educaci\u00f3n\u00bb, concluye Ortiz.<\/p>\n<p>\u00abEl periodismo ha evolucionado en estos \u00faltimos 15 a\u00f1os, sobre todo en lo que se refiere a las destrezas audiovisuales\u00bb, explica Juan Manuel Moreno, redactor jefe de Sevilla Directo y profesor en el <a href=\"http:\/\/centrosanisidoro.es\/\" target=\"_blank\">Centro Universitario San Isidoro<\/a>. Expone que a ra\u00edz de una triple crisis period\u00edstica (econ\u00f3mico-financiera, del modelo empresarial period\u00edstico y de credibilidad) existe un nuevo contexto comunicativo y tecnol\u00f3gico. Esta situaci\u00f3n ha sido determinante para la germinaci\u00f3n de nuevos medios, lo que implica el reciclaje profesional de los periodistas, para que sean capaces de llegar al p\u00fablico a trav\u00e9s de las plataformas emergentes.<\/p>\n<p><strong>Pocas ayudas p\u00fablicas<\/strong><br \/>\nEstos profesionales coinciden en que el acceso a estos cursos no siempre es f\u00e1cil o asequible. Marta, la enfermera, indica que la sanidad p\u00fablica oferta pocos cursos. Sin embargo, las compa\u00f1\u00edas farmac\u00e9uticas les dan charlas sobre sus productos, al igual que los m\u00e9dicos especializados en traumatolog\u00eda y neurocirug\u00eda que trabajan en su propio centro, quienes les explican el funcionamiento de los nuevos aparatos. Con estos seminarios, s\u00ed que existe una formaci\u00f3n.<\/p>\n<p>Una situaci\u00f3n similar es la que cuentan Esther, Juan Manuel y Eduardo, quienes se han financiado sus cursos, siendo muy escasas las ayudas p\u00fablicas. Alfonso, por su parte, aclara que para el profesorado\u00a0la formaci\u00f3n s\u00ed es gratuita, pero que los reci\u00e9n graduados no lo tienen tan f\u00e1cil como los docentes en activo.<\/p>\n<p>Finalmente, est\u00e1n de acuerdo con que en Espa\u00f1a hay un formaci\u00f3n de calidad, lo que contribuye a una evoluci\u00f3n \u00f3ptima del mercado. En concreto, a ellos les ha sido \u00abllevadero adaptarse a los cambios y estar en constante reciclaje\u00bb.<\/p>\n","protected":false},"excerpt":{"rendered":"<p>Paula VON POLHEIM Expertos de diferentes campos lo tienen claro: \u00abes necesario un progresivo y actualizado reciclaje profesional\u00ab. El conocimiento avanza a una velocidad desorbitada, y hay que evolucionar simult\u00e1neamente para no quedarse obsoleto. <a class=\"continue-reading-link\" href=\"https:\/\/lacronicadesevilla.es\/index.php\/2018\/06\/12\/cinco-profesionales-cuentan-como-se-reciclan-laboralmente\/\"><\/a><\/p>\n","protected":false},"author":50,"featured_media":0,"comment_status":"closed","ping_status":"closed","sticky":false,"template":"","format":"standard","meta":{"footnotes":""},"categories":[10],"tags":[317,320,318,323,319,256,321,322],"class_list":["post-1307","post","type-post","status-publish","format-standard","hentry","category-economia","tag-abogacia","tag-arquitectura","tag-filosofia","tag-formacion","tag-medicina","tag-periodismo","tag-profesionales","tag-reciclaje-profesional"],"_links":{"self":[{"href":"https:\/\/lacronicadesevilla.es\/index.php\/wp-json\/wp\/v2\/posts\/1307","targetHints":{"allow":["GET"]}}],"collection":[{"href":"https:\/\/lacronicadesevilla.es\/index.php\/wp-json\/wp\/v2\/posts"}],"about":[{"href":"https:\/\/lacronicadesevilla.es\/index.php\/wp-json\/wp\/v2\/types\/post"}],"author":[{"embeddable":true,"href":"https:\/\/lacronicadesevilla.es\/index.php\/wp-json\/wp\/v2\/users\/50"}],"replies":[{"embeddable":true,"href":"https:\/\/lacronicadesevilla.es\/index.php\/wp-json\/wp\/v2\/comments?post=1307"}],"version-history":[{"count":22,"href":"https:\/\/lacronicadesevilla.es\/index.php\/wp-json\/wp\/v2\/posts\/1307\/revisions"}],"predecessor-version":[{"id":1354,"href":"https:\/\/lacronicadesevilla.es\/index.php\/wp-json\/wp\/v2\/posts\/1307\/revisions\/1354"}],"wp:attachment":[{"href":"https:\/\/lacronicadesevilla.es\/index.php\/wp-json\/wp\/v2\/media?parent=1307"}],"wp:term":[{"taxonomy":"category","embeddable":true,"href":"https:\/\/lacronicadesevilla.es\/index.php\/wp-json\/wp\/v2\/categories?post=1307"},{"taxonomy":"post_tag","embeddable":true,"href":"https:\/\/lacronicadesevilla.es\/index.php\/wp-json\/wp\/v2\/tags?post=1307"}],"curies":[{"name":"wp","href":"https:\/\/api.w.org\/{rel}","templated":true}]}}