{"id":1592,"date":"2018-06-04T09:57:07","date_gmt":"2018-06-04T08:57:07","guid":{"rendered":"http:\/\/lacronicadesevilla.es\/?p=1592"},"modified":"2018-06-04T10:03:45","modified_gmt":"2018-06-04T09:03:45","slug":"emilio-montero-el-sentido-del-humor-es-clave-para-trabajar-en-urgencias","status":"publish","type":"post","link":"https:\/\/lacronicadesevilla.es\/index.php\/2018\/06\/04\/emilio-montero-el-sentido-del-humor-es-clave-para-trabajar-en-urgencias\/","title":{"rendered":"Emilio Montero: \u00abVocaci\u00f3n y sentido del humor son claves para trabajar en urgencias\u00bb"},"content":{"rendered":"<p class=\"m_-8661763260867084402gmail-p1\"><span class=\"m_-8661763260867084402gmail-s1\">Marina\u00a0HERNANDEZ<br \/>\n<\/span><\/p>\n<p class=\"m_-8661763260867084402gmail-p1\"><span class=\"m_-8661763260867084402gmail-s1\"><strong>Emilio Montero<\/strong>, natural del municipio sevillano de El Ronquillo, es <strong>director de Urgencias<\/strong> en el hospital Virgen del Roc\u00edo de Sevilla desde hace m\u00e1s de una d\u00e9cada. Este m\u00e9dico de medicina general confiesa que cuando acept\u00f3 el puesto, el servicio de urgencias era mucho m\u00e1s tranquilo de lo que es ahora. \u00a0<\/span><!--more--><\/p>\n<p class=\"m_-8661763260867084402gmail-p1\"><span class=\"m_-8661763260867084402gmail-s1\"><strong><img loading=\"lazy\" decoding=\"async\" class=\"m_-8661763260867084402gmail-alignleft m_-8661763260867084402gmail-size-medium m_-8661763260867084402gmail-wp-image-1587 m_-8661763260867084402gmail-alignright CToWUd a6T alignright\" src=\"https:\/\/ci6.googleusercontent.com\/proxy\/51uDzsRKD1g8FpHl4usmuWH--XZoUj388Zt0YqgKZLdBEA2ucHNyLOX9DwoWvg5rhNYKTnWmqf5f3_QGOIqzXI81Y6sIkLIHu_c_6bLfkn5AhkmTpAT6z6enMvFeVhnu8xN-T4n9kcQ=s0-d-e1-ft#http:\/\/lacronicadesevilla.es\/wp-content\/uploads\/2018\/05\/emilio-montero-300x296.jpg\" alt=\"emilio montero\" width=\"300\" height=\"296\" srcset=\"https:\/\/lacronicadesevilla.es\/wp-content\/uploads\/2018\/05\/emilio-montero-300x296.jpg 300w, https:\/\/lacronicadesevilla.es\/wp-content\/uploads\/2018\/05\/emilio-montero-355x350.jpg 355w, https:\/\/lacronicadesevilla.es\/wp-content\/uploads\/2018\/05\/emilio-montero-150x148.jpg 150w, https:\/\/lacronicadesevilla.es\/wp-content\/uploads\/2018\/05\/emilio-montero.jpg 743w\" sizes=\"auto, (max-width: 300px) 100vw, 300px\" \/>Pregunta.\u00a0\u00bfCu\u00e1l es el protocolo diario en las urgencias de un hospital?<\/strong><br \/>\n<\/span><span class=\"m_-8661763260867084402gmail-s1\"><strong>Respuesta.\u00a0<\/strong>Urgencias es una unidad muy particular. No existe un protocolo espec\u00edfico porque contamos con poco tiempo, en el que prima la capacidad de reacci\u00f3n. Por lo general, solemos tratar, en primer lugar, a los pacientes con probabilidad de mortandad inmediata. M\u00e1s tarde, nos encontramos con otros mucho\u00a0usuarios esperando a que se les diagnostique algo menos importante como un resfriado com\u00fan.<\/span><\/p>\n<p class=\"m_-8661763260867084402gmail-p1\"><span class=\"m_-8661763260867084402gmail-s1\"><strong>P.\u00a0\u00bfCu\u00e1nto han aumentado en Sevilla los ingresos por heridos en altercados?<\/strong><br \/>\n<\/span><span class=\"m_-8661763260867084402gmail-s1\"><strong>R.\u00a0<\/strong>Un 10 por ciento, aproximadamente; es decir, 10 pacientes m\u00e1s por noche por cada enfermero. Es una cifra inquietante, que se da debido al aumento de la poblaci\u00f3n marginal a causa de la inmigraci\u00f3n.<\/span><\/p>\n<p class=\"m_-8661763260867084402gmail-p1\"><span class=\"m_-8661763260867084402gmail-s1\"><strong>P.\u00a0\u00bfQu\u00e9 es lo m\u00e1s gratificante de su profesi\u00f3n?<\/strong><br \/>\n<\/span><span class=\"m_-8661763260867084402gmail-s1\"><strong>R. <\/strong>El trato directo con el paciente de forma constante, que en una consulta no se disfruta. El personal m\u00e9dico suele diagnosticar la enfermedad para, a posteriori, mantenerse al margen. El trato inmediato lo cumple el personal sanitario conformado por el grupo de enfermeros. En urgencias, al trabajar codo con codo con estos \u00faltimos, los m\u00e9dicos realizamos una labor adicional, que es\u00a0la de cuidar al enfermo.<\/span><\/p>\n<p class=\"m_-8661763260867084402gmail-p1\"><span class=\"m_-8661763260867084402gmail-s1\"><strong>P.\u00a0\u00bfY lo que peor lleva?<\/strong><br \/>\n<\/span><span class=\"m_-8661763260867084402gmail-s1\"><strong>R.\u00a0<\/strong>Los ni\u00f1os heridos.\u00a0<\/span><\/p>\n<p class=\"m_-8661763260867084402gmail-p1\"><strong>P. \u00bfQu\u00e9 cualidades necesita un profesional para trabajar en urgencias?<\/strong><br \/>\n<strong>R.\u00a0<\/strong>En primer lugar, capacidad de reacci\u00f3n, que no tiene que ser innata\u00a0en la persona sino que se desarrolla con cierta experiencia en el sector. En segundo lugar, vocaci\u00f3n. Si la vocaci\u00f3n no existe, no es f\u00e1cil soportar el horario de la sanidad. Y por ultimo, la concentraci\u00f3n. Es importante que un profesional sepa desconectar de todo lo dem\u00e1s cuando entra en la unidad de urgencias.<\/p>\n<p class=\"m_-8661763260867084402gmail-p1\"><span class=\"m_-8661763260867084402gmail-s1\"><strong>P.\u00a0\u00bfAnima a los chicos que deseen iniciarse en la profesi\u00f3n?\u00a0<\/strong><br \/>\n<\/span><span class=\"m_-8661763260867084402gmail-s1\"><strong>R.\u00a0<\/strong>Los animar\u00eda siempre y cuando tengan vocaci\u00f3n. Nunca de otra manera. \u00bfUn consejo? El sentido del humor, que nunca lo pierdan. Hace mucha falta en la profesi\u00f3n.<\/span><\/p>\n<p class=\"m_-8661763260867084402gmail-p1\"><span class=\"m_-8661763260867084402gmail-s1\"><strong>P.\u00a0\u00bfC\u00f3mo consigue normalizar los episodios que vive con sus pacientes?<\/strong><br \/>\n<\/span><span class=\"m_-8661763260867084402gmail-s2\"><strong>R.\u00a0<\/strong>Lo mismo que normaliza un piloto volar a miles de metros de altura y cruzar zonas horarias diariamente.\u00a0<\/span><span class=\"m_-8661763260867084402gmail-s1\">Son gajes de este oficio, tal y como cualquier otro. Lo principal es disfrutar de la profesi\u00f3n entendiendo que la vida es tan sencilla como que si te disparan te mueres.<\/span><\/p>\n","protected":false},"excerpt":{"rendered":"<p>Marina\u00a0HERNANDEZ Emilio Montero, natural del municipio sevillano de El Ronquillo, es director de Urgencias en el hospital Virgen del Roc\u00edo de Sevilla desde hace m\u00e1s de una d\u00e9cada. Este m\u00e9dico de medicina general confiesa que cuando acept\u00f3 el puesto, el servicio de urgencias era mucho m\u00e1s tranquilo de lo que\u2026 <a class=\"continue-reading-link\" href=\"https:\/\/lacronicadesevilla.es\/index.php\/2018\/06\/04\/emilio-montero-el-sentido-del-humor-es-clave-para-trabajar-en-urgencias\/\"><\/a><\/p>\n","protected":false},"author":50,"featured_media":0,"comment_status":"closed","ping_status":"closed","sticky":false,"template":"","format":"standard","meta":{"footnotes":""},"categories":[11],"tags":[353,370,371,18,369],"class_list":["post-1592","post","type-post","status-publish","format-standard","hentry","category-salud","tag-hospital","tag-hospital-virgen-del-rocio","tag-medico","tag-sevilla","tag-urgencias"],"_links":{"self":[{"href":"https:\/\/lacronicadesevilla.es\/index.php\/wp-json\/wp\/v2\/posts\/1592","targetHints":{"allow":["GET"]}}],"collection":[{"href":"https:\/\/lacronicadesevilla.es\/index.php\/wp-json\/wp\/v2\/posts"}],"about":[{"href":"https:\/\/lacronicadesevilla.es\/index.php\/wp-json\/wp\/v2\/types\/post"}],"author":[{"embeddable":true,"href":"https:\/\/lacronicadesevilla.es\/index.php\/wp-json\/wp\/v2\/users\/50"}],"replies":[{"embeddable":true,"href":"https:\/\/lacronicadesevilla.es\/index.php\/wp-json\/wp\/v2\/comments?post=1592"}],"version-history":[{"count":10,"href":"https:\/\/lacronicadesevilla.es\/index.php\/wp-json\/wp\/v2\/posts\/1592\/revisions"}],"predecessor-version":[{"id":1603,"href":"https:\/\/lacronicadesevilla.es\/index.php\/wp-json\/wp\/v2\/posts\/1592\/revisions\/1603"}],"wp:attachment":[{"href":"https:\/\/lacronicadesevilla.es\/index.php\/wp-json\/wp\/v2\/media?parent=1592"}],"wp:term":[{"taxonomy":"category","embeddable":true,"href":"https:\/\/lacronicadesevilla.es\/index.php\/wp-json\/wp\/v2\/categories?post=1592"},{"taxonomy":"post_tag","embeddable":true,"href":"https:\/\/lacronicadesevilla.es\/index.php\/wp-json\/wp\/v2\/tags?post=1592"}],"curies":[{"name":"wp","href":"https:\/\/api.w.org\/{rel}","templated":true}]}}