{"id":1612,"date":"2018-06-11T12:04:44","date_gmt":"2018-06-11T11:04:44","guid":{"rendered":"http:\/\/lacronicadesevilla.es\/?p=1612"},"modified":"2018-06-11T13:42:54","modified_gmt":"2018-06-11T12:42:54","slug":"moda-move-2018-tendra-una-tematica-dedicada-al-plastico","status":"publish","type":"post","link":"https:\/\/lacronicadesevilla.es\/index.php\/2018\/06\/11\/moda-move-2018-tendra-una-tematica-dedicada-al-plastico\/","title":{"rendered":"MOVE Moda Sevilla 2018 rinde homenaje a los materiales sint\u00e9ticos"},"content":{"rendered":"<p><a href=\"http:\/\/lacronicadesevilla.es\/wp-content\/uploads\/2018\/06\/Taller-MODA.jpg\"><img loading=\"lazy\" decoding=\"async\" class=\"alignright size-full wp-image-1617\" src=\"http:\/\/lacronicadesevilla.es\/wp-content\/uploads\/2018\/06\/Taller-MODA.jpg\" alt=\"Taller-MODA\" width=\"400\" height=\"225\" srcset=\"https:\/\/lacronicadesevilla.es\/wp-content\/uploads\/2018\/06\/Taller-MODA.jpg 400w, https:\/\/lacronicadesevilla.es\/wp-content\/uploads\/2018\/06\/Taller-MODA-300x169.jpg 300w, https:\/\/lacronicadesevilla.es\/wp-content\/uploads\/2018\/06\/Taller-MODA-150x84.jpg 150w\" sizes=\"auto, (max-width: 400px) 100vw, 400px\" \/><\/a><\/p>\n<p>Guillermo R. TRIPELON<\/p>\n<p><a href=\"http:\/\/movemodasevilla.es\/\" target=\"_blank\">MOVE Moda Sevilla<\/a>, el evento organizado por la <strong>Escuela de Dise\u00f1o CEADE Leonardo<\/strong>, expone este a\u00f1o prendas que han sido elaboradas con materiales sint\u00e9ticos por los alumnos de 3\u00ba curso de Dise\u00f1o de Moda.<\/p>\n<p><!--more--><\/p>\n<p>El material que se ha empleado, mayoritariamente, en las prendas es el pl\u00e1stico. Por su parte, la exposici\u00f3n tiene como nombre <em>Sinthetic Aesthetic<\/em>; es decir, &#8216;est\u00e9tica sint\u00e9tica&#8217;, en honor a los materiales empleados, y se celebra el 26 de junio a las 20:30 horas en la sede de la Escuela en la Isla de la Cartuja. Esta colecci\u00f3n se presenta junto a otros trabajos de tem\u00e1tica libre, que son obra de los estudiantes de 4\u00ba curso de la misma titulaci\u00f3n.<\/p>\n<p>Tanto los desfiles, como las m\u00faltiples actividades que configuran este evento: <em>showrooms<\/em>, exhibiciones y sesiones fotogr\u00e1ficas, se realizan en un entorno vanguardista. La finalidad del trabajo de estos j\u00f3venes dise\u00f1adores es la de \u00abdarle un uso nuevo, diferente y creativo al pl\u00e1stico\u00bb, apunta Salom\u00e9 G\u00f3ngora, coordinadora de Moda de la Escuela CEADE Leonardo y MOVE Moda.<\/p>\n<div id=\"attachment_1616\" style=\"width: 280px\" class=\"wp-caption alignleft\"><img loading=\"lazy\" decoding=\"async\" aria-describedby=\"caption-attachment-1616\" class=\"wp-image-1616\" src=\"http:\/\/lacronicadesevilla.es\/wp-content\/uploads\/2018\/06\/fotocartel_LauraCarvajal.jpg\" alt=\"Cartel de MOVE Moda Sevilla 2018\" width=\"270\" height=\"382\" srcset=\"https:\/\/lacronicadesevilla.es\/wp-content\/uploads\/2018\/06\/fotocartel_LauraCarvajal.jpg 283w, https:\/\/lacronicadesevilla.es\/wp-content\/uploads\/2018\/06\/fotocartel_LauraCarvajal-212x300.jpg 212w, https:\/\/lacronicadesevilla.es\/wp-content\/uploads\/2018\/06\/fotocartel_LauraCarvajal-248x350.jpg 248w, https:\/\/lacronicadesevilla.es\/wp-content\/uploads\/2018\/06\/fotocartel_LauraCarvajal-106x150.jpg 106w\" sizes=\"auto, (max-width: 270px) 100vw, 270px\" \/><p id=\"caption-attachment-1616\" class=\"wp-caption-text\">Cartel MOVE Moda Sevilla 2018<\/p><\/div>\n<p>A este foro de la innovaci\u00f3n en el mundo de la creatividad textil se suma\u00a0la colaboraci\u00f3n de los alumnos de Dise\u00f1o Gr\u00e1fico de la Escuela. Y una novedad: \u00abse presentar\u00e1n trabajos realizados por los alumnos de todos los cursos\u00bb, declara G\u00f3ngora. A lo que a\u00f1ade: \u00abas\u00ed podremos ver su labor durante el a\u00f1o acad\u00e9mico en las diferentes asignaturas\u00bb.<\/p>\n<p>La combinaci\u00f3n de todos los trabajos procedentes de las titulaciones de Dise\u00f1o de Moda, Dise\u00f1o Gr\u00e1fico y Dise\u00f1o de Interiores demuestra las sinergias existentes entre las diversas disciplinas art\u00edsticas. Todo ello con la finalidad de poner a prueba y \u00abpromover la creatividad, la investigaci\u00f3n, la innovaci\u00f3n y la originalidad apostando por los j\u00f3venes, que son el futuro del dise\u00f1o, en un sector en constante reinvenci\u00f3n\u00bb, explica la coordinadora de Moda.<\/p>\n<p>Al evento asistir\u00e1n profesionales del sector, prensa especializada, profesores, estudiantes, antiguos alumnos y familiares. Est\u00e1 abierto a todo el p\u00fablico. MOVE Moda Sevilla se celebra todos los a\u00f1os desde 2011, y es un escaparate para la creatividad de los j\u00f3venes y futuros talentos en el campo del dise\u00f1o de moda, que implica a alumnos y profesores de la Escuela CEADE Leonardo.<\/p>\n<p>Cada a\u00f1o, el foro se renueva con el objetivo de abrir nuevas l\u00edneas de investigaci\u00f3n en el \u00e1mbito del dise\u00f1o y convertirse en un referente de este sector.<\/p>\n","protected":false},"excerpt":{"rendered":"<p>Guillermo R. TRIPELON MOVE Moda Sevilla, el evento organizado por la Escuela de Dise\u00f1o CEADE Leonardo, expone este a\u00f1o prendas que han sido elaboradas con materiales sint\u00e9ticos por los alumnos de 3\u00ba curso de Dise\u00f1o de Moda. <a class=\"continue-reading-link\" href=\"https:\/\/lacronicadesevilla.es\/index.php\/2018\/06\/11\/moda-move-2018-tendra-una-tematica-dedicada-al-plastico\/\"><\/a><\/p>\n","protected":false},"author":50,"featured_media":0,"comment_status":"closed","ping_status":"closed","sticky":false,"template":"","format":"standard","meta":{"footnotes":""},"categories":[12,8],"tags":[225,227,85,372,373,178,18],"class_list":["post-1612","post","type-post","status-publish","format-standard","hentry","category-cultura","category-sevilla","tag-diseno","tag-escuela-ceade-leonardo","tag-moda","tag-move","tag-plastico","tag-reciclaje","tag-sevilla"],"_links":{"self":[{"href":"https:\/\/lacronicadesevilla.es\/index.php\/wp-json\/wp\/v2\/posts\/1612","targetHints":{"allow":["GET"]}}],"collection":[{"href":"https:\/\/lacronicadesevilla.es\/index.php\/wp-json\/wp\/v2\/posts"}],"about":[{"href":"https:\/\/lacronicadesevilla.es\/index.php\/wp-json\/wp\/v2\/types\/post"}],"author":[{"embeddable":true,"href":"https:\/\/lacronicadesevilla.es\/index.php\/wp-json\/wp\/v2\/users\/50"}],"replies":[{"embeddable":true,"href":"https:\/\/lacronicadesevilla.es\/index.php\/wp-json\/wp\/v2\/comments?post=1612"}],"version-history":[{"count":18,"href":"https:\/\/lacronicadesevilla.es\/index.php\/wp-json\/wp\/v2\/posts\/1612\/revisions"}],"predecessor-version":[{"id":1634,"href":"https:\/\/lacronicadesevilla.es\/index.php\/wp-json\/wp\/v2\/posts\/1612\/revisions\/1634"}],"wp:attachment":[{"href":"https:\/\/lacronicadesevilla.es\/index.php\/wp-json\/wp\/v2\/media?parent=1612"}],"wp:term":[{"taxonomy":"category","embeddable":true,"href":"https:\/\/lacronicadesevilla.es\/index.php\/wp-json\/wp\/v2\/categories?post=1612"},{"taxonomy":"post_tag","embeddable":true,"href":"https:\/\/lacronicadesevilla.es\/index.php\/wp-json\/wp\/v2\/tags?post=1612"}],"curies":[{"name":"wp","href":"https:\/\/api.w.org\/{rel}","templated":true}]}}