{"id":169,"date":"2016-10-13T17:09:09","date_gmt":"2016-10-13T16:09:09","guid":{"rendered":"http:\/\/lacronicadesevilla.es\/?p=169"},"modified":"2020-01-08T09:19:35","modified_gmt":"2020-01-08T08:19:35","slug":"mucha-musica-y-fusion-gastronomica-en-la-fiesta-inaugural-del-restaurante-hard-rock-cafe-sevilla","status":"publish","type":"post","link":"https:\/\/lacronicadesevilla.es\/index.php\/2016\/10\/13\/mucha-musica-y-fusion-gastronomica-en-la-fiesta-inaugural-del-restaurante-hard-rock-cafe-sevilla\/","title":{"rendered":"Mucha m\u00fasica y fusi\u00f3n gastron\u00f3mica en la fiesta inaugural del restaurante Hard Rock Cafe Sevilla"},"content":{"rendered":"<p><img loading=\"lazy\" decoding=\"async\" class=\"alignright wp-image-198 \" src=\"http:\/\/lacronicadesevilla.es\/wp-content\/uploads\/2016\/10\/rock-e-1024x427.jpg\" alt=\"Interior del restaurante\" width=\"553\" height=\"231\" srcset=\"https:\/\/lacronicadesevilla.es\/wp-content\/uploads\/2016\/10\/rock-e-1024x427.jpg 1024w, https:\/\/lacronicadesevilla.es\/wp-content\/uploads\/2016\/10\/rock-e-300x125.jpg 300w, https:\/\/lacronicadesevilla.es\/wp-content\/uploads\/2016\/10\/rock-e-768x320.jpg 768w, https:\/\/lacronicadesevilla.es\/wp-content\/uploads\/2016\/10\/rock-e-840x350.jpg 840w, https:\/\/lacronicadesevilla.es\/wp-content\/uploads\/2016\/10\/rock-e-150x63.jpg 150w, https:\/\/lacronicadesevilla.es\/wp-content\/uploads\/2016\/10\/rock-e.jpg 1200w\" sizes=\"auto, (max-width: 553px) 100vw, 553px\" \/>Inma MART\u00cdN<\/p>\n<p>Como no pod\u00eda ser de otra manera, el <strong>Hard Rock Cafe<\/strong> <strong>Sevilla<\/strong> celebr\u00f3 su inauguraci\u00f3n oficial con m\u00fasica y gastronom\u00eda. La fiesta arranc\u00f3 con el grupo <strong>M\u00e4go de Oz<\/strong> que, a bordo del Sevilla Rock Bus, ofreci\u00f3 un concierto gratuito en la Puerta de Jerez.\u00a0<!--more--><\/p>\n<p>A continuaci\u00f3n, comenz\u00f3 la ceremonia de apertura con las luces que iluminaban la fachada del n\u00famero 3 de la calle San Fernando, direcci\u00f3n en la que se ubica el restaurante.<\/p>\n<p>Un momento singular, marca de la casa, fue el legendario y tradicional <a href=\"https:\/\/www.youtube.com\/watch?v=OBczU27hmdU\" target=\"_blank\"><em>Guitar Smash<\/em><\/a>, el acto de romper varias guitarras. Los responsables de este <em>show<\/em> fueron el alcalde de Sevilla, Juan Espadas; Rita Gilligan, embajadora mundial de Hard Rock; el vicepresidente de Hard Rock en Europa, David Pellow; el vocalista de M\u00e4go de Oz, Zeta; y la directora de Hard Rock Cafe Sevilla, Luc\u00eda Castro. Cabe aclarar que se trataba de guitarras cl\u00e1sicas espa\u00f1olas, cedidas por MR Guitarras, pero ya deterioradas e inservibles; y por ello fueron definitivamente destrozados para la ocasi\u00f3n.<\/p>\n<p><img loading=\"lazy\" decoding=\"async\" class=\"wp-image-191 alignleft\" src=\"http:\/\/lacronicadesevilla.es\/wp-content\/uploads\/2016\/10\/hard-c.jpg\" alt=\"hard-c\" width=\"208\" height=\"467\" srcset=\"https:\/\/lacronicadesevilla.es\/wp-content\/uploads\/2016\/10\/hard-c.jpg 350w, https:\/\/lacronicadesevilla.es\/wp-content\/uploads\/2016\/10\/hard-c-133x300.jpg 133w, https:\/\/lacronicadesevilla.es\/wp-content\/uploads\/2016\/10\/hard-c-156x350.jpg 156w, https:\/\/lacronicadesevilla.es\/wp-content\/uploads\/2016\/10\/hard-c-67x150.jpg 67w\" sizes=\"auto, (max-width: 208px) 100vw, 208px\" \/>Seguidamente, un espect\u00e1culo flamenco con el cl\u00e1sico <em>We Will Rock You<\/em> dio paso a una exhibici\u00f3n motera con el atronador y caracter\u00edstico sonido de una Harley Davidson, que sali\u00f3 desde el local y se abri\u00f3 paso entre la multitud.<\/p>\n<p>Uno de los momentos m\u00e1s emocionantes de la noche fue la intervenci\u00f3n de la m\u00edtica\u00a0Rita Gilligan, la primera camarera de la historia de Hard Rock Cafe para quien \u201cSevilla es una de las ciudades m\u00e1s hermosas que he visto\u201d. De nacionalidad irlandesa, comenz\u00f3 a trabajar en 1971 en el primer Cafe que abri\u00f3 sus puertas en Londres, y en los \u00faltimos a\u00f1os viaja por todo el mundo formando a nuevos camareros y atendiendo a la prensa de multitud de pa\u00edses. En 1998 fue distinguida con el MBE (Miembro del Imperio Brit\u00e1nico), concedido por la Reina Isabel II por su servicio al turismo brit\u00e1nico.<\/p>\n<p>La fiesta continu\u00f3 en el interior del local, con la presencia de personalidades del mundo de la m\u00fasica, la cultura y la sociedad en general, tales como el m\u00fasico Raimundo Amador, que actu\u00f3 en directo; las cantantes Erika Leiva y Joana Jim\u00e9nez, y la actriz Mercedes Hoyos.<\/p>\n<p><img loading=\"lazy\" decoding=\"async\" class=\"alignright size-medium wp-image-209\" src=\"http:\/\/lacronicadesevilla.es\/wp-content\/uploads\/2016\/10\/mago-de-oz-300x199.jpg\" alt=\"mago-de-oz\" width=\"300\" height=\"199\" srcset=\"https:\/\/lacronicadesevilla.es\/wp-content\/uploads\/2016\/10\/mago-de-oz-300x199.jpg 300w, https:\/\/lacronicadesevilla.es\/wp-content\/uploads\/2016\/10\/mago-de-oz-768x510.jpg 768w, https:\/\/lacronicadesevilla.es\/wp-content\/uploads\/2016\/10\/mago-de-oz-527x350.jpg 527w, https:\/\/lacronicadesevilla.es\/wp-content\/uploads\/2016\/10\/mago-de-oz-150x100.jpg 150w, https:\/\/lacronicadesevilla.es\/wp-content\/uploads\/2016\/10\/mago-de-oz.jpg 800w\" sizes=\"auto, (max-width: 300px) 100vw, 300px\" \/>En definitiva, fue una gran noche, en la que los invitados disfrutaron de la m\u00fasica de un DJ, n\u00fameros musicales de flamenco-rock, los c\u00f3cteles de Hard Rock Cafe y un catering que fusion\u00f3 la saludable cocina mediterr\u00e1nea con los productos m\u00e1s caracter\u00edsticos del nuevo local, basados en la sabrosa comida norteamericana.<\/p>\n<p>Y todo ello con el atractivo a\u00f1adido del propio local, un precioso edificio hist\u00f3rico del siglo XVIII, rehabilitado por An\u00edbal Gonz\u00e1lez, y con un marcado estilo andaluz, que la firma ha respetado. El restaurante cuenta con varias plantas, cuyas estancias est\u00e1n decoradas con objetos singulares del mundo del rock como guitarras de Santana, Kiss, Brad Whitford de <strong>Aerosmith <\/strong>(en la foto), Raimundo Amador y Hombres G; una bater\u00eda de<strong> Gun&#8217;s &amp; Roses<\/strong>; un autorretrato de Sting; una chaqueta de estilo militar de <strong>Michael Jackson<\/strong> y un vestido de Whitney Houston, entre otros.<\/p>\n","protected":false},"excerpt":{"rendered":"<p>Inma MART\u00cdN Como no pod\u00eda ser de otra manera, el Hard Rock Cafe Sevilla celebr\u00f3 su inauguraci\u00f3n oficial con m\u00fasica y gastronom\u00eda. La fiesta arranc\u00f3 con el grupo M\u00e4go de Oz que, a bordo del Sevilla Rock Bus, ofreci\u00f3 un concierto gratuito en la Puerta de Jerez.\u00a0 <a class=\"continue-reading-link\" href=\"https:\/\/lacronicadesevilla.es\/index.php\/2016\/10\/13\/mucha-musica-y-fusion-gastronomica-en-la-fiesta-inaugural-del-restaurante-hard-rock-cafe-sevilla\/\"><\/a><\/p>\n","protected":false},"author":1,"featured_media":0,"comment_status":"closed","ping_status":"closed","sticky":false,"template":"","format":"standard","meta":{"footnotes":""},"categories":[8],"tags":[57,58,55,56,18],"class_list":["post-169","post","type-post","status-publish","format-standard","hentry","category-sevilla","tag-gastronomia","tag-hamburguesa","tag-hard-rock-cafe","tag-restaurante","tag-sevilla"],"_links":{"self":[{"href":"https:\/\/lacronicadesevilla.es\/index.php\/wp-json\/wp\/v2\/posts\/169","targetHints":{"allow":["GET"]}}],"collection":[{"href":"https:\/\/lacronicadesevilla.es\/index.php\/wp-json\/wp\/v2\/posts"}],"about":[{"href":"https:\/\/lacronicadesevilla.es\/index.php\/wp-json\/wp\/v2\/types\/post"}],"author":[{"embeddable":true,"href":"https:\/\/lacronicadesevilla.es\/index.php\/wp-json\/wp\/v2\/users\/1"}],"replies":[{"embeddable":true,"href":"https:\/\/lacronicadesevilla.es\/index.php\/wp-json\/wp\/v2\/comments?post=169"}],"version-history":[{"count":27,"href":"https:\/\/lacronicadesevilla.es\/index.php\/wp-json\/wp\/v2\/posts\/169\/revisions"}],"predecessor-version":[{"id":2719,"href":"https:\/\/lacronicadesevilla.es\/index.php\/wp-json\/wp\/v2\/posts\/169\/revisions\/2719"}],"wp:attachment":[{"href":"https:\/\/lacronicadesevilla.es\/index.php\/wp-json\/wp\/v2\/media?parent=169"}],"wp:term":[{"taxonomy":"category","embeddable":true,"href":"https:\/\/lacronicadesevilla.es\/index.php\/wp-json\/wp\/v2\/categories?post=169"},{"taxonomy":"post_tag","embeddable":true,"href":"https:\/\/lacronicadesevilla.es\/index.php\/wp-json\/wp\/v2\/tags?post=169"}],"curies":[{"name":"wp","href":"https:\/\/api.w.org\/{rel}","templated":true}]}}