{"id":182,"date":"2016-10-24T12:48:31","date_gmt":"2016-10-24T11:48:31","guid":{"rendered":"http:\/\/lacronicadesevilla.es\/?p=182"},"modified":"2016-10-24T12:52:23","modified_gmt":"2016-10-24T11:52:23","slug":"sindrome-de-ehlers-danlos-la-enfermedad-de-los-gimnastas","status":"publish","type":"post","link":"https:\/\/lacronicadesevilla.es\/index.php\/2016\/10\/24\/sindrome-de-ehlers-danlos-la-enfermedad-de-los-gimnastas\/","title":{"rendered":"S\u00edndrome de Ehlers-Danlos, la enfermedad de los \u2018gimnastas\u2019"},"content":{"rendered":"<p><img loading=\"lazy\" decoding=\"async\" class=\"alignright size-full wp-image-184\" src=\"http:\/\/lacronicadesevilla.es\/wp-content\/uploads\/2016\/10\/gimnastas-1.jpg\" alt=\"gimnastas-1\" width=\"450\" height=\"227\" srcset=\"https:\/\/lacronicadesevilla.es\/wp-content\/uploads\/2016\/10\/gimnastas-1.jpg 450w, https:\/\/lacronicadesevilla.es\/wp-content\/uploads\/2016\/10\/gimnastas-1-300x151.jpg 300w, https:\/\/lacronicadesevilla.es\/wp-content\/uploads\/2016\/10\/gimnastas-1-150x76.jpg 150w\" sizes=\"auto, (max-width: 450px) 100vw, 450px\" \/>Roc\u00edo RAMOS<\/p>\n<p>El s\u00edndrome <strong>Ehlers\u2013Danlos<\/strong> (SED) es una enfermedad hereditaria, clasificada como rara, que afecta al <strong>tejido conectivo<\/strong>. Se produce porque el organismo no sintetiza bien el col\u00e1geno. Muchas de las personas que la sufren no son conscientes de su existencia, o la confunden con otras enfermedades con s\u00edntomas similares.<!--more--><\/p>\n<p>La hiperelasticidad d\u00e9rmica y la hiperlaxitud est\u00e1n asociadas a esta dolencia. Quienes la padecen tienen gran <strong>elasticidad en las articulaciones<\/strong> y en la piel, lo que puede acarrear graves luxaciones y significativos hematomas debido a la fragilidad de la dermis. La cicatrizaci\u00f3n de las heridas es lenta y en los casos m\u00e1s graves de SED, como es el tipo vascular, pueden producirse rotura de venas y perforaciones intestinales.<\/p>\n<p>Hasta hace unos a\u00f1os, la hiperlaxitud se ve\u00eda como una cualidad positiva, que permit\u00eda sacar m\u00e1s partido a actividades deportivas como la gimnasia r\u00edtmica, pero es un problema que puede acarrear disautonom\u00eda, es decir, estas personas pueden sufrir desmayos, fatiga o taquicardias y presentan s\u00edntomas de cansancio. Roc\u00edo Torrent, que la padece desde su infancia, explica que desde ni\u00f1a sufr\u00eda muchas luxaciones, y \u201cnotaba que siempre estaba muy cansada\u201d.<\/p>\n<p>La \u00fanica medicaci\u00f3n son analg\u00e9sicos y antiinflamatorios, pero no hay un tratamiento definitivo. El deporte es muy positivo para fortalecer la musculatura, pero en este caso de manera controlada. \u201cCuando hago deporte intento no hacer movimientos bruscos para evitar luxaciones\u201d, cuenta Roc\u00edo.<\/p>\n<p>Los enfermos de SED tienen dificultades en su vida cotidiana debido a los dolores que sufren de forma intermitente. Por ello, estos pacientes tienen una mala calidad de vida y viven con cierto miedo. Su esperanza de vida es algo inferior y las mujeres corren riesgo al quedarse embarazadas.<\/p>\n<p>El SED se detecta con el test de Brighton. La puntuaci\u00f3n resultante determina el tipo dentro de las seis variedades que existen. Tambi\u00e9n se realiza una exploraci\u00f3n externa, y se analizan qu\u00e9 movimientos pueden hacer. \u201cHay enfermos que padecen Ehlers-Danlos, pero se les diagnostica hiperlaxitud. Solo los casos m\u00e1s graves se agrupan en el S\u00edndrome de Ehlers\u201c, detalla Roc\u00edo.<\/p>\n<p>Inmaculada Casal, que padece SED, y es madre de tres hijos con esta enfermedad, asegura que \u201clos pacientes se encuentran con barreras a la hora de diagnosticar este problema, porque se desconocen muchos detalles sobre la enfermedad, hay pocos m\u00e9dicos que traten esta dolencia, y pocos medios que la detecten\u201d.<\/p>\n<p>La asociaci\u00f3n de Ehlers-Danlos en Espa\u00f1a la forman 70 enfermos. Piden que se investigue porque se encuentran desamparados a la hora de afrontar esta enfermedad que, hoy en d\u00eda, no tiene ni prevenci\u00f3n ni cura.<\/p>\n","protected":false},"excerpt":{"rendered":"<p>Roc\u00edo RAMOS El s\u00edndrome Ehlers\u2013Danlos (SED) es una enfermedad hereditaria, clasificada como rara, que afecta al tejido conectivo. Se produce porque el organismo no sintetiza bien el col\u00e1geno. Muchas de las personas que la sufren no son conscientes de su existencia, o la confunden con otras enfermedades con s\u00edntomas similares. <a class=\"continue-reading-link\" href=\"https:\/\/lacronicadesevilla.es\/index.php\/2016\/10\/24\/sindrome-de-ehlers-danlos-la-enfermedad-de-los-gimnastas\/\"><\/a><\/p>\n","protected":false},"author":1,"featured_media":0,"comment_status":"closed","ping_status":"closed","sticky":false,"template":"","format":"standard","meta":{"footnotes":""},"categories":[11],"tags":[64,63,66,65,40],"class_list":["post-182","post","type-post","status-publish","format-standard","hentry","category-salud","tag-colageno","tag-ehlers-danlos","tag-enfermedad-rara","tag-hiperelasticidad","tag-salud"],"_links":{"self":[{"href":"https:\/\/lacronicadesevilla.es\/index.php\/wp-json\/wp\/v2\/posts\/182","targetHints":{"allow":["GET"]}}],"collection":[{"href":"https:\/\/lacronicadesevilla.es\/index.php\/wp-json\/wp\/v2\/posts"}],"about":[{"href":"https:\/\/lacronicadesevilla.es\/index.php\/wp-json\/wp\/v2\/types\/post"}],"author":[{"embeddable":true,"href":"https:\/\/lacronicadesevilla.es\/index.php\/wp-json\/wp\/v2\/users\/1"}],"replies":[{"embeddable":true,"href":"https:\/\/lacronicadesevilla.es\/index.php\/wp-json\/wp\/v2\/comments?post=182"}],"version-history":[{"count":4,"href":"https:\/\/lacronicadesevilla.es\/index.php\/wp-json\/wp\/v2\/posts\/182\/revisions"}],"predecessor-version":[{"id":189,"href":"https:\/\/lacronicadesevilla.es\/index.php\/wp-json\/wp\/v2\/posts\/182\/revisions\/189"}],"wp:attachment":[{"href":"https:\/\/lacronicadesevilla.es\/index.php\/wp-json\/wp\/v2\/media?parent=182"}],"wp:term":[{"taxonomy":"category","embeddable":true,"href":"https:\/\/lacronicadesevilla.es\/index.php\/wp-json\/wp\/v2\/categories?post=182"},{"taxonomy":"post_tag","embeddable":true,"href":"https:\/\/lacronicadesevilla.es\/index.php\/wp-json\/wp\/v2\/tags?post=182"}],"curies":[{"name":"wp","href":"https:\/\/api.w.org\/{rel}","templated":true}]}}