{"id":216,"date":"2016-10-07T12:56:11","date_gmt":"2016-10-07T11:56:11","guid":{"rendered":"http:\/\/lacronicadesevilla.es\/?p=216"},"modified":"2016-11-07T13:09:40","modified_gmt":"2016-11-07T12:09:40","slug":"rocio-porres-presenta-su-primer-reloj-con-forma-de-girasol","status":"publish","type":"post","link":"https:\/\/lacronicadesevilla.es\/index.php\/2016\/10\/07\/rocio-porres-presenta-su-primer-reloj-con-forma-de-girasol\/","title":{"rendered":"Roc\u00edo Porres presenta su primer reloj con forma de GIRASOL"},"content":{"rendered":"<p><span style=\"color: #808080;\"><img loading=\"lazy\" decoding=\"async\" class=\"alignright wp-image-218\" src=\"http:\/\/lacronicadesevilla.es\/wp-content\/uploads\/2016\/11\/porres-2.jpg\" alt=\"porres-2\" width=\"527\" height=\"324\" srcset=\"https:\/\/lacronicadesevilla.es\/wp-content\/uploads\/2016\/11\/porres-2.jpg 600w, https:\/\/lacronicadesevilla.es\/wp-content\/uploads\/2016\/11\/porres-2-300x185.jpg 300w, https:\/\/lacronicadesevilla.es\/wp-content\/uploads\/2016\/11\/porres-2-569x350.jpg 569w, https:\/\/lacronicadesevilla.es\/wp-content\/uploads\/2016\/11\/porres-2-150x92.jpg 150w\" sizes=\"auto, (max-width: 527px) 100vw, 527px\" \/>\u00c1ngeles BARRIOS \/ Pilar ROCA<\/span><\/p>\n<p>La joyera sevillana Roc\u00edo Porres ha presentado en sociedad su primer <strong>reloj<\/strong>. Se trata de una original pieza con forma de <strong>girasol<\/strong>, una flor representativa de Andaluc\u00eda y que, adem\u00e1s, es el logotipo de su marca.<!--more--><\/p>\n<p>Los relojes-girasol dise\u00f1ados por Roc\u00edo est\u00e1n elaborados en <strong>bronce<\/strong> con la t\u00e9cnica de la cera perdida, mediante un proceso de fundici\u00f3n id\u00e9ntico al que se realizaba en el siglo XV y, posteriormente, ba\u00f1ados en oro. La fabricaci\u00f3n ha sido confiada a un taller de joyer\u00eda cordob\u00e9s donde han dado forma y materia a la idea original de Porres, cuyas fuentes de inspiraci\u00f3n son el arte, especialmente las obras de Dal\u00ed, Kandinsky y Matisse, muy presentes en la decoraci\u00f3n de su estudio-taller de la calle Archero, as\u00ed como la naturaleza y sus propios viajes.<\/p>\n<p>De momento, ha salido a la venta una edici\u00f3n limitada de 250 unidades, firmadas y numeradas, que se pueden adquirir a un precio de 495 euros. La colecci\u00f3n est\u00e1 compuesta por distintos modelos con la esfera en color blanco, negro o rojo. Igualmente, existen distintos estilos y tonos de correa en dorado, blanco y negro; y tambi\u00e9n de otros materiales como piel de vaca y serpiente. Roc\u00edo confiesa que su reloj favorito es el de color rojo. En cualquier caso, afirma que se trata de una joya vers\u00e1til, muy ponible en cualquier momento del d\u00eda y para cualquier ocasi\u00f3n.<\/p>\n<p>Actualmente, Porres ultima los detalles de su nueva colecci\u00f3n, denominada \u2018Ramitos\u2019 (tal y como su tata llamaba a las flores), que ver\u00e1 la luz antes de fin de a\u00f1o. La componen collares, tiaras y pulseras con un denominador com\u00fan: \u201clas joyas est\u00e1n adornadas con florecitas\u201d.<\/p>\n<p>Atendiendo a su doble faceta de dise\u00f1adora y empresaria, Roc\u00edo asegura que prueba todas sus joyas, pues \u201chasta que no estoy totalmente convencida no las saco al mercado\u201d. Para ello, las luce durante un tiempo con objeto de conocer el efecto que producen tanto a nivel personal como la reacci\u00f3n que provocan en otros.<\/p>\n","protected":false},"excerpt":{"rendered":"<p>\u00c1ngeles BARRIOS \/ Pilar ROCA La joyera sevillana Roc\u00edo Porres ha presentado en sociedad su primer reloj. Se trata de una original pieza con forma de girasol, una flor representativa de Andaluc\u00eda y que, adem\u00e1s, es el logotipo de su marca. <a class=\"continue-reading-link\" href=\"https:\/\/lacronicadesevilla.es\/index.php\/2016\/10\/07\/rocio-porres-presenta-su-primer-reloj-con-forma-de-girasol\/\"><\/a><\/p>\n","protected":false},"author":1,"featured_media":0,"comment_status":"closed","ping_status":"closed","sticky":false,"template":"","format":"standard","meta":{"footnotes":""},"categories":[9],"tags":[69,67,68,70,18],"class_list":["post-216","post","type-post","status-publish","format-standard","hentry","category-sociedad","tag-girasol","tag-joya","tag-reloj","tag-rocio-porres","tag-sevilla"],"_links":{"self":[{"href":"https:\/\/lacronicadesevilla.es\/index.php\/wp-json\/wp\/v2\/posts\/216","targetHints":{"allow":["GET"]}}],"collection":[{"href":"https:\/\/lacronicadesevilla.es\/index.php\/wp-json\/wp\/v2\/posts"}],"about":[{"href":"https:\/\/lacronicadesevilla.es\/index.php\/wp-json\/wp\/v2\/types\/post"}],"author":[{"embeddable":true,"href":"https:\/\/lacronicadesevilla.es\/index.php\/wp-json\/wp\/v2\/users\/1"}],"replies":[{"embeddable":true,"href":"https:\/\/lacronicadesevilla.es\/index.php\/wp-json\/wp\/v2\/comments?post=216"}],"version-history":[{"count":6,"href":"https:\/\/lacronicadesevilla.es\/index.php\/wp-json\/wp\/v2\/posts\/216\/revisions"}],"predecessor-version":[{"id":224,"href":"https:\/\/lacronicadesevilla.es\/index.php\/wp-json\/wp\/v2\/posts\/216\/revisions\/224"}],"wp:attachment":[{"href":"https:\/\/lacronicadesevilla.es\/index.php\/wp-json\/wp\/v2\/media?parent=216"}],"wp:term":[{"taxonomy":"category","embeddable":true,"href":"https:\/\/lacronicadesevilla.es\/index.php\/wp-json\/wp\/v2\/categories?post=216"},{"taxonomy":"post_tag","embeddable":true,"href":"https:\/\/lacronicadesevilla.es\/index.php\/wp-json\/wp\/v2\/tags?post=216"}],"curies":[{"name":"wp","href":"https:\/\/api.w.org\/{rel}","templated":true}]}}