{"id":2590,"date":"2019-10-22T11:08:13","date_gmt":"2019-10-22T10:08:13","guid":{"rendered":"http:\/\/lacronicadesevilla.es\/?p=2590"},"modified":"2019-10-22T11:13:29","modified_gmt":"2019-10-22T10:13:29","slug":"presentado-en-sevilla-el-libro-senales-de-vida-sobre-el-trastorno-obsesivo-compulsivo","status":"publish","type":"post","link":"https:\/\/lacronicadesevilla.es\/index.php\/2019\/10\/22\/presentado-en-sevilla-el-libro-senales-de-vida-sobre-el-trastorno-obsesivo-compulsivo\/","title":{"rendered":"Presentado en Sevilla el libro \u2018Se\u00f1ales de Vida\u2019 sobre el Trastorno Obsesivo Compulsivo"},"content":{"rendered":"<div id=\"attachment_2610\" style=\"width: 410px\" class=\"wp-caption alignright\"><img loading=\"lazy\" decoding=\"async\" aria-describedby=\"caption-attachment-2610\" class=\"wp-image-2610\" src=\"http:\/\/lacronicadesevilla.es\/wp-content\/uploads\/2019\/10\/libro-toc.jpg\" alt=\"Aurelio L\u00f3pez durante la firma del libro en Sevilla\" width=\"400\" height=\"368\" srcset=\"https:\/\/lacronicadesevilla.es\/wp-content\/uploads\/2019\/10\/libro-toc.jpg 500w, https:\/\/lacronicadesevilla.es\/wp-content\/uploads\/2019\/10\/libro-toc-300x276.jpg 300w, https:\/\/lacronicadesevilla.es\/wp-content\/uploads\/2019\/10\/libro-toc-380x350.jpg 380w, https:\/\/lacronicadesevilla.es\/wp-content\/uploads\/2019\/10\/libro-toc-150x138.jpg 150w\" sizes=\"auto, (max-width: 400px) 100vw, 400px\" \/><p id=\"caption-attachment-2610\" class=\"wp-caption-text\">Aurelio L\u00f3pez durante la firma del libro en Sevilla<\/p><\/div>\n<p>Diego JIM\u00c9NEZ<\/p>\n<p>El director del <strong>Centro para el Tratamiento del TOC <\/strong>(Trastorno Obsesivo Compulsivo)\u00a0de Granada, Aurelio L\u00f3pez, estuvo en Sevilla para presentar su <strong>libro<\/strong> titulado <strong>\u2018Se\u00f1ales de Vida\u2019<\/strong>.\u00a0<!--more--><\/p>\n<p>Con esta obra se pretende conseguir fondos para esta asociaci\u00f3n; y al mismo tiempo, dar a conocer este problema de conducta a la poblaci\u00f3n general. En su elaboraci\u00f3n ha colaborado Mar\u00eda Jos\u00e9 Sanz, periodista y familiar de un afectado. La coautora afirma que tras cinco meses juntos escribiendo y editando, \u2018Se\u00f1ales de Vida\u2019 \u201ces mucho m\u00e1s que un libro\u201d. En los cuatro meses que lleva a la venta se ha recaudado un total de 10.000 euros, con los que esta asociaci\u00f3n podr\u00e1 dar asesoramiento, tratamiento y alojamiento a m\u00e1s personas que lo necesiten.<\/p>\n<p>El Centro para el Tratamiento del TOC de Granada comenz\u00f3 a funcionar en 2012 despu\u00e9s de que el hijo de Aurelio falleciera tras varios a\u00f1os padeciendo este trastorno y sin haber recibido el tratamiento m\u00e9dico adecuado. Su padre quiso entonces que nadie m\u00e1s tuviera que pasar por esta situaci\u00f3n, y cre\u00f3 esta fundaci\u00f3n, que actualmente trata a 110 pacientes de los cuales 60 viven en apartamentos gestionados por el Centro. En total, han ayudado a 900 personas desde que comenz\u00f3 el proyecto. Por su parte, la Fundaci\u00f3n Unicaja dona 15.000 euros anuales para el mantenimiento de las instalaciones.<\/p>\n<div id=\"attachment_2595\" style=\"width: 280px\" class=\"wp-caption alignleft\"><img loading=\"lazy\" decoding=\"async\" aria-describedby=\"caption-attachment-2595\" class=\"wp-image-2595\" src=\"http:\/\/lacronicadesevilla.es\/wp-content\/uploads\/2019\/10\/libro-toc-2.jpg\" alt=\"Portada del libro Se\u00f1ales de Vida\" width=\"270\" height=\"396\" srcset=\"https:\/\/lacronicadesevilla.es\/wp-content\/uploads\/2019\/10\/libro-toc-2.jpg 400w, https:\/\/lacronicadesevilla.es\/wp-content\/uploads\/2019\/10\/libro-toc-2-205x300.jpg 205w, https:\/\/lacronicadesevilla.es\/wp-content\/uploads\/2019\/10\/libro-toc-2-239x350.jpg 239w, https:\/\/lacronicadesevilla.es\/wp-content\/uploads\/2019\/10\/libro-toc-2-102x150.jpg 102w\" sizes=\"auto, (max-width: 270px) 100vw, 270px\" \/><p id=\"caption-attachment-2595\" class=\"wp-caption-text\">Portada del libro Se\u00f1ales de Vida<\/p><\/div>\n<p>Tal y como detallan\u00a0en su web, la asociaci\u00f3n dispone de un Centro Sanitario, con Unidad Cl\u00ednica especializada en TOC y trastornos relacionados. Estas infraestructuras\u00a0suman 400 metros cuadrados dedicados en exclusiva al tratamiento del TOC, donde se pueden realizar <strong>terapias y m\u00e1s de 30 talleres<\/strong>. Adem\u00e1s, cuentan con grupos de ayuda mutua constante, que est\u00e1n dirigidos por un equipo de psic\u00f3logas y psiquiatras especialistas en el tema.<\/p>\n<p><strong>Sobre el TOC<\/strong><br \/>\nAurelio describe el TOC como \u201cmensajes repetitivos y err\u00f3neos que se producen en el cerebro de la persona afectada debido a un fallo biol\u00f3gico\u201d. A su vez, estos fallos le ocasionan al sujeto \u201cduda, ansiedad y miedo\u201d, pues son incontrolables si no se sabe c\u00f3mo tratarlos. Seg\u00fan explica, muchos familiares tienen problemas a la hora de entender el TOC porque, seg\u00fan reconoce, este trastorno \u201cno tiene sentido ni raz\u00f3n\u201d.<\/p>\n<p>El libro, que cuesta 17 euros, se puede adquirir mediante transferencia o ingreso bancario a trav\u00e9s de la <a href=\"https:\/\/tocgranada.com\/libro-senales-de-vida\/\" target=\"_blank\">web de la asociaci\u00f3n<\/a>, y tambi\u00e9n en las librer\u00edas Babel, en Granada, y Reno, en Madrid.<\/p>\n","protected":false},"excerpt":{"rendered":"<p>Diego JIM\u00c9NEZ El director del Centro para el Tratamiento del TOC (Trastorno Obsesivo Compulsivo)\u00a0de Granada, Aurelio L\u00f3pez, estuvo en Sevilla para presentar su libro titulado \u2018Se\u00f1ales de Vida\u2019.\u00a0 <a class=\"continue-reading-link\" href=\"https:\/\/lacronicadesevilla.es\/index.php\/2019\/10\/22\/presentado-en-sevilla-el-libro-senales-de-vida-sobre-el-trastorno-obsesivo-compulsivo\/\"><\/a><\/p>\n","protected":false},"author":1,"featured_media":0,"comment_status":"closed","ping_status":"closed","sticky":false,"template":"","format":"standard","meta":{"footnotes":""},"categories":[11],"tags":[517,92,520,40,519,516,518],"class_list":["post-2590","post","type-post","status-publish","format-standard","hentry","category-salud","tag-granada","tag-libro","tag-psicologo","tag-salud","tag-terapia","tag-toc","tag-trastorno-obsesivo-compulsivo"],"_links":{"self":[{"href":"https:\/\/lacronicadesevilla.es\/index.php\/wp-json\/wp\/v2\/posts\/2590","targetHints":{"allow":["GET"]}}],"collection":[{"href":"https:\/\/lacronicadesevilla.es\/index.php\/wp-json\/wp\/v2\/posts"}],"about":[{"href":"https:\/\/lacronicadesevilla.es\/index.php\/wp-json\/wp\/v2\/types\/post"}],"author":[{"embeddable":true,"href":"https:\/\/lacronicadesevilla.es\/index.php\/wp-json\/wp\/v2\/users\/1"}],"replies":[{"embeddable":true,"href":"https:\/\/lacronicadesevilla.es\/index.php\/wp-json\/wp\/v2\/comments?post=2590"}],"version-history":[{"count":16,"href":"https:\/\/lacronicadesevilla.es\/index.php\/wp-json\/wp\/v2\/posts\/2590\/revisions"}],"predecessor-version":[{"id":2611,"href":"https:\/\/lacronicadesevilla.es\/index.php\/wp-json\/wp\/v2\/posts\/2590\/revisions\/2611"}],"wp:attachment":[{"href":"https:\/\/lacronicadesevilla.es\/index.php\/wp-json\/wp\/v2\/media?parent=2590"}],"wp:term":[{"taxonomy":"category","embeddable":true,"href":"https:\/\/lacronicadesevilla.es\/index.php\/wp-json\/wp\/v2\/categories?post=2590"},{"taxonomy":"post_tag","embeddable":true,"href":"https:\/\/lacronicadesevilla.es\/index.php\/wp-json\/wp\/v2\/tags?post=2590"}],"curies":[{"name":"wp","href":"https:\/\/api.w.org\/{rel}","templated":true}]}}