{"id":2738,"date":"2018-12-07T12:52:06","date_gmt":"2018-12-07T11:52:06","guid":{"rendered":"http:\/\/lacronicadesevilla.es\/?p=2738"},"modified":"2022-01-18T16:04:24","modified_gmt":"2022-01-18T15:04:24","slug":"visitar-el-museo-del-palacio-arzobispal","status":"publish","type":"post","link":"https:\/\/lacronicadesevilla.es\/index.php\/2018\/12\/07\/visitar-el-museo-del-palacio-arzobispal\/","title":{"rendered":"El &#8216;museo&#8217; del Palacio Arzobispal puede visitarse dos s\u00e1bados al mes"},"content":{"rendered":"<div id=\"attachment_2751\" style=\"width: 578px\" class=\"wp-caption alignright\"><img loading=\"lazy\" decoding=\"async\" aria-describedby=\"caption-attachment-2751\" class=\"wp-image-2751\" src=\"http:\/\/lacronicadesevilla.es\/wp-content\/uploads\/2020\/01\/arzobispal-sevilla-2.jpg\" alt=\"arzobispal-sevilla-2\" width=\"568\" height=\"371\" srcset=\"https:\/\/lacronicadesevilla.es\/wp-content\/uploads\/2020\/01\/arzobispal-sevilla-2.jpg 800w, https:\/\/lacronicadesevilla.es\/wp-content\/uploads\/2020\/01\/arzobispal-sevilla-2-300x196.jpg 300w, https:\/\/lacronicadesevilla.es\/wp-content\/uploads\/2020\/01\/arzobispal-sevilla-2-768x501.jpg 768w, https:\/\/lacronicadesevilla.es\/wp-content\/uploads\/2020\/01\/arzobispal-sevilla-2-536x350.jpg 536w, https:\/\/lacronicadesevilla.es\/wp-content\/uploads\/2020\/01\/arzobispal-sevilla-2-150x98.jpg 150w\" sizes=\"auto, (max-width: 568px) 100vw, 568px\" \/><p id=\"caption-attachment-2751\" class=\"wp-caption-text\">Fachada del Palacio Arzobispal de Sevilla<\/p><\/div>\n<p>Guillermo R. TRIPELON<\/p>\n<p>La residencia del Arzobispo de Sevilla, un <strong>hist\u00f3rico palacio renacentista y barroco<\/strong> situado junto a la Catedral, abre sus puertas a los visitantes dos s\u00e1bados al mes. Es la tercera pinacoteca m\u00e1s grande de Sevilla despu\u00e9s del Museo de Bellas Artes y la Catedral.\u00a0<!--more--><\/p>\n<p>Las entradas pueden adquirirse a trav\u00e9s de la p\u00e1gina web de la <strong>Archidi\u00f3cesis de Sevilla<\/strong>. Su precio es de seis euros y se pueden reservar hasta cinco entradas por persona. Cabe destacar que el primer turno de visitas del segundo s\u00e1bado del mes es gratuito.<\/p>\n<p>A continuaci\u00f3n, un adelanto de este \u2018paseo\u2019 hist\u00f3rico y cultural. En esta ocasi\u00f3n, nuestro gu\u00eda fue el delegado diocesano del Patrimonio, Antonio Rodr\u00edguez Bab\u00edo. El recorrido comienza a la sombra de la Giralda, ante una grandiosa fachada bicolor de piedra y ladrillos almagra. El portal est\u00e1 escoltado a ambos lados por columnas corintias. El saludo de los \u00e1ngeles esculpidos en el vado y el escudo del Arzobispo Arias dan la bienvenida a este edificio que se comenz\u00f3 a construir en el siglo XVI.<\/p>\n<div id=\"attachment_2746\" style=\"width: 360px\" class=\"wp-caption alignleft\"><img loading=\"lazy\" decoding=\"async\" aria-describedby=\"caption-attachment-2746\" class=\"wp-image-2746 size-full\" src=\"http:\/\/lacronicadesevilla.es\/wp-content\/uploads\/2020\/01\/arzobispal-sevilla-3.jpg\" alt=\"arzobispal-sevilla-3\" width=\"350\" height=\"405\" srcset=\"https:\/\/lacronicadesevilla.es\/wp-content\/uploads\/2020\/01\/arzobispal-sevilla-3.jpg 350w, https:\/\/lacronicadesevilla.es\/wp-content\/uploads\/2020\/01\/arzobispal-sevilla-3-259x300.jpg 259w, https:\/\/lacronicadesevilla.es\/wp-content\/uploads\/2020\/01\/arzobispal-sevilla-3-302x350.jpg 302w, https:\/\/lacronicadesevilla.es\/wp-content\/uploads\/2020\/01\/arzobispal-sevilla-3-130x150.jpg 130w\" sizes=\"auto, (max-width: 350px) 100vw, 350px\" \/><p id=\"caption-attachment-2746\" class=\"wp-caption-text\">Es una importante pinacoteca<\/p><\/div>\n<p>Tras pasar un per\u00edmetro de seguridad, entramos en un patio de colores ocre con arcos de medio punto. A la derecha, se ubican los primeros pelda\u00f1os de una imponente escalera de m\u00e1rmol bicolor y de caja rectangular, que se eleva a dos niveles de columnas. La envuelve una gran b\u00f3veda el\u00edptica de medio punto decorada por <strong>pinturas del artista Juan de Espinal<\/strong>. Al contemplarla, nos sentimos cobijados por \u00e1ngeles cuidadosamente pintados. La simbolog\u00eda y la riqueza de los detalles en las im\u00e1genes impresionan, \u201cayudan a encontrarse con el Se\u00f1or\u201d, apunta Antonio.<\/p>\n<p>Una vez en la planta alta, a mano derecha, se accede al sal\u00f3n de Santo Tom\u00e1s, donde cuelga uno de los seis zurbaranes que tiene el palacio. Un retrato del cardenal Salcedo, de Domingo Mart\u00ednez, invita a entrar en el Gran Sal\u00f3n. A trav\u00e9s de la puerta del despacho adyacente se percibe un <strong>Murillo<\/strong>: \u2018La aparici\u00f3n de la Inmaculada al franciscano Juan de Quir\u00f3s\u2019, del retablo de la Vera Cruz.<\/p>\n<p>En el Gran Sal\u00f3n, los 60 cuadros que ornamentan el techo y las paredes de esta sala rectangular dejan at\u00f3nito al visitante. Serpenteando entre las mesas de nogal, observamos el techo entallado con escenas escritur\u00edsticas. Y en las paredes, dos filas de cuadros con representaciones de estilo barroco del Antiguo Testamento, pintadas por <strong>Juan de Zamora<\/strong>, y del Nuevo Testamento, obra de Juan de Espinal.<\/p>\n<p>El Gran Sal\u00f3n une diversas estancias nobles. Una de ellas es el Sal\u00f3n del Trono, que est\u00e1 revestido con el color p\u00farpura cardenalicio y bordaduras doradas. Contiene un trono y retratos de cardenales como Bueno Monreal y San Isidoro. El sal\u00f3n del Trono da paso al Anteoratorio, donde se conserva el sill\u00f3n que us\u00f3 Juan Pablo II en su \u00faltima visita a Sevilla, y a la Capilla.<\/p>\n<p>Desde el Gran Sal\u00f3n accedemos al Antecomedor y, tambi\u00e9n, a la Galer\u00eda del Prelado. En el vano de la puerta de la Galer\u00eda, impacta un cuadro que representa el cuerpo en escorzo de San Juan Bautista decapitado, obra de <strong>Mattia Preti<\/strong>.<\/p>\n<p><img loading=\"lazy\" decoding=\"async\" class=\"aligncenter size-full wp-image-2745\" src=\"http:\/\/lacronicadesevilla.es\/wp-content\/uploads\/2020\/01\/arzobispal-sevilla-1.jpg\" alt=\"arzobispal-sevilla-1\" width=\"550\" height=\"370\" srcset=\"https:\/\/lacronicadesevilla.es\/wp-content\/uploads\/2020\/01\/arzobispal-sevilla-1.jpg 550w, https:\/\/lacronicadesevilla.es\/wp-content\/uploads\/2020\/01\/arzobispal-sevilla-1-300x202.jpg 300w, https:\/\/lacronicadesevilla.es\/wp-content\/uploads\/2020\/01\/arzobispal-sevilla-1-520x350.jpg 520w, https:\/\/lacronicadesevilla.es\/wp-content\/uploads\/2020\/01\/arzobispal-sevilla-1-150x101.jpg 150w\" sizes=\"auto, (max-width: 550px) 100vw, 550px\" \/><\/p>\n<blockquote>\n<h5><span style=\"color: #993300;\">El edificio, de estilo renacentista y barroco, est\u00e1 ubicado junto a la Catedral<\/span><br \/>\n<span style=\"color: #993300;\"> y alberga en su interior pinturas de Murillo, Zurbar\u00e1n, Preti o Juan de Espinal<\/span><\/h5>\n<\/blockquote>\n<p>&nbsp;<\/p>\n<p>Al cruzar la puerta de la Galer\u00eda las miradas de 90 cardenales y obispos que han habitado en el palacio a lo largo de su historia se posan sobre al visitante. \u201cEs una galer\u00eda con retratos que tienen un gran valor documental\u201d, se\u00f1ala nuestro gu\u00eda. La sala acaba en un cuadro de una Inmaculada de finales del siglo XVI. Igualmente bellas son las pinturas del techo, que representan la vida cotidiana y la tradici\u00f3n culinaria del barroco.<\/p>\n<p>En relaci\u00f3n a la simbolog\u00eda de las obras, seg\u00fan Rodr\u00edguez Bab\u00edo, \u201cel arte que tenemos aqu\u00ed lo usamos para evangelizar\u201d. Independientemente de su interpretaci\u00f3n, la visita es una oportunidad para conocer, en un enclave hist\u00f3rico, piezas del que puede considerarse uno de los museos de Sevilla.<\/p>\n","protected":false},"excerpt":{"rendered":"<p>Guillermo R. TRIPELON La residencia del Arzobispo de Sevilla, un hist\u00f3rico palacio renacentista y barroco situado junto a la Catedral, abre sus puertas a los visitantes dos s\u00e1bados al mes. Es la tercera pinacoteca m\u00e1s grande de Sevilla despu\u00e9s del Museo de Bellas Artes y la Catedral.\u00a0 <a class=\"continue-reading-link\" href=\"https:\/\/lacronicadesevilla.es\/index.php\/2018\/12\/07\/visitar-el-museo-del-palacio-arzobispal\/\"><\/a><\/p>\n","protected":false},"author":1,"featured_media":0,"comment_status":"closed","ping_status":"closed","sticky":false,"template":"","format":"standard","meta":{"footnotes":""},"categories":[12,8],"tags":[544,543,350,71,541,18,542],"class_list":["post-2738","post","type-post","status-publish","format-standard","hentry","category-cultura","category-sevilla","tag-cuadros","tag-entradas","tag-murillo","tag-museo","tag-palacio-arzobispal","tag-sevilla","tag-visitas"],"_links":{"self":[{"href":"https:\/\/lacronicadesevilla.es\/index.php\/wp-json\/wp\/v2\/posts\/2738","targetHints":{"allow":["GET"]}}],"collection":[{"href":"https:\/\/lacronicadesevilla.es\/index.php\/wp-json\/wp\/v2\/posts"}],"about":[{"href":"https:\/\/lacronicadesevilla.es\/index.php\/wp-json\/wp\/v2\/types\/post"}],"author":[{"embeddable":true,"href":"https:\/\/lacronicadesevilla.es\/index.php\/wp-json\/wp\/v2\/users\/1"}],"replies":[{"embeddable":true,"href":"https:\/\/lacronicadesevilla.es\/index.php\/wp-json\/wp\/v2\/comments?post=2738"}],"version-history":[{"count":27,"href":"https:\/\/lacronicadesevilla.es\/index.php\/wp-json\/wp\/v2\/posts\/2738\/revisions"}],"predecessor-version":[{"id":2812,"href":"https:\/\/lacronicadesevilla.es\/index.php\/wp-json\/wp\/v2\/posts\/2738\/revisions\/2812"}],"wp:attachment":[{"href":"https:\/\/lacronicadesevilla.es\/index.php\/wp-json\/wp\/v2\/media?parent=2738"}],"wp:term":[{"taxonomy":"category","embeddable":true,"href":"https:\/\/lacronicadesevilla.es\/index.php\/wp-json\/wp\/v2\/categories?post=2738"},{"taxonomy":"post_tag","embeddable":true,"href":"https:\/\/lacronicadesevilla.es\/index.php\/wp-json\/wp\/v2\/tags?post=2738"}],"curies":[{"name":"wp","href":"https:\/\/api.w.org\/{rel}","templated":true}]}}