{"id":2740,"date":"2019-11-13T13:19:18","date_gmt":"2019-11-13T12:19:18","guid":{"rendered":"http:\/\/lacronicadesevilla.es\/?p=2740"},"modified":"2020-01-09T14:41:54","modified_gmt":"2020-01-09T13:41:54","slug":"luis-lopez-mateos-jefe-de-bomberos-de-sevilla-la-primera-responsabilidad-de-un-bombero-es-salvar-vidas-humanas","status":"publish","type":"post","link":"https:\/\/lacronicadesevilla.es\/index.php\/2019\/11\/13\/luis-lopez-mateos-jefe-de-bomberos-de-sevilla-la-primera-responsabilidad-de-un-bombero-es-salvar-vidas-humanas\/","title":{"rendered":"Luis L\u00f3pez Mateos: \u201cLa primera responsabilidad de un bombero es salvar vidas humanas\u201d"},"content":{"rendered":"<p><img loading=\"lazy\" decoding=\"async\" class=\" wp-image-2773 alignright\" src=\"http:\/\/lacronicadesevilla.es\/wp-content\/uploads\/2020\/01\/jefe-bomberos.jpg\" alt=\"jefe-bomberos\" width=\"271\" height=\"302\" srcset=\"https:\/\/lacronicadesevilla.es\/wp-content\/uploads\/2020\/01\/jefe-bomberos.jpg 445w, https:\/\/lacronicadesevilla.es\/wp-content\/uploads\/2020\/01\/jefe-bomberos-269x300.jpg 269w, https:\/\/lacronicadesevilla.es\/wp-content\/uploads\/2020\/01\/jefe-bomberos-314x350.jpg 314w, https:\/\/lacronicadesevilla.es\/wp-content\/uploads\/2020\/01\/jefe-bomberos-135x150.jpg 135w\" sizes=\"auto, (max-width: 271px) 100vw, 271px\" \/>Juan Antonio G\u00d3MEZ<\/p>\n<p>\u201cTemo m\u00e1s por la vida de mis compa\u00f1eros que por la m\u00eda\u201d es lo que nos confiesa en esta entrevista Luis L\u00f3pez Mateos, jefe de Bomberos de Sevilla.\u00a0<!--more-->Con m\u00e1s de 30 a\u00f1os de experiencia en el Cuerpo, asegura que las duras pruebas que se les exigen a los aspirantes garantizan la preparaci\u00f3n y la profesionalidad de los bomberos y del servicio social tan importante que prestan a la ciudadan\u00eda, pues seg\u00fan asegura: \u201cla primera responsabilidad de un bombero es salvar vidas\u201d.<\/p>\n<p><strong>\u00bfPor qu\u00e9 se hizo bombero?<br \/>\n<\/strong>Comenc\u00e9 en el a\u00f1o 1987 tras terminar los estudios de Arquitectura. Estaba bien preparado tanto f\u00edsica como culturalmente y, por lo tanto, no tuve demasiados problemas para aprobar las oposiciones. Desde peque\u00f1o, cuando viv\u00eda en un pueblo de la Sierra de Sevilla, siempre me gustaron las aventuras como subirme a los \u00e1rboles, escalar u otras actividades temerarias. Ahora, con 32 a\u00f1os de experiencia y siendo jefe del Cuerpo de Bomberos de Sevilla, puedo decir que no me he equivocado de oficio.<\/p>\n<p><strong>\u00bfC\u00f3mo se prepara un bombero?<br \/>\n<\/strong>Es fundamental un buen estado f\u00edsico. Adem\u00e1s, tambi\u00e9n hay que superar unos ex\u00e1menes, que consisten en unas pruebas de car\u00e1cter general, matem\u00e1ticas y f\u00edsica, acordes a un nivel medio de aprendizaje. Actualmente, la competencias entre los aspirantes es muy dura. Hoy en d\u00eda, es un oficio bastante vocacional; antes era m\u00e1s por tradici\u00f3n familiar o cercan\u00eda al Cuerpo.<\/p>\n<p><strong>Y una vez en activo, \u00bfc\u00f3mo se mantienen en forma?<br \/>\n<\/strong>La vida del bombero es similar a la de un cuartel militar. Se presta un servicio de 24 horas seguidas y se descansan cuatro d\u00edas. Lo normal es realizar un entrenamiento constante en un gimnasio durante los siete d\u00edas de la semana. El Instituto Municipal de Deportes cuenta con gimnasios gratuitos. El ejercicio f\u00edsico fuera de la guardia es el que mantiene en forma al bombero. Adem\u00e1s, es importante que siga una dieta sana.<\/p>\n<blockquote>\n<h4><span style=\"color: #800000;\">\u201cLa familia se\u00a0acostumbra, aunque este trabajo<br \/>\nes dif\u00edcil cuando piensas en tus hijos\u201d<\/span><\/h4>\n<\/blockquote>\n<p>&nbsp;<\/p>\n<p><strong>\u00bfC\u00f3mo lo lleva la familia?<\/strong><\/p>\n<p>Al final, se acostumbran. Por nuestra parte, es dif\u00edcil cuando piensas en tus hijos. Siempre existe el temor de nuestras parejas a que nos suceda algo, pero no hay que vivir con miedo.<\/p>\n<p><strong>\u00bfHay que ser un valiente para dedicarse a esta profesi\u00f3n?<br \/>\n<\/strong>Se necesita valent\u00eda, pero valiente no significa ser un temerario. El miedo siempre existe porque siempre existe el riesgo. Afortunadamente, es una profesi\u00f3n en la que el riesgo es un factor muy estudiado y los bomberos est\u00e1n adiestrados para situaciones adversas.<\/p>\n<p><strong>Tambi\u00e9n har\u00e1n falta otras habilidades.<br \/>\n<\/strong>Las habilidades se aprenden con el tiempo. Un adiestramiento y un entrenamiento continuado es necesario para ser bombero. En esta profesi\u00f3n no se deja de aprender y de entrenar.<\/p>\n<p><strong>\u00bfTodos los incendios son iguales?<br \/>\n<\/strong>Tienen sus peculiaridades y, a\u00fan as\u00ed, siguen una misma l\u00ednea. Dependen de muchos factores como cuando hay vidas en peligro, del humo, del lugar: una vivienda, un comercio, el campo o la ciudad&#8230;<\/p>\n<p><strong>Adem\u00e1s de incendios, \u00bfqu\u00e9 otros sucesos atienden los bomberos de Sevilla?<br \/>\n<\/strong>Fuera de la t\u00edpica broma de rescatar gatitos en \u00e1rboles, el bombero lleva a cabo acciones como la apertura de viviendas o encargarse de un descarrilamiento.<\/p>\n<p><strong>\u00bfHay \u00e9pocas con m\u00e1s trabajo que otras?<br \/>\n<\/strong>La peor \u00e9poca es el invierno. Entre diciembre y enero es cuando m\u00e1s se usan los sistemas de calefacci\u00f3n, que son la causa m\u00e1s frecuente de los incendios en viviendas. Los incendios de forrajes tambi\u00e9n son comunes.<\/p>\n<blockquote>\n<h4><span style=\"color: #800000;\">\u00abEl verano en la ciudad es una \u00e9poca tranquila;<br \/>\nsin embargo, el uso de calefactores en invierno<br \/>\naumenta el riesgo de incendios\u00bb<\/span><\/h4>\n<\/blockquote>\n<p>&nbsp;<\/p>\n<p><strong>\u00bfC\u00f3mo es un d\u00eda a d\u00eda en el ret\u00e9n?<br \/>\n<\/strong>La vida en el ret\u00e9n un d\u00eda ordinario comienza a las 8:45 de la ma\u00f1ana y finaliza al d\u00eda siguiente. Lo primero y por protocolo es revisar todo el material para asegurarse de que est\u00e1 en orden. Posteriormente, se desayuna y luego existen unas actividades programadas como la visita de un colegio. Por \u00faltimo, se imparte una peque\u00f1a charla sobre la actualidad competente al \u00e1mbito del bombero e instrucciones de cara a un incidente.<\/p>\n<p><strong>\u00bfHay especialidades dentro del Cuerpo?<br \/>\n<\/strong>S\u00ed, y en los \u00faltimos a\u00f1os se han incrementado. La m\u00e1s antigua, del a\u00f1o 2000, es la unidad canina de rescate (UCR), que cuenta con perros adiestrados para la b\u00fasqueda de v\u00edctimas en desplomes. Tambi\u00e9n existe un equipo de buzos (EAS) y un equipo de rescate en alturas (ERA).<\/p>\n<p><strong>\u00bfComo actuar ante un fuego?<br \/>\n<\/strong>Lo primero es evitar cualquier peligro. Se trata de \u201cencerrar el fuego\u201d, cerrar la puerta de la habitaci\u00f3n si no se puede apagar sin ayuda de los bomberos y llamar a emergencias.<\/p>\n<p><strong>\u00bfQui\u00e9n paga el servicio de los bomberos?<br \/>\n<\/strong>El Ayuntamiento tiene estipulados los gastos que conlleva cualquier incendio, pero no se les cobra a los ciudadanos siempre y cuando sea una situaci\u00f3n de urgencias. El servicio se financia a trav\u00e9s de los impuestos, al igual que la recogida de basuras o la Polic\u00eda Local.<\/p>\n<hr \/>\n<h5 style=\"padding-left: 210px;\"><strong><img loading=\"lazy\" decoding=\"async\" class=\"alignleft wp-image-2787\" src=\"http:\/\/lacronicadesevilla.es\/wp-content\/uploads\/2019\/01\/igualdad.png\" alt=\"igualdad\" width=\"283\" height=\"397\" srcset=\"https:\/\/lacronicadesevilla.es\/wp-content\/uploads\/2019\/01\/igualdad.png 500w, https:\/\/lacronicadesevilla.es\/wp-content\/uploads\/2019\/01\/igualdad-214x300.png 214w, https:\/\/lacronicadesevilla.es\/wp-content\/uploads\/2019\/01\/igualdad-250x350.png 250w, https:\/\/lacronicadesevilla.es\/wp-content\/uploads\/2019\/01\/igualdad-107x150.png 107w\" sizes=\"auto, (max-width: 283px) 100vw, 283px\" \/>MUJERES BOMBERAS EN IGUALDAD<\/strong><br \/>\nLa integraci\u00f3n de la mujer en el Cuerpo ha tardado en ser una realidad. Seg\u00fan el jefe de Bomberos, para el ingreso \u201cnunca han existido impedimentos por raz\u00f3n de g\u00e9nero, sino que han sido las duras pruebas f\u00edsicas las que han retrasado esta incorporaci\u00f3n\u201d.<\/h5>\n<h5 style=\"padding-left: 210px;\">La primera convocatoria a la que accedieron mujeres fue en 2014. Solo dos mujeres se incorporaron al Cuerpo y, actualmente, son las \u00fanicas que est\u00e1n en servicio en Sevilla. \u201cRealizan el servicio con sus compa\u00f1eros en igualdad de funciones y turnos, y su d\u00eda a d\u00eda es id\u00e9ntico al de cualquier otro bombero\u201d, asegura L\u00f3pez Mateos.<\/h5>\n<p>&nbsp;<\/p>\n","protected":false},"excerpt":{"rendered":"<p>Juan Antonio G\u00d3MEZ \u201cTemo m\u00e1s por la vida de mis compa\u00f1eros que por la m\u00eda\u201d es lo que nos confiesa en esta entrevista Luis L\u00f3pez Mateos, jefe de Bomberos de Sevilla.\u00a0 <a class=\"continue-reading-link\" href=\"https:\/\/lacronicadesevilla.es\/index.php\/2019\/11\/13\/luis-lopez-mateos-jefe-de-bomberos-de-sevilla-la-primera-responsabilidad-de-un-bombero-es-salvar-vidas-humanas\/\"><\/a><\/p>\n","protected":false},"author":1,"featured_media":0,"comment_status":"closed","ping_status":"closed","sticky":false,"template":"","format":"standard","meta":{"footnotes":""},"categories":[9],"tags":[549,545,99,548,547,546,18],"class_list":["post-2740","post","type-post","status-publish","format-standard","hentry","category-sociedad","tag-accidente","tag-bomberos","tag-entrevista","tag-fuego","tag-incencio","tag-jefe-de-bomberos","tag-sevilla"],"_links":{"self":[{"href":"https:\/\/lacronicadesevilla.es\/index.php\/wp-json\/wp\/v2\/posts\/2740","targetHints":{"allow":["GET"]}}],"collection":[{"href":"https:\/\/lacronicadesevilla.es\/index.php\/wp-json\/wp\/v2\/posts"}],"about":[{"href":"https:\/\/lacronicadesevilla.es\/index.php\/wp-json\/wp\/v2\/types\/post"}],"author":[{"embeddable":true,"href":"https:\/\/lacronicadesevilla.es\/index.php\/wp-json\/wp\/v2\/users\/1"}],"replies":[{"embeddable":true,"href":"https:\/\/lacronicadesevilla.es\/index.php\/wp-json\/wp\/v2\/comments?post=2740"}],"version-history":[{"count":22,"href":"https:\/\/lacronicadesevilla.es\/index.php\/wp-json\/wp\/v2\/posts\/2740\/revisions"}],"predecessor-version":[{"id":2811,"href":"https:\/\/lacronicadesevilla.es\/index.php\/wp-json\/wp\/v2\/posts\/2740\/revisions\/2811"}],"wp:attachment":[{"href":"https:\/\/lacronicadesevilla.es\/index.php\/wp-json\/wp\/v2\/media?parent=2740"}],"wp:term":[{"taxonomy":"category","embeddable":true,"href":"https:\/\/lacronicadesevilla.es\/index.php\/wp-json\/wp\/v2\/categories?post=2740"},{"taxonomy":"post_tag","embeddable":true,"href":"https:\/\/lacronicadesevilla.es\/index.php\/wp-json\/wp\/v2\/tags?post=2740"}],"curies":[{"name":"wp","href":"https:\/\/api.w.org\/{rel}","templated":true}]}}