{"id":300,"date":"2017-02-07T10:39:48","date_gmt":"2017-02-07T09:39:48","guid":{"rendered":"http:\/\/lacronicadesevilla.es\/?p=300"},"modified":"2017-04-07T10:19:41","modified_gmt":"2017-04-07T09:19:41","slug":"elvira-lindo-en-el-proximo-libro-manolitos-gafotas-estara-en-1o-curso-de-periodismo","status":"publish","type":"post","link":"https:\/\/lacronicadesevilla.es\/index.php\/2017\/02\/07\/elvira-lindo-en-el-proximo-libro-manolitos-gafotas-estara-en-1o-curso-de-periodismo\/","title":{"rendered":"Elvira Lindo: \u201cEn el pr\u00f3ximo libro Manolito Gafotas estar\u00e1 en 1\u00ba curso de Periodismo\u201d"},"content":{"rendered":"<p><img loading=\"lazy\" decoding=\"async\" class=\"alignright size-medium wp-image-309\" src=\"http:\/\/lacronicadesevilla.es\/wp-content\/uploads\/2017\/01\/elvira-lindo-1-300x209.jpg\" alt=\"elvira-lindo-1\" width=\"300\" height=\"209\" srcset=\"https:\/\/lacronicadesevilla.es\/wp-content\/uploads\/2017\/01\/elvira-lindo-1-300x209.jpg 300w, https:\/\/lacronicadesevilla.es\/wp-content\/uploads\/2017\/01\/elvira-lindo-1-503x350.jpg 503w, https:\/\/lacronicadesevilla.es\/wp-content\/uploads\/2017\/01\/elvira-lindo-1-150x104.jpg 150w, https:\/\/lacronicadesevilla.es\/wp-content\/uploads\/2017\/01\/elvira-lindo-1.jpg 689w\" sizes=\"auto, (max-width: 300px) 100vw, 300px\" \/><span style=\"color: #808080;\">Marina HERN\u00c1NDEZ<\/span><\/p>\n<p>Sabemos que <strong>Elvira Lindo<\/strong> es una veterana importante de la literatura espa\u00f1ola actual y autora de la entra\u00f1able novela infantil <em>Manolito Gafotas<\/em>. Acaba de publicar <strong><em>Tinto de verano<\/em><\/strong>, una recopilaci\u00f3n de sus columnas entre 2000 y 2004, donde escribe con humor sobre su vida cotidiana.<\/p>\n<p><!--more--><\/p>\n<p>Decid\u00ed que mi primera entrevista como estudiante de <strong>Periodismo<\/strong> deb\u00eda de protagonizarla ella. Al intentar contactar con la escritora, descubr\u00ed que vive en <strong>Nueva York<\/strong>, me atendi\u00f3 amablemente, acept\u00f3 mi petici\u00f3n y pude entrevistarla por correo electr\u00f3nico. He aqu\u00ed el resultado de nuestra conversaci\u00f3n.<\/p>\n<p><strong>Pregunta. \u00bfC\u00f3mo prefiere que la definan, como escritora o como periodista?<br \/>\nRespuesta.<\/strong> Escritora<\/p>\n<p><strong>P. \u00bfCu\u00e1l fue el factor detonante de su carrera literaria?<br \/>\nR.<\/strong> Escribo desde los 9 a\u00f1os; entonces era como un juego solitario, igual que jugaba con mis mu\u00f1ecas. Me encerraba en un cuarto y escrib\u00eda. Yo jugaba mucho sola, por eso creo que comenc\u00e9 a escribir. Luego, en la adolescencia, vino la poes\u00eda, como suele ocurrir. A los 19 a\u00f1os, comenc\u00e9 a trabajar en la radio y a escribir guiones, y a los 32, lo dej\u00e9 todo y comenc\u00e9 a escribir en casa. Siempre he escrito, forma parte de mi naturaleza. Creo que los primeros cuentos que escrib\u00ed fueron inspirados en <em>Mujercitas, <\/em>como les ocurri\u00f3 a muchas ni\u00f1as. De pronto, ca\u00ed en la cuenta de que se pod\u00eda tener vocaci\u00f3n literaria.<\/p>\n<p><strong>P. Seg\u00fan mis c\u00e1lculos, Manolito Gafotas tendr\u00eda hoy alrededor de treinta a\u00f1os. Si sigue viviendo en Madrid, \u00bfqui\u00e9n es y qu\u00e9 hace este personaje hoy en d\u00eda?<br \/>\nR.<\/strong> El tiempo en Manolito es muy arbitrario, porque lo manejo yo a mi antojo. En el pr\u00f3ximo libro que escriba, tal vez dentro dos a\u00f1os, estar\u00e1 en primer curso de Periodismo. Esos son los planes que tengo para \u00e9l.<\/p>\n<p><strong>P<\/strong>. <strong>Sabemos que vive en EEUU, \u00bfse considera una v\u00edctima de la fuga de cerebros?<br \/>\nR.<\/strong> No, no, en absoluto, yo he vivido en Nueva York por voluntad propia, y mi trabajo ha estado vinculado a Espa\u00f1a siempre. La fuga de cerebros suele darse entre los cient\u00edficos.<\/p>\n<p><strong>P. \u00bfQu\u00e9 diferencias observa entre el periodismo estadounidense y el espa\u00f1ol?<br \/>\nR.<\/strong> En EEUU hay de todo, bueno, malo y horrible, pero cuando el periodismo es bueno es muy superior al nuestro. Tienen menos opini\u00f3n, m\u00e1s periodismo, muchas cr\u00f3nicas. Cualquier asunto, por nimio o trivial que sea, es tomado con seriedad. El aspecto gr\u00e1fico es deslumbrante: tanto la foto como la ilustraci\u00f3n. Y se publican muchos reportajes largos que te ofrecen una muy jugosa informaci\u00f3n de los que ocurre en el mundo. El lenguaje es directo, poco verboso, y ley\u00e9ndolo se aprende a que hay que escribir para que los dem\u00e1s te entiendan y para contar algo.<\/p>\n<p><strong>P. \u00bfQu\u00e9 escribe actualmente?<br \/>\nR.<\/strong> Quiero hacer un gui\u00f3n de cine. Espero no dispersarme y ponerme pronto con ello. El periodismo me quita mucho tiempo.<\/p>\n<p><strong>P<\/strong>. <strong>\u00bfC\u00f3mo es un d\u00eda cualquiera en la vida de Elvira Lindo?<br \/>\nR. <\/strong>Desayuno de maravilla (es mi comida favorita), procuro hacer algo de ejercicio, escribo alg\u00fan art\u00edculo, como, duermo algo de siesta, escribo por la tarde algo m\u00e1s literario, y por la noche leo o veo alguna pel\u00edcula. Todo esto puede verse interrumpido si alguien me llama para salir a cenar, que es lo que m\u00e1s disfruto.<\/p>\n<p><strong>P<\/strong>. <strong>\u00bfAlguna man\u00eda a la hora de escribir?<br \/>\nR.<\/strong> No me gusta escribir en pijama, procuro estar arreglada, como si acudiera a una redacci\u00f3n. Me molesta el ruido. No escribir jam\u00e1s con m\u00fasica. Paro de vez en cuando para tomar algo. Paro para hablar un rato por tel\u00e9fono. Me gusta que mi mesa est\u00e9 ordenada. No soporto el caos. Ah! y que haya flores.<\/p>\n<p>Elvira nos deja con buen sabor de boca. Espero poder hacerle la pr\u00f3xima entrevista en persona. Si es que los nervios y la distancia me lo permiten.<\/p>\n","protected":false},"excerpt":{"rendered":"<p>Marina HERN\u00c1NDEZ Sabemos que Elvira Lindo es una veterana importante de la literatura espa\u00f1ola actual y autora de la entra\u00f1able novela infantil Manolito Gafotas. Acaba de publicar Tinto de verano, una recopilaci\u00f3n de sus columnas entre 2000 y 2004, donde escribe con humor sobre su vida cotidiana. <a class=\"continue-reading-link\" href=\"https:\/\/lacronicadesevilla.es\/index.php\/2017\/02\/07\/elvira-lindo-en-el-proximo-libro-manolitos-gafotas-estara-en-1o-curso-de-periodismo\/\"><\/a><\/p>\n","protected":false},"author":1,"featured_media":0,"comment_status":"closed","ping_status":"closed","sticky":false,"template":"","format":"standard","meta":{"footnotes":""},"categories":[12],"tags":[95,99,92,97,96,98],"class_list":["post-300","post","type-post","status-publish","format-standard","hentry","category-cultura","tag-elvira-lindo","tag-entrevista","tag-libro","tag-literatura","tag-manolito-gafotas","tag-nueva-york"],"_links":{"self":[{"href":"https:\/\/lacronicadesevilla.es\/index.php\/wp-json\/wp\/v2\/posts\/300","targetHints":{"allow":["GET"]}}],"collection":[{"href":"https:\/\/lacronicadesevilla.es\/index.php\/wp-json\/wp\/v2\/posts"}],"about":[{"href":"https:\/\/lacronicadesevilla.es\/index.php\/wp-json\/wp\/v2\/types\/post"}],"author":[{"embeddable":true,"href":"https:\/\/lacronicadesevilla.es\/index.php\/wp-json\/wp\/v2\/users\/1"}],"replies":[{"embeddable":true,"href":"https:\/\/lacronicadesevilla.es\/index.php\/wp-json\/wp\/v2\/comments?post=300"}],"version-history":[{"count":19,"href":"https:\/\/lacronicadesevilla.es\/index.php\/wp-json\/wp\/v2\/posts\/300\/revisions"}],"predecessor-version":[{"id":321,"href":"https:\/\/lacronicadesevilla.es\/index.php\/wp-json\/wp\/v2\/posts\/300\/revisions\/321"}],"wp:attachment":[{"href":"https:\/\/lacronicadesevilla.es\/index.php\/wp-json\/wp\/v2\/media?parent=300"}],"wp:term":[{"taxonomy":"category","embeddable":true,"href":"https:\/\/lacronicadesevilla.es\/index.php\/wp-json\/wp\/v2\/categories?post=300"},{"taxonomy":"post_tag","embeddable":true,"href":"https:\/\/lacronicadesevilla.es\/index.php\/wp-json\/wp\/v2\/tags?post=300"}],"curies":[{"name":"wp","href":"https:\/\/api.w.org\/{rel}","templated":true}]}}