{"id":3070,"date":"2020-02-20T09:30:15","date_gmt":"2020-02-20T08:30:15","guid":{"rendered":"http:\/\/lacronicadesevilla.es\/?p=3070"},"modified":"2020-02-20T09:36:51","modified_gmt":"2020-02-20T08:36:51","slug":"mas-de-2-000-personas-pedalearon-en-el-dia-de-la-bicicleta-de-dos-hermanas","status":"publish","type":"post","link":"https:\/\/lacronicadesevilla.es\/index.php\/2020\/02\/20\/mas-de-2-000-personas-pedalearon-en-el-dia-de-la-bicicleta-de-dos-hermanas\/","title":{"rendered":"M\u00e1s de 2.000 personas pedalearon en el D\u00eda de la Bicicleta por las calles de Dos Hermanas"},"content":{"rendered":"<p><img loading=\"lazy\" decoding=\"async\" class=\"alignright wp-image-3071\" src=\"http:\/\/lacronicadesevilla.es\/wp-content\/uploads\/2020\/02\/bicicleta-dos-hermanas.jpg\" alt=\"bicicleta-dos-hermanas\" width=\"485\" height=\"357\" srcset=\"https:\/\/lacronicadesevilla.es\/wp-content\/uploads\/2020\/02\/bicicleta-dos-hermanas.jpg 500w, https:\/\/lacronicadesevilla.es\/wp-content\/uploads\/2020\/02\/bicicleta-dos-hermanas-300x221.jpg 300w, https:\/\/lacronicadesevilla.es\/wp-content\/uploads\/2020\/02\/bicicleta-dos-hermanas-476x350.jpg 476w, https:\/\/lacronicadesevilla.es\/wp-content\/uploads\/2020\/02\/bicicleta-dos-hermanas-150x110.jpg 150w\" sizes=\"auto, (max-width: 485px) 100vw, 485px\" \/>Diego JIM\u00c9NEZ<\/p>\n<p>La 38 edici\u00f3n del <strong>D\u00eda de la Bicicleta de Dos Hermanas<\/strong> acogi\u00f3 a m\u00e1s de 2.300 personas en un evento familiar, tranquilo y apto para todas las edades. De manera que los asistentes pudieron divertirse mientras hac\u00edan deporte.<!--more--><\/p>\n<p>Tras un recibimiento en el parque De La Alquer\u00eda, se les hizo entrega a los participantes de una camiseta y una pegatina. A las 11 de la ma\u00f1ana comenz\u00f3 el <strong>paseo de 8 kil\u00f3metros<\/strong> por las carreteras del municipio, que se desarroll\u00f3 a un ritmo placentero para no dejar a nadie atr\u00e1s. Durante la ruta se hicieron varias paradas con animaci\u00f3n en directo. El recorrido finaliz\u00f3 en el Auditorio Municipal Los del R\u00edo donde se celebr\u00f3 una t\u00f3mbola en la que se sortearon 10 equipos de bicicleta y 10 bicicletas.<\/p>\n<p>Tras la entrega de premios, a las 13:15 horas comenzaron las actividades l\u00fadicas en el mismo parque De La Alquer\u00eda con juegos en bici para los ni\u00f1os, exhibiciones de patinaje profesional y animadores, que dieron por finalizada la 38 edici\u00f3n del D\u00eda de la Bicicleta de Dos Hermanas.<\/p>\n<p>&nbsp;<\/p>\n","protected":false},"excerpt":{"rendered":"<p>Diego JIM\u00c9NEZ La 38 edici\u00f3n del D\u00eda de la Bicicleta de Dos Hermanas acogi\u00f3 a m\u00e1s de 2.300 personas en un evento familiar, tranquilo y apto para todas las edades. De manera que los asistentes pudieron divertirse mientras hac\u00edan deporte. <a class=\"continue-reading-link\" href=\"https:\/\/lacronicadesevilla.es\/index.php\/2020\/02\/20\/mas-de-2-000-personas-pedalearon-en-el-dia-de-la-bicicleta-de-dos-hermanas\/\"><\/a><\/p>\n","protected":false},"author":1,"featured_media":0,"comment_status":"closed","ping_status":"closed","sticky":false,"template":"","format":"standard","meta":{"footnotes":""},"categories":[8],"tags":[597,296,598,18],"class_list":["post-3070","post","type-post","status-publish","format-standard","hentry","category-sevilla","tag-bicicleta","tag-deporte","tag-dos-hermans","tag-sevilla"],"_links":{"self":[{"href":"https:\/\/lacronicadesevilla.es\/index.php\/wp-json\/wp\/v2\/posts\/3070","targetHints":{"allow":["GET"]}}],"collection":[{"href":"https:\/\/lacronicadesevilla.es\/index.php\/wp-json\/wp\/v2\/posts"}],"about":[{"href":"https:\/\/lacronicadesevilla.es\/index.php\/wp-json\/wp\/v2\/types\/post"}],"author":[{"embeddable":true,"href":"https:\/\/lacronicadesevilla.es\/index.php\/wp-json\/wp\/v2\/users\/1"}],"replies":[{"embeddable":true,"href":"https:\/\/lacronicadesevilla.es\/index.php\/wp-json\/wp\/v2\/comments?post=3070"}],"version-history":[{"count":7,"href":"https:\/\/lacronicadesevilla.es\/index.php\/wp-json\/wp\/v2\/posts\/3070\/revisions"}],"predecessor-version":[{"id":3078,"href":"https:\/\/lacronicadesevilla.es\/index.php\/wp-json\/wp\/v2\/posts\/3070\/revisions\/3078"}],"wp:attachment":[{"href":"https:\/\/lacronicadesevilla.es\/index.php\/wp-json\/wp\/v2\/media?parent=3070"}],"wp:term":[{"taxonomy":"category","embeddable":true,"href":"https:\/\/lacronicadesevilla.es\/index.php\/wp-json\/wp\/v2\/categories?post=3070"},{"taxonomy":"post_tag","embeddable":true,"href":"https:\/\/lacronicadesevilla.es\/index.php\/wp-json\/wp\/v2\/tags?post=3070"}],"curies":[{"name":"wp","href":"https:\/\/api.w.org\/{rel}","templated":true}]}}