{"id":3079,"date":"2020-03-02T11:52:37","date_gmt":"2020-03-02T10:52:37","guid":{"rendered":"http:\/\/lacronicadesevilla.es\/?p=3079"},"modified":"2020-03-02T14:30:53","modified_gmt":"2020-03-02T13:30:53","slug":"sevilla-se-consciencia-con-el-reciclaje-de-plastico-y-aumenta-el-consumo-de-envases-de-carton-y-vidrio","status":"publish","type":"post","link":"https:\/\/lacronicadesevilla.es\/index.php\/2020\/03\/02\/sevilla-se-consciencia-con-el-reciclaje-de-plastico-y-aumenta-el-consumo-de-envases-de-carton-y-vidrio\/","title":{"rendered":"Sevilla se apunta al reciclaje de pl\u00e1stico y aumenta el uso de envases de cart\u00f3n y vidrio"},"content":{"rendered":"<div id=\"attachment_3097\" style=\"width: 442px\" class=\"wp-caption alignright\"><img loading=\"lazy\" decoding=\"async\" aria-describedby=\"caption-attachment-3097\" class=\"wp-image-3097\" src=\"http:\/\/lacronicadesevilla.es\/wp-content\/uploads\/2020\/02\/lipasam2-1-300x193.png\" alt=\"lipasam2\" width=\"432\" height=\"278\" srcset=\"https:\/\/lacronicadesevilla.es\/wp-content\/uploads\/2020\/02\/lipasam2-1-300x193.png 300w, https:\/\/lacronicadesevilla.es\/wp-content\/uploads\/2020\/02\/lipasam2-1-768x493.png 768w, https:\/\/lacronicadesevilla.es\/wp-content\/uploads\/2020\/02\/lipasam2-1-1024x657.png 1024w, https:\/\/lacronicadesevilla.es\/wp-content\/uploads\/2020\/02\/lipasam2-1-545x350.png 545w, https:\/\/lacronicadesevilla.es\/wp-content\/uploads\/2020\/02\/lipasam2-1-150x96.png 150w\" sizes=\"auto, (max-width: 432px) 100vw, 432px\" \/><p id=\"caption-attachment-3097\" class=\"wp-caption-text\">Recogida de pl\u00e1sticos en Sevilla. Foto:\u00a0<a href=\"https:\/\/www.lipasam.es\/lipasam-sostenible\" target=\"_blank\">LIPASAM<\/a><\/p><\/div>\n<p><b><\/b>\u00a0Silvia VARELA<\/p>\n<p>Seg\u00fan datos del\u00a0INE (Instituto Nacional de Estad\u00edstica), en el a\u00f1o 2017 se calcul\u00f3 m\u00e1s de 1 mill\u00f3n de residuos de envases <strong>pl\u00e1sticos<\/strong>\u00a0a nivel nacional, de los cuales solo el 47,94% fue reciclado.<\/p>\n<p><!--more--><\/p>\n<p>Las \u00faltimas cifras publicadas sobre la <a href=\"https:\/\/www.ine.es\/dyngs\/INEbase\/es\/operacion.htm?c=Estadistica_C&amp;cid=1254736176844&amp;menu=ultiDatos&amp;idp=1254735976612\" target=\"_blank\">recogida de residuos por habitante<\/a>, seg\u00fan el INE, son realmente abrumadoras: 483,9 toneladas en un s\u00f3lo a\u00f1o. En Espa\u00f1a existen 92 instalaciones de clasificaci\u00f3n de residuos pl\u00e1sticos, que gestionan anualmente 660.932 toneladas. S\u00f3lo en Andaluc\u00eda se recogieron 372.138 toneladas de residuos, de las cuales 85.646 fueron exclusivamente de envases pl\u00e1sticos.<\/p>\n<p>Centr\u00e1ndonos en <strong>Sevilla <\/strong>capital, cada a\u00f1o se recogen 8.194,94 toneladas de pl\u00e1stico.\u00a0En esta ciudad, la empresa municipal de limpieza p\u00fablica es <b>LIPASAM. <\/b>Comenz\u00f3 a\u00a0funcionar en 1986 y es responsable de la limpieza de las calles,\u00a0la recogida de basura y su tratamiento para evitar la m\u00e1xima contaminaci\u00f3n posible.<\/p>\n<p>Como puede apreciarse en estas\u00a0<a href=\"https:\/\/www.lipasam.es\/lipasam-sostenible\/datos-ambientales\/indicadores-historicos-infogram\" target=\"_blank\">gr\u00e1ficas de LIPASAM<\/a>, en\u00a02018 se reciclaron en la provincia de Sevilla 25.587.943 kilogramos de residuos. Esta cifra\u00a0implica un incremento del\u00a0<strong>reciclaje<\/strong> en los \u00faltimos a\u00f1os, lo cual significar\u00eda una buena noticia para el medio ambiente. Y aunque el consumo de los pl\u00e1sticos apenas ha disminuido; s\u00ed se observa un aumento de los residuos de\u00a0<strong>papel, cart\u00f3n y\u00a0<\/strong><strong>vidrio<\/strong>.<\/p>\n<p>Uno de los problemas que conlleva el empleo masivo de pl\u00e1stico, seg\u00fan el <a href=\"https:\/\/www.un.org\/ruleoflaw\/es\/un-and-the-rule-of-law\/united-nations-environment-programme\/\" target=\"_blank\">Programa de las Naciones Unidas para el Medio Ambiente (PNUMA)<\/a>,\u00a0publicado en 2019, es su llegada a los <strong>mares y oc\u00e9anos.<\/strong>\u00a0Por ello, hay que tomar conciencia ante el elevado riesgo de da\u00f1ar irreversiblemente el ecosistema marino y su biodiversidad.<\/p>\n<p>El impacto de estos pl\u00e1stico\u00a0es evidente en la fauna. Es habitual encontrar animales atrapados e\u00a0incluso\u00a0hallar residuos de este tipo en el interior de sus organismos.<span style=\"color: #000000;\"><b>\u00a0<\/b>De hecho, se<\/span>\u00a0calcula que casi el 60% de las aves marinas podr\u00edan tener restos de pl\u00e1sticos en sus intestinos.<\/p>\n<p>La\u00a0contaminaci\u00f3n qu\u00edmica del pl\u00e1stico es la menos conocida.\u00a0Los pl\u00e1sticos est\u00e1n formados por <strong>pol\u00edmeros<\/strong> derivados del petr\u00f3leo junto a otros\u00a0compuestos qu\u00edmicos. Cada uno de estos a\u00f1adidos tiene una funci\u00f3n en el producto final: proporcionar flexibilidad o rigidez, aumentar su vida \u00fatil, retardar la oxidaci\u00f3n de los pol\u00edmeros, etc.\u00a0M\u00e1s de 60 de estas sustancias qu\u00edmicas presentes en los pl\u00e1sticos son consideradas de alto riesgo para la salud humana, ya que son t\u00f3xicas, bioacumulables y persistentes.<\/p>\n<p>Por otro lado, figuran los <b>micropl\u00e1sticos<\/b>, peque\u00f1os trozos\u00a0de pl\u00e1sticos que son utilizados en la fabricaci\u00f3n\u00a0de productos cotidianos como la pasta de dientes, los jabones, cosm\u00e9ticos o art\u00edculos de limpieza. Pueden ser ingeridos por animales o incluso por las personas, y una vez dentro del organismo se acumulan en los tejidos. Estos compuestos qu\u00edmicos producen una <strong>toxicidad cr\u00f3nica<\/strong> y llegan a provocar <strong>efectos<\/strong> adversos como diversos tipos de c\u00e1ncer, infertilidad, enfermedades cardiovasculares, mutaciones graves a nivel celular, etc.<\/p>\n<p>Por todo ello, la contaminaci\u00f3n provocada por el pl\u00e1stico es un problema grave, tanto ambiental como para la salud humana. Es preciso hacer campa\u00f1as y tomar medidas, a nivel empresarial y dom\u00e9stico, para fomentar su reducci\u00f3n.<\/p>\n<p>&nbsp;<\/p>\n","protected":false},"excerpt":{"rendered":"<p>\u00a0Silvia VARELA Seg\u00fan datos del\u00a0INE (Instituto Nacional de Estad\u00edstica), en el a\u00f1o 2017 se calcul\u00f3 m\u00e1s de 1 mill\u00f3n de residuos de envases pl\u00e1sticos\u00a0a nivel nacional, de los cuales solo el 47,94% fue reciclado. <a class=\"continue-reading-link\" href=\"https:\/\/lacronicadesevilla.es\/index.php\/2020\/03\/02\/sevilla-se-consciencia-con-el-reciclaje-de-plastico-y-aumenta-el-consumo-de-envases-de-carton-y-vidrio\/\"><\/a><\/p>\n","protected":false},"author":50,"featured_media":0,"comment_status":"closed","ping_status":"closed","sticky":false,"template":"","format":"standard","meta":{"footnotes":""},"categories":[9],"tags":[604,599,601,603,602,373,600],"class_list":["post-3079","post","type-post","status-publish","format-standard","hentry","category-sociedad","tag-compuestos-quimicos","tag-lipasam","tag-mares","tag-microplasticos","tag-oceanos","tag-plastico","tag-residuos"],"_links":{"self":[{"href":"https:\/\/lacronicadesevilla.es\/index.php\/wp-json\/wp\/v2\/posts\/3079","targetHints":{"allow":["GET"]}}],"collection":[{"href":"https:\/\/lacronicadesevilla.es\/index.php\/wp-json\/wp\/v2\/posts"}],"about":[{"href":"https:\/\/lacronicadesevilla.es\/index.php\/wp-json\/wp\/v2\/types\/post"}],"author":[{"embeddable":true,"href":"https:\/\/lacronicadesevilla.es\/index.php\/wp-json\/wp\/v2\/users\/50"}],"replies":[{"embeddable":true,"href":"https:\/\/lacronicadesevilla.es\/index.php\/wp-json\/wp\/v2\/comments?post=3079"}],"version-history":[{"count":26,"href":"https:\/\/lacronicadesevilla.es\/index.php\/wp-json\/wp\/v2\/posts\/3079\/revisions"}],"predecessor-version":[{"id":3174,"href":"https:\/\/lacronicadesevilla.es\/index.php\/wp-json\/wp\/v2\/posts\/3079\/revisions\/3174"}],"wp:attachment":[{"href":"https:\/\/lacronicadesevilla.es\/index.php\/wp-json\/wp\/v2\/media?parent=3079"}],"wp:term":[{"taxonomy":"category","embeddable":true,"href":"https:\/\/lacronicadesevilla.es\/index.php\/wp-json\/wp\/v2\/categories?post=3079"},{"taxonomy":"post_tag","embeddable":true,"href":"https:\/\/lacronicadesevilla.es\/index.php\/wp-json\/wp\/v2\/tags?post=3079"}],"curies":[{"name":"wp","href":"https:\/\/api.w.org\/{rel}","templated":true}]}}