{"id":3087,"date":"2019-04-01T10:47:20","date_gmt":"2019-04-01T09:47:20","guid":{"rendered":"http:\/\/lacronicadesevilla.es\/?p=3087"},"modified":"2020-03-05T14:23:49","modified_gmt":"2020-03-05T13:23:49","slug":"moda-flamenca-2020-una-apuesta-por-el-volumen-y-los-cortes-asimetricos","status":"publish","type":"post","link":"https:\/\/lacronicadesevilla.es\/index.php\/2019\/04\/01\/moda-flamenca-2020-una-apuesta-por-el-volumen-y-los-cortes-asimetricos\/","title":{"rendered":"La moda flamenca 2020 apuesta por el volumen y los cortes asim\u00e9tricos"},"content":{"rendered":"<p>Alba MERINO \/ Fotograf\u00edas: Chema SOLER<\/p>\n<p><strong>SIMOF 2020<\/strong> cierra su XXVI edici\u00f3n con cifras prometedoras para el sector. Durante cuatro d\u00edas, los 72.300 visitantes que acudieron a FIBES Sevilla pudieron disfrutar de 42 desfiles profesionales de la mano de <strong>50 firmas de moda flamenca<\/strong>.\u00a0<!--more--><\/p>\n<p>Adem\u00e1s, 26 escuelas andaluzas han estado presentes en SIMOF Baila, y las j\u00f3venes promesas presentaron sus dise\u00f1os en la\u00a0pasarela SIMOF Ego. La zona expositiva cont\u00f3 con 98 <em>stands<\/em>, donde se ha atendido a un p\u00fablico con un perfil cada vez m\u00e1s internacional.<\/p>\n<div id=\"attachment_3121\" style=\"width: 710px\" class=\"wp-caption aligncenter\"><img loading=\"lazy\" decoding=\"async\" aria-describedby=\"caption-attachment-3121\" class=\"wp-image-3121\" src=\"http:\/\/lacronicadesevilla.es\/wp-content\/uploads\/2020\/02\/simof-1.jpg\" alt=\"simof-1\" width=\"700\" height=\"474\" srcset=\"https:\/\/lacronicadesevilla.es\/wp-content\/uploads\/2020\/02\/simof-1.jpg 900w, https:\/\/lacronicadesevilla.es\/wp-content\/uploads\/2020\/02\/simof-1-300x203.jpg 300w, https:\/\/lacronicadesevilla.es\/wp-content\/uploads\/2020\/02\/simof-1-768x520.jpg 768w, https:\/\/lacronicadesevilla.es\/wp-content\/uploads\/2020\/02\/simof-1-517x350.jpg 517w, https:\/\/lacronicadesevilla.es\/wp-content\/uploads\/2020\/02\/simof-1-150x102.jpg 150w\" sizes=\"auto, (max-width: 700px) 100vw, 700px\" \/><p id=\"caption-attachment-3121\" class=\"wp-caption-text\">Misma tela en cortes muy diferentes en estos vestidos de la dise\u00f1adora Carmen Raimundo<\/p><\/div>\n<p>Un a\u00f1o m\u00e1s, se han visto sobre la pasarela tanto vestidos enterizos como trajes de dos piezas con blusa y falda. En ambos casos, el volumen y el vuelo son protagonistas en estos dise\u00f1os. La <strong>asimetr\u00eda en las faldas y en los volantes<\/strong> est\u00e1 presente en las colecciones de Carmen Latorre, \u00c1ngeles Fern\u00e1ndez y Yolanda Rivas, donde se rompe con lo establecido mediante la combinaci\u00f3n de distintos tipos de telas y estampados.<\/p>\n<p>La <strong>forma de clavel<\/strong> es tendencia en el bajo de los vestidos. Este patr\u00f3n logra un efecto voluminoso en trajes lisos o estampados, tal y como puede verse en las colecciones 2020 de Antonio Guti\u00e9rrez, Cristina V\u00e1zquez o Miriam Galv\u00edn. Adem\u00e1s, regresan las <strong>enaguas<\/strong>. Lisas o de lunares, el objetivo es captar la atenci\u00f3n bajo las faldas. As\u00ed lo hace la firma De Lunares y Volantes con enaguas de vivos colores.<\/p>\n<div id=\"attachment_3125\" style=\"width: 324px\" class=\"wp-caption alignleft\"><img loading=\"lazy\" decoding=\"async\" aria-describedby=\"caption-attachment-3125\" class=\"wp-image-3125\" src=\"http:\/\/lacronicadesevilla.es\/wp-content\/uploads\/2020\/02\/simof-5.jpg\" alt=\"simof-5\" width=\"314\" height=\"403\" srcset=\"https:\/\/lacronicadesevilla.es\/wp-content\/uploads\/2020\/02\/simof-5.jpg 400w, https:\/\/lacronicadesevilla.es\/wp-content\/uploads\/2020\/02\/simof-5-234x300.jpg 234w, https:\/\/lacronicadesevilla.es\/wp-content\/uploads\/2020\/02\/simof-5-273x350.jpg 273w, https:\/\/lacronicadesevilla.es\/wp-content\/uploads\/2020\/02\/simof-5-117x150.jpg 117w\" sizes=\"auto, (max-width: 314px) 100vw, 314px\" \/><p id=\"caption-attachment-3125\" class=\"wp-caption-text\">Falda con forma clavel de Miriam Galv\u00edn<\/p><\/div>\n<p>Como tiene que ser en la moda flamenca, priman los volantes. Y este a\u00f1o los hay para todos los gustos: desde la cintura o a media pierna, regulares o asim\u00e9tricos, redondos o recogidos por delante, voluminosos o canasteros&#8230; Una buen ejemplo de esta variedad puede verse en la colecci\u00f3n \u2018Seducci\u00f3n\u2019 de Carmen Raimundo, quien los combina con mangas llamativas, creando una silueta sensual y estilizada.<\/p>\n<p><strong>MANGAS. En todas las versiones<br \/>\n<\/strong>Las mangas se llevan con mucho volumen y en distintas versiones: de farol, de globo, de clavel, z\u00edngaras, abullonadas o largas con volantes. Los dise\u00f1os de Alonso C\u00f3zar son una muestra de ello. Se inspiran en Almonte y en el Roc\u00edo, y emplean tejidos vaporosos con los que consigue dar una dimensi\u00f3n especial a los vestidos.<\/p>\n<p>La colecci\u00f3n \u2018Indestructible\u2019 de Ver\u00f3nica de la Vega pone de manifiesto otra de las tendencias de este a\u00f1o: las mangas asim\u00e9tricas. El vanguardismo impregna estos dise\u00f1os que muestran hombros y brazos descubiertos, y otros tapados con grandes formas y detalles, como volantes o flores de tul.<\/p>\n<p>Una novedad de la moda flamenca 2020 son las hombreras. Redondas o picudas, pero siempre generosas. Logran el equilibrio de la figura acompa\u00f1ando a dise\u00f1os con cinturas ajustadas y faldas de vuelo, como es el caso del vestido con cuerpo rojo de <em>pallet<\/em> y falda negra rematada en volante de la firma De Lunares y Volantes, que igualmente se puede vestir para asistir a una fiesta.<\/p>\n<blockquote>\n<h4><span style=\"color: #333333;\"><strong>Se llevan las hombreras y la combinaci\u00f3n\u00a0de<\/strong><\/span><br \/>\n<span style=\"color: #333333;\"> <strong> distintos estampados: lunares, rayas o<\/strong><\/span><br \/>\n<span style=\"color: #333333;\"> <strong> figuras geom\u00e9tricas en un mismo vestido<\/strong><\/span><\/h4>\n<p>&nbsp;<\/p><\/blockquote>\n<p>&nbsp;<\/p>\n<p>La innovaci\u00f3n tambi\u00e9n tiene cabida en Simof. As\u00ed, dise\u00f1adores como Jos\u00e9 Raposo o Francisco Tamaral (galardonado con el premio Aromas Crea) presentan sus trajes de flamenca con pantal\u00f3n. Entre estas piezas, destaca un mono verde oscuro con mangas flamencas y aplicaciones doradas, que se acompa\u00f1a con flores en el pelo y grandes pendientes. Otra opci\u00f3n son los conjuntos de dos piezas con chaqueta y pantal\u00f3n.<\/p>\n<div id=\"attachment_3123\" style=\"width: 310px\" class=\"wp-caption alignleft\"><img loading=\"lazy\" decoding=\"async\" aria-describedby=\"caption-attachment-3123\" class=\"wp-image-3123\" src=\"http:\/\/lacronicadesevilla.es\/wp-content\/uploads\/2020\/02\/simof-3.jpg\" alt=\"Mono flamenco del dise\u00f1ador Jos\u00e9 Raposo\" width=\"300\" height=\"535\" srcset=\"https:\/\/lacronicadesevilla.es\/wp-content\/uploads\/2020\/02\/simof-3.jpg 400w, https:\/\/lacronicadesevilla.es\/wp-content\/uploads\/2020\/02\/simof-3-168x300.jpg 168w, https:\/\/lacronicadesevilla.es\/wp-content\/uploads\/2020\/02\/simof-3-196x350.jpg 196w, https:\/\/lacronicadesevilla.es\/wp-content\/uploads\/2020\/02\/simof-3-84x150.jpg 84w\" sizes=\"auto, (max-width: 300px) 100vw, 300px\" \/><p id=\"caption-attachment-3123\" class=\"wp-caption-text\">Mono flamenco de\u00a0Francisco Tamaral<\/p><\/div>\n<div id=\"attachment_3129\" style=\"width: 310px\" class=\"wp-caption alignright\"><img loading=\"lazy\" decoding=\"async\" aria-describedby=\"caption-attachment-3129\" class=\"wp-image-3129\" src=\"http:\/\/lacronicadesevilla.es\/wp-content\/uploads\/2020\/02\/simof-7.jpg\" alt=\"Vestido de la firma De Lunares y Volantes\" width=\"300\" height=\"524\" srcset=\"https:\/\/lacronicadesevilla.es\/wp-content\/uploads\/2020\/02\/simof-7.jpg 380w, https:\/\/lacronicadesevilla.es\/wp-content\/uploads\/2020\/02\/simof-7-172x300.jpg 172w, https:\/\/lacronicadesevilla.es\/wp-content\/uploads\/2020\/02\/simof-7-200x350.jpg 200w, https:\/\/lacronicadesevilla.es\/wp-content\/uploads\/2020\/02\/simof-7-86x150.jpg 86w\" sizes=\"auto, (max-width: 300px) 100vw, 300px\" \/><p id=\"caption-attachment-3129\" class=\"wp-caption-text\">Con hombreras, &#8216;Lunares y Volantes&#8217;<\/p><\/div>\n<p>&nbsp;<\/p>\n<p>&nbsp;<\/p>\n<p>Los lunares no pasan de moda y ning\u00fan dise\u00f1ador se olvida de ellos. Pero en cuesti\u00f3n de estampados la premisa parece ser &#8216;el todo vale&#8217;: lisos, flores, rayas, animales, etc. E incluso la combinaci\u00f3n de varios de ellos en un mismo vestido, tal y como hace de manera experta la dise\u00f1adora Aurora Gavi\u00f1o, que este a\u00f1o ha dedicado su colecci\u00f3n flamenca a la cantante Mar\u00eda Jim\u00e9nez<\/p>\n<p>&nbsp;<\/p>\n<p>&nbsp;<\/p>\n<p>&nbsp;<\/p>\n<p>&nbsp;<\/p>\n<p>&nbsp;<\/p>\n<p>Respecto a los tejidos, un\u00a0cl\u00e1sico de la moda flamenca es el <strong>popel\u00edn perforado<\/strong> en colores lisos, sobre todo el blanco, y adornado con cintas de colores o pasamaner\u00eda. Por su parte, F de Frank ha\u00a0innovado este a\u00f1o con la sedas y el <em>tweed<\/em>: mientras que Cristo Ba\u00f1ez emplea otros tejidos especiales como el sat\u00e9n, el raso y el organd\u00ed.<\/p>\n<p>Las principales novedades son el uso del <strong>terciopelo<\/strong> en la colecci\u00f3n de Alejandro Santizo, y los brillos en diversos formatos: telas met\u00e1licas, lentejuela, purpurinas\u2026, que Rosapeula ha empleado para recrear el mar en los dise\u00f1os de su colecci\u00f3n \u2018Agua Salada\u2019, donde priman los colores verdes y azules, los escotes pronunciados y los cortes sirena.<\/p>\n<div id=\"attachment_3124\" style=\"width: 710px\" class=\"wp-caption aligncenter\"><img loading=\"lazy\" decoding=\"async\" aria-describedby=\"caption-attachment-3124\" class=\"wp-image-3124\" src=\"http:\/\/lacronicadesevilla.es\/wp-content\/uploads\/2020\/02\/simof-4.jpg\" alt=\"sirena\" width=\"700\" height=\"451\" srcset=\"https:\/\/lacronicadesevilla.es\/wp-content\/uploads\/2020\/02\/simof-4.jpg 900w, https:\/\/lacronicadesevilla.es\/wp-content\/uploads\/2020\/02\/simof-4-300x193.jpg 300w, https:\/\/lacronicadesevilla.es\/wp-content\/uploads\/2020\/02\/simof-4-768x495.jpg 768w, https:\/\/lacronicadesevilla.es\/wp-content\/uploads\/2020\/02\/simof-4-543x350.jpg 543w, https:\/\/lacronicadesevilla.es\/wp-content\/uploads\/2020\/02\/simof-4-150x97.jpg 150w\" sizes=\"auto, (max-width: 700px) 100vw, 700px\" \/><p id=\"caption-attachment-3124\" class=\"wp-caption-text\">Tejidos met\u00e1licos en tonos azules en la colecci\u00f3n &#8216;Agua Salada&#8217; de la firma Rosapeula<\/p><\/div>\n<p><strong><br \/>\nCOLORES. La combinaci\u00f3n blanco y negro<br \/>\n<\/strong>En relaci\u00f3n a los colores, llama la atenci\u00f3n la apuesta de los dise\u00f1adores por la combinaci\u00f3n blanco y negro. Desde la propuesta m\u00e1s cl\u00e1sica de Luis Fern\u00e1ndez: lunar blanco y grande sobre fondo negro, hasta el estampado geom\u00e9trico de F de Frank, en un vestido de fiesta con corte flamenco, y un atrevido y amplio escote central.<\/p>\n<p>Los colores vivos son siempre imprescindibles en este tipo de atuendos. La paleta es alegre y variada: fucsias, amarillos, azulinas\u2026 Y por supuesto, el rojo, formando parte del estampado o como protagonista indiscutible. Santizo se rindi\u00f3 a este color con una colecci\u00f3n que abarca desde el rojo sangre hasta el burdeos aterciopelado y el brillante bermell\u00f3n.<\/p>\n<div id=\"attachment_3122\" style=\"width: 710px\" class=\"wp-caption aligncenter\"><img loading=\"lazy\" decoding=\"async\" aria-describedby=\"caption-attachment-3122\" class=\"wp-image-3122\" src=\"http:\/\/lacronicadesevilla.es\/wp-content\/uploads\/2020\/02\/simof-2.jpg\" alt=\"Los rojos, en m\u00faltiples matices, protagonizan la colecci\u00f3n de Santizo\" width=\"700\" height=\"477\" srcset=\"https:\/\/lacronicadesevilla.es\/wp-content\/uploads\/2020\/02\/simof-2.jpg 900w, https:\/\/lacronicadesevilla.es\/wp-content\/uploads\/2020\/02\/simof-2-300x204.jpg 300w, https:\/\/lacronicadesevilla.es\/wp-content\/uploads\/2020\/02\/simof-2-768x523.jpg 768w, https:\/\/lacronicadesevilla.es\/wp-content\/uploads\/2020\/02\/simof-2-514x350.jpg 514w, https:\/\/lacronicadesevilla.es\/wp-content\/uploads\/2020\/02\/simof-2-150x102.jpg 150w\" sizes=\"auto, (max-width: 700px) 100vw, 700px\" \/><p id=\"caption-attachment-3122\" class=\"wp-caption-text\">Los rojos, en m\u00faltiples matices, protagonizan la colecci\u00f3n de Alejandro Santizo<\/p><\/div>\n<p>Sin embargo, los colores pastel, tan de moda en a\u00f1os anteriores, han perdido fuerza. A\u00fan as\u00ed, Cristo B\u00e1\u00f1ez recupera los rosas, celestes y lilas en vestidos muy vaporosos, de corte rom\u00e1ntico, que forman parte de su colecci\u00f3n \u2018Ahora\u2019, inspirada en el Roc\u00edo y en su Almonte natal.<\/p>\n<p><strong>COMPLEMENTOS. Bolso de mano y grandes pendientes<br \/>\n<\/strong>Respecto a los complementos, se llevan grandes. La flores se colocan en la parte superior de la cabeza, ya sean sueltas, formando un ramillete o con forma de corona. Igualmente, los pendientes han de ser llamativos, largos, con reminiscencia florales, aunque el aro sigue conservando su protagonismo, en colores o dorados. Son m\u00e1s que un complemento, y por ello hay que acertar con su elecci\u00f3n.<\/p>\n<div id=\"attachment_3127\" style=\"width: 360px\" class=\"wp-caption alignright\"><img loading=\"lazy\" decoding=\"async\" aria-describedby=\"caption-attachment-3127\" class=\"wp-image-3127\" src=\"http:\/\/lacronicadesevilla.es\/wp-content\/uploads\/2020\/02\/cristo-banez.jpg\" alt=\"cristo-banez\" width=\"350\" height=\"467\" srcset=\"https:\/\/lacronicadesevilla.es\/wp-content\/uploads\/2020\/02\/cristo-banez.jpg 400w, https:\/\/lacronicadesevilla.es\/wp-content\/uploads\/2020\/02\/cristo-banez-225x300.jpg 225w, https:\/\/lacronicadesevilla.es\/wp-content\/uploads\/2020\/02\/cristo-banez-262x350.jpg 262w, https:\/\/lacronicadesevilla.es\/wp-content\/uploads\/2020\/02\/cristo-banez-112x150.jpg 112w\" sizes=\"auto, (max-width: 350px) 100vw, 350px\" \/><p id=\"caption-attachment-3127\" class=\"wp-caption-text\">Canastero con bolso a juego del dise\u00f1ador Cristo B\u00e1\u00f1ez. Foto: Alba Merino<\/p><\/div>\n<p>El mantoncillo ha estado ausente en la mayor\u00eda de las colecciones presentadas en SIMOF. De llevarlo, ha de ser bordado en hilos de colores. Adem\u00e1s, se proponen nuevas formas de lucirlo. En este sentido, Yolanda Moda Flamenca lo incorpora a sus vestidos, pero colocado sobre un solo hombro y cayendo sobre el brazo. Por su parte, las Hermanas Serrano emplean un mant\u00f3n que produce un efecto doble mediante capas superpuestas que combinan colores y bordados. Los mantoncillos se fijan al cuerpo con un cintur\u00f3n, otra pieza,\u00a0<em>a priori,\u00a0<\/em>extra\u00f1a, pero cada vez m\u00e1s frecuente en la indumentaria flamenca.<\/p>\n<p>El bolso de mano ha estado presente en la colecci\u00f3n de Cristo B\u00e1\u00f1ez. Un requisito importante es que el tono del bolso vaya en consonancia con los colores del traje. Por otro lado, el bolso redondo de rafia, que tanto se vio la temporada pasada, vuelve a estar de moda. As\u00ed como las bandoleras en los vestidos m\u00e1s romeros.<\/p>\n<p>En el maquillaje de flamenca predomina este a\u00f1o el brillo y el delineado flotante, que es aquel que se dibuja sobre el p\u00e1rpado m\u00f3vil. Respecto a los peinados, ganan los recogidos, la raya en medio y las horquillas maxi. Aunque tambi\u00e9n se apuesta por un estilo m\u00e1s <em>casual <\/em>y desenfadado, con mechones o la melena suelta.<\/p>\n<p>&nbsp;<\/p>\n","protected":false},"excerpt":{"rendered":"<p>Alba MERINO \/ Fotograf\u00edas: Chema SOLER SIMOF 2020 cierra su XXVI edici\u00f3n con cifras prometedoras para el sector. Durante cuatro d\u00edas, los 72.300 visitantes que acudieron a FIBES Sevilla pudieron disfrutar de 42 desfiles profesionales de la mano de 50 firmas de moda flamenca.\u00a0 <a class=\"continue-reading-link\" href=\"https:\/\/lacronicadesevilla.es\/index.php\/2019\/04\/01\/moda-flamenca-2020-una-apuesta-por-el-volumen-y-los-cortes-asimetricos\/\"><\/a><\/p>\n","protected":false},"author":1,"featured_media":0,"comment_status":"closed","ping_status":"closed","sticky":false,"template":"","format":"standard","meta":{"footnotes":""},"categories":[9],"tags":[610,605,607,609,608,85,24,18,22,606,611],"class_list":["post-3087","post","type-post","status-publish","format-standard","hentry","category-sociedad","tag-falda","tag-feria","tag-flor","tag-manga","tag-mantoncillo","tag-moda","tag-moda-flamenca","tag-sevilla","tag-simof","tag-traje-de-gitana","tag-volante"],"_links":{"self":[{"href":"https:\/\/lacronicadesevilla.es\/index.php\/wp-json\/wp\/v2\/posts\/3087","targetHints":{"allow":["GET"]}}],"collection":[{"href":"https:\/\/lacronicadesevilla.es\/index.php\/wp-json\/wp\/v2\/posts"}],"about":[{"href":"https:\/\/lacronicadesevilla.es\/index.php\/wp-json\/wp\/v2\/types\/post"}],"author":[{"embeddable":true,"href":"https:\/\/lacronicadesevilla.es\/index.php\/wp-json\/wp\/v2\/users\/1"}],"replies":[{"embeddable":true,"href":"https:\/\/lacronicadesevilla.es\/index.php\/wp-json\/wp\/v2\/comments?post=3087"}],"version-history":[{"count":65,"href":"https:\/\/lacronicadesevilla.es\/index.php\/wp-json\/wp\/v2\/posts\/3087\/revisions"}],"predecessor-version":[{"id":3187,"href":"https:\/\/lacronicadesevilla.es\/index.php\/wp-json\/wp\/v2\/posts\/3087\/revisions\/3187"}],"wp:attachment":[{"href":"https:\/\/lacronicadesevilla.es\/index.php\/wp-json\/wp\/v2\/media?parent=3087"}],"wp:term":[{"taxonomy":"category","embeddable":true,"href":"https:\/\/lacronicadesevilla.es\/index.php\/wp-json\/wp\/v2\/categories?post=3087"},{"taxonomy":"post_tag","embeddable":true,"href":"https:\/\/lacronicadesevilla.es\/index.php\/wp-json\/wp\/v2\/tags?post=3087"}],"curies":[{"name":"wp","href":"https:\/\/api.w.org\/{rel}","templated":true}]}}