{"id":3191,"date":"2020-06-25T10:06:17","date_gmt":"2020-06-25T09:06:17","guid":{"rendered":"http:\/\/lacronicadesevilla.es\/?p=3191"},"modified":"2020-07-07T12:13:00","modified_gmt":"2020-07-07T11:13:00","slug":"lombardia-un-paisaje-de-cuento-donde-perderse","status":"publish","type":"post","link":"https:\/\/lacronicadesevilla.es\/index.php\/2020\/06\/25\/lombardia-un-paisaje-de-cuento-donde-perderse\/","title":{"rendered":"Lombard\u00eda, un paisaje de cuento en el norte de Italia"},"content":{"rendered":"<p>Silvia\u00a0VARELA IGLESIAS<\/p>\n<p>Esta cr\u00f3nica es un paseo por la <strong>Lombard\u00eda<\/strong>, una de las veinte regiones de la<i> bella Italia<\/i>.<i> <\/i>Esta zona del pa\u00eds alberga los mejores paisajes, y esto es bien sabido por los amantes\u00a0de la naturaleza y de la tranquilidad.<\/p>\n<p><!--more--><\/p>\n<div id=\"attachment_3340\" style=\"width: 610px\" class=\"wp-caption aligncenter\"><img loading=\"lazy\" decoding=\"async\" aria-describedby=\"caption-attachment-3340\" class=\"wp-image-3340\" src=\"http:\/\/lacronicadesevilla.es\/wp-content\/uploads\/2020\/03\/lago-varese.jpg\" alt=\"Atardecer en el Lago Maggiore de Varese\" width=\"600\" height=\"354\" srcset=\"https:\/\/lacronicadesevilla.es\/wp-content\/uploads\/2020\/03\/lago-varese.jpg 700w, https:\/\/lacronicadesevilla.es\/wp-content\/uploads\/2020\/03\/lago-varese-300x177.jpg 300w, https:\/\/lacronicadesevilla.es\/wp-content\/uploads\/2020\/03\/lago-varese-593x350.jpg 593w, https:\/\/lacronicadesevilla.es\/wp-content\/uploads\/2020\/03\/lago-varese-150x89.jpg 150w\" sizes=\"auto, (max-width: 600px) 100vw, 600px\" \/><p id=\"caption-attachment-3340\" class=\"wp-caption-text\">Atardecer en el puerto del Lago Maggiore de Varese<\/p><\/div>\n<p>La Lombard\u00eda, con su capital en Mil\u00e1n, est\u00e1 ubicada en el norte de Italia, siendo la regi\u00f3n m\u00e1s poblada del pa\u00eds. Se puede dividir geograficamente en tres zonas: un norte monta\u00f1oso, un centro repleto de colinas y un sur llano. Una de las zonas monta\u00f1osas m\u00e1s importantes son los Alpes Lepontinos. No podemos olvidarnos de los grandes lagos lombardos de origen glaciar.<\/p>\n<div id=\"attachment_3307\" style=\"width: 310px\" class=\"wp-caption alignright\"><img loading=\"lazy\" decoding=\"async\" aria-describedby=\"caption-attachment-3307\" class=\"wp-image-3307 size-full\" src=\"http:\/\/lacronicadesevilla.es\/wp-content\/uploads\/2020\/03\/cubiertas.jpg\" alt=\"Cubiertas Duomo de Mil\u00e1n\" width=\"300\" height=\"400\" srcset=\"https:\/\/lacronicadesevilla.es\/wp-content\/uploads\/2020\/03\/cubiertas.jpg 300w, https:\/\/lacronicadesevilla.es\/wp-content\/uploads\/2020\/03\/cubiertas-225x300.jpg 225w, https:\/\/lacronicadesevilla.es\/wp-content\/uploads\/2020\/03\/cubiertas-263x350.jpg 263w, https:\/\/lacronicadesevilla.es\/wp-content\/uploads\/2020\/03\/cubiertas-113x150.jpg 113w\" sizes=\"auto, (max-width: 300px) 100vw, 300px\" \/><p id=\"caption-attachment-3307\" class=\"wp-caption-text\">Cubiertas del Duomo de Mil\u00e1n<\/p><\/div>\n<p><b>MIL\u00c1N, cuna del\u00a0capitalismo<br \/>\n<\/b>A pesar de ser la ciudad m\u00e1s grande de esta regi\u00f3n, lo fundamental\u00a0se puede llegar a ver en dos d\u00edas. La ruta incluye las <strong>Galer\u00edas de Vittorio Emanuelle, <\/strong>que son un templo del capitalismo y de las tiendas de marcas; y el <strong>Duomo di Milano<\/strong><i>, <\/i>una de las catedrales m\u00e1s grandes del mundo, de estilo g\u00f3tico y recubierta de m\u00e1rmol blanco rosado. En su cubierta se puede disfrutar de una vista periferica de todo Mil\u00e1n <a href=\"https:\/\/www.duomomilano.it\/en\/buy-tickets\/\" target=\"_blank\">desde 5 euros<\/a>.<span class=\"Apple-converted-space\">\u00a0<\/span><\/p>\n<p>Tambi\u00e9n se recomienda visitar el <strong>Teatro alla Scala<\/strong>, uno de los teatros de opera m\u00e1s importantes del mundo; y el <strong>Castello Sforzesco<\/strong> , fortaleza del siglo XIV y uno de los monumentos m\u00e1s emblem\u00e1ticos de Mil\u00e1n.<\/p>\n<p>A la hora de comer es posible almorza en uno de los restaurantes situados en los alrededores de la Catedral o del interior de la Galer\u00eda. Pero si buscamos algo m\u00e1s econ\u00f3mico, podremos pedirnos un <i>panzerotti<\/i> en el famoso <a href=\"http:\/\/www.luini.it\">Luini<\/a> y comer sentados a los pies del Duomo.\u00a0 El <i>panzerotti<\/i> es un plato italiano, compuesto de una masa de harina de trigo, sal, agua y levadura de cerveza; rellena con t\u00edpicos productos italianos como, por ejemplo, picota y espinacas. Hay tres tipos de <i>panzerotti:<\/i> frito, dulce y al horno.<\/p>\n<p><strong>Navigli<\/strong> es el barrio de los canales, con un estilo alternativo y bohemio. Es el sitio ideal para tomar en cualquiera de sus bares el cl\u00e1sico <i>aperitivi <\/i>italiano a partir de las 18 horas de la tarde y hasta las 9 de la noche. El aperitivo es la parte del d\u00eda favorita de la poblaci\u00f3n italiana. Es su momento para disfrutar del famoso Spritz, un coctel realizado con Aperol (licor de hierbas italiano), vino espumoso o cava, soda y una rodaja de naranja.<\/p>\n<p><b>VARESE, en buena armon\u00eda con el medioambiente<br \/>\n<\/b>Varese es una peque\u00f1a ciudad con olor a pizza. En los jardines de su Ayuntamiento existe una ciudad verde llamada <strong>il Giardini Estensi<\/strong><i>,<\/i> ideal para pasear tranquilamente en cualquier \u00e9poca del a\u00f1o. Tambi\u00e9n podremos visitar la Basilica di San Vittore<i>,<\/i> una peque\u00f1a iglesia en el centro de la ciudad, de arquitectura barroca.<\/p>\n<div id=\"attachment_3271\" style=\"width: 310px\" class=\"wp-caption alignleft\"><img loading=\"lazy\" decoding=\"async\" aria-describedby=\"caption-attachment-3271\" class=\"wp-image-3271\" src=\"http:\/\/lacronicadesevilla.es\/wp-content\/uploads\/2020\/03\/varese.jpg\" alt=\"Sacro Monte di Varese Patrimonio Mundial de la Unesco\" width=\"300\" height=\"400\" srcset=\"https:\/\/lacronicadesevilla.es\/wp-content\/uploads\/2020\/03\/varese.jpg 550w, https:\/\/lacronicadesevilla.es\/wp-content\/uploads\/2020\/03\/varese-225x300.jpg 225w, https:\/\/lacronicadesevilla.es\/wp-content\/uploads\/2020\/03\/varese-263x350.jpg 263w, https:\/\/lacronicadesevilla.es\/wp-content\/uploads\/2020\/03\/varese-113x150.jpg 113w\" sizes=\"auto, (max-width: 300px) 100vw, 300px\" \/><p id=\"caption-attachment-3271\" class=\"wp-caption-text\">Sacro Monte en la ciudad de Varese<\/p><\/div>\n<div id=\"attachment_3292\" style=\"width: 310px\" class=\"wp-caption alignright\"><img loading=\"lazy\" decoding=\"async\" aria-describedby=\"caption-attachment-3292\" class=\"size-full wp-image-3292\" src=\"http:\/\/lacronicadesevilla.es\/wp-content\/uploads\/2020\/03\/como.jpg\" alt=\"Lago de Como\" width=\"300\" height=\"400\" srcset=\"https:\/\/lacronicadesevilla.es\/wp-content\/uploads\/2020\/03\/como.jpg 300w, https:\/\/lacronicadesevilla.es\/wp-content\/uploads\/2020\/03\/como-225x300.jpg 225w, https:\/\/lacronicadesevilla.es\/wp-content\/uploads\/2020\/03\/como-263x350.jpg 263w, https:\/\/lacronicadesevilla.es\/wp-content\/uploads\/2020\/03\/como-113x150.jpg 113w\" sizes=\"auto, (max-width: 300px) 100vw, 300px\" \/><p id=\"caption-attachment-3292\" class=\"wp-caption-text\">El Lago Como al pie de Los Alpes<\/p><\/div>\n<p>Otro lugar imprescindible es el\u00a0 <strong>Sacro Monte di Varese<\/strong><i>, <\/i>patrimonio mundial de la <a href=\"https:\/\/es.unesco.org\" target=\"_blank\">UNESCO<\/a> desde 2003, desde donde se observan Los Alpes que rodean a la ciudad, un gran paisaje especialmente bello al atardecer.<\/p>\n<p>El Lago di Varese, de origen glacial, est\u00e1 situado al norte de la ciudad. Con una extensa vista de los Alpes y con sus aguas cristalinas, es ideal para pasear por sus alrededores y disfrutar de la naturaleza y la tranquilidad de la zona.<\/p>\n<p>&nbsp;<\/p>\n<p><b>COMO, entre Los Alpes y el agua de su lago<br \/>\n<\/b>Es la ciudad italiana m\u00e1s cercana a Suiza. Est\u00e1 ubicada a los pies de los Alpes, rodeando al famoso Lago de Como. Es una de las ciudades preferidas por los italianos para pasar sus vacaciones. Ni siquiera la nieve invernal le resta magia a los lugares m\u00e1s importantes de Como como son la <em>Chiesa<\/em> de San Fedele y la Basilica de Sant\u2019Abbondio, entre otros.<\/p>\n<p><b>B\u00c9RGAMO, ciudad de palacios se\u00f1oriales<br \/>\n<\/b>B\u00e9rgamo est\u00e1 dividida en dos partes: <i>La Citt\u00e0 Alta<\/i>, donde se sit\u00faa el bonito centro hist\u00f3rico de la ciudad rodeado por una espectacular muralla defensivas que datan del siglo XVI; y <i>La Citt\u00e0 Bassa<\/i>, donde est\u00e1n los barrios m\u00e1s modernos.<\/p>\n<p>En B\u00e9rgamo hay que probar su dulce m\u00e1s t\u00edpico, la <a href=\"https:\/\/www.visitbergamo.net\/es\/polenta-e-osei\/\" target=\"_blank\"><i>Polenta e Osei<\/i><\/a>, un peque\u00f1o bizcocho esponjoso relleno de crema de chocolate, mantequilla y avellana con un toque de ron y recubierto con az\u00facar y mazap\u00e1n amarillo.<\/p>\n","protected":false},"excerpt":{"rendered":"<p>Silvia\u00a0VARELA IGLESIAS Esta cr\u00f3nica es un paseo por la Lombard\u00eda, una de las veinte regiones de la bella Italia. Esta zona del pa\u00eds alberga los mejores paisajes, y esto es bien sabido por los amantes\u00a0de la naturaleza y de la tranquilidad. <a class=\"continue-reading-link\" href=\"https:\/\/lacronicadesevilla.es\/index.php\/2020\/06\/25\/lombardia-un-paisaje-de-cuento-donde-perderse\/\"><\/a><\/p>\n","protected":false},"author":50,"featured_media":0,"comment_status":"closed","ping_status":"closed","sticky":false,"template":"","format":"standard","meta":{"footnotes":""},"categories":[53],"tags":[617,615,613,623,47,626,614,616,619,35,618,612,620],"class_list":["post-3191","post","type-post","status-publish","format-standard","hentry","category-viajes","tag-aperitivi","tag-bergamo","tag-como","tag-internacional","tag-italia","tag-lombardia","tag-milan","tag-panzerotti","tag-spritz","tag-turismo","tag-unesco","tag-varese","tag-viajes"],"_links":{"self":[{"href":"https:\/\/lacronicadesevilla.es\/index.php\/wp-json\/wp\/v2\/posts\/3191","targetHints":{"allow":["GET"]}}],"collection":[{"href":"https:\/\/lacronicadesevilla.es\/index.php\/wp-json\/wp\/v2\/posts"}],"about":[{"href":"https:\/\/lacronicadesevilla.es\/index.php\/wp-json\/wp\/v2\/types\/post"}],"author":[{"embeddable":true,"href":"https:\/\/lacronicadesevilla.es\/index.php\/wp-json\/wp\/v2\/users\/50"}],"replies":[{"embeddable":true,"href":"https:\/\/lacronicadesevilla.es\/index.php\/wp-json\/wp\/v2\/comments?post=3191"}],"version-history":[{"count":93,"href":"https:\/\/lacronicadesevilla.es\/index.php\/wp-json\/wp\/v2\/posts\/3191\/revisions"}],"predecessor-version":[{"id":3880,"href":"https:\/\/lacronicadesevilla.es\/index.php\/wp-json\/wp\/v2\/posts\/3191\/revisions\/3880"}],"wp:attachment":[{"href":"https:\/\/lacronicadesevilla.es\/index.php\/wp-json\/wp\/v2\/media?parent=3191"}],"wp:term":[{"taxonomy":"category","embeddable":true,"href":"https:\/\/lacronicadesevilla.es\/index.php\/wp-json\/wp\/v2\/categories?post=3191"},{"taxonomy":"post_tag","embeddable":true,"href":"https:\/\/lacronicadesevilla.es\/index.php\/wp-json\/wp\/v2\/tags?post=3191"}],"curies":[{"name":"wp","href":"https:\/\/api.w.org\/{rel}","templated":true}]}}