{"id":324,"date":"2016-08-17T14:19:52","date_gmt":"2016-08-17T13:19:52","guid":{"rendered":"http:\/\/lacronicadesevilla.es\/?p=324"},"modified":"2017-01-17T15:06:22","modified_gmt":"2017-01-17T14:06:22","slug":"vida-y-aventuras-de-un-vikinga-en-la-primera-novela-de-adriana-tejada","status":"publish","type":"post","link":"https:\/\/lacronicadesevilla.es\/index.php\/2016\/08\/17\/vida-y-aventuras-de-un-vikinga-en-la-primera-novela-de-adriana-tejada\/","title":{"rendered":"Aventuras de una vikinga en la primera novela de Adriana Tejada"},"content":{"rendered":"<p><span style=\"color: #808080;\">Luciano GIL<\/span><\/p>\n<p>La fuerza y el car\u00e1cter de la periodista <strong>Adriana Tejada<\/strong> han quedado bien reflejados en su primera novela. Titulada <strong>La Gelba<\/strong>, este libro narra las aventuras de una vikinga en Suecia a mediados del siglo XI.<!--more--><\/p>\n<p><img loading=\"lazy\" decoding=\"async\" class=\"alignright wp-image-325 size-full\" src=\"http:\/\/lacronicadesevilla.es\/wp-content\/uploads\/2017\/01\/gelba-portada.jpg\" alt=\"gelba-portada\" width=\"255\" height=\"362\" srcset=\"https:\/\/lacronicadesevilla.es\/wp-content\/uploads\/2017\/01\/gelba-portada.jpg 255w, https:\/\/lacronicadesevilla.es\/wp-content\/uploads\/2017\/01\/gelba-portada-211x300.jpg 211w, https:\/\/lacronicadesevilla.es\/wp-content\/uploads\/2017\/01\/gelba-portada-247x350.jpg 247w, https:\/\/lacronicadesevilla.es\/wp-content\/uploads\/2017\/01\/gelba-portada-106x150.jpg 106w\" sizes=\"auto, (max-width: 255px) 100vw, 255px\" \/>Tras estudiar Comunicaci\u00f3n en CEADE, Adriana realiz\u00f3 el M\u00e1ster de Escritura Creativa de la Universidad de Sevilla. El proyecto final de este posgrado fue el germen de la <strong>novela<\/strong> que acaba de publicar con <a href=\"https:\/\/www.edicionesenhuida.es\/producto\/la-gelba\/\" target=\"_blank\">Ediciones en Huida<\/a>.<\/p>\n<p><strong>Pregunta. \u00bfPor qu\u00e9 la protagonista es una vikinga?<br \/>\nRespuesta.<\/strong> Escog\u00ed el tema de los vikingos porque tienen una cultura muy interesante. Adem\u00e1s, desde el punto de vista femenino, las mujeres vikingas gozaban de mayor libertad que en el resto de civilizaciones.<\/p>\n<p><strong>P. \u00bfHay alguna relaci\u00f3n entre la novela y tu vida?<br \/>\nR.<\/strong> Yo no tengo una relaci\u00f3n personal con los vikingos, en absoluto; soy latina. Aunque es cierto que, por mi propia personalidad, en algunas ocasiones me he sentido identificada culturalmente con ellos. Adem\u00e1s de que me atrae su historia.<\/p>\n<p><strong>P. \u00bfC\u00f3mo ha sido el proceso de escritura de esta novela?<br \/>\nR.<\/strong> Tortuoso como poco. Se trataba de mi trabajo final de m\u00e1ster que, originalmente, se iba a llamar La Vikinga. En principio, no iba a ser una novela de fantas\u00eda sino una novela hist\u00f3rica de ficci\u00f3n. Tuve muchos problemas y poco apoyo. La novela la escrib\u00ed pr\u00e1cticamente sola y en muy poquito tiempo. Fueron muchos meses de documentaci\u00f3n y de escritura. Pero me he divertido y me ha gustado mucho la experiencia de escribirla.<\/p>\n<p><strong><img loading=\"lazy\" decoding=\"async\" class=\"alignleft wp-image-326 \" src=\"http:\/\/lacronicadesevilla.es\/wp-content\/uploads\/2017\/01\/gelba-adriana.jpg\" alt=\"gelba-adriana\" width=\"375\" height=\"484\" srcset=\"https:\/\/lacronicadesevilla.es\/wp-content\/uploads\/2017\/01\/gelba-adriana.jpg 567w, https:\/\/lacronicadesevilla.es\/wp-content\/uploads\/2017\/01\/gelba-adriana-233x300.jpg 233w, https:\/\/lacronicadesevilla.es\/wp-content\/uploads\/2017\/01\/gelba-adriana-271x350.jpg 271w, https:\/\/lacronicadesevilla.es\/wp-content\/uploads\/2017\/01\/gelba-adriana-116x150.jpg 116w\" sizes=\"auto, (max-width: 375px) 100vw, 375px\" \/>P. \u00bfQu\u00e9 lleva a una periodista a escribir una novela?<br \/>\nR. <\/strong>Pues la necesidad de escribir, el propio gusto de escribir y el disfrute de la redacci\u00f3n.<\/p>\n<p><strong>P. \u00bfEs el periodismo un trampol\u00edn a la escritura?<br \/>\nR. <\/strong>S\u00ed y no. El periodismo apela a nuestra necesidad de comunicar. Pero es una comunicaci\u00f3n realista, mientras que en la literatura te puedes recrear con la ficci\u00f3n y la fantas\u00eda. Ambas disciplinas se relacionan porque escribir forma parte de la vida del periodista y el escritor tambi\u00e9n necesita comunicar y contar historias. El periodismo no es un trampol\u00edn para escribir un libro, quiz\u00e1s s\u00ed para profesionales como Carlos Herrera o Nieves Herrero, pero reconozco que la formaci\u00f3n universitaria me ha ayudado.<\/p>\n<p><strong>P. \u00bfAlguna man\u00eda a la hora de escribir?<br \/>\nR. <\/strong>No soy met\u00f3dica, pero cumplo mis horarios. Tengo man\u00edas en cuanto al dise\u00f1o de la p\u00e1gina. No me gusta escribir a mano, me parece que es perder el tiempo, y siempre redacto en el ordenador. Me distraigo con facilidad, as\u00ed que evito las distracciones: no pongo m\u00fasica, intento aislarme al m\u00e1ximo, no abro internet\u2026<\/p>\n<p><strong>P. \u00bfC\u00f3mo te organizas el trabajo?<\/strong><br \/>\n<strong>R.<\/strong> Me programo las tareas, el tiempo que corresponde a cada cosa y escribo. Intento no escribir antes que hacer otros deberes o compromisos profesionales, porque si me recreo en lo que estoy redactando y dejo otras tareas al final me siento mal conmigo misma. Prefiero tener una buena idea, apuntarla y trabajar en ella m\u00e1s tarde, con m\u00e1s tiempo.<\/p>\n<p><strong>P. Despu\u00e9s de La Gelba, \u00bfqu\u00e9 tienes entre manos?<br \/>\nR. <\/strong>Estoy pensando en c\u00f3mo escribir la segunda parte de La Gelba. Tengo ya unas cuantas ideas y lo quiero hacer, porque la historia da para varias novelas. Tambi\u00e9n continuo con mi <a href=\"https:\/\/adrianatejadaescritora.wordpress.com\/\" target=\"_blank\">blog personal<\/a>.<a href=\"http:\/\/www.adrianatejadacuadrado.com\" target=\"_blank\"><br \/>\n<\/a><\/p>\n<p>&nbsp;<\/p>\n<p>&nbsp;<\/p>\n","protected":false},"excerpt":{"rendered":"<p>Luciano GIL La fuerza y el car\u00e1cter de la periodista Adriana Tejada han quedado bien reflejados en su primera novela. Titulada La Gelba, este libro narra las aventuras de una vikinga en Suecia a mediados del siglo XI. <a class=\"continue-reading-link\" href=\"https:\/\/lacronicadesevilla.es\/index.php\/2016\/08\/17\/vida-y-aventuras-de-un-vikinga-en-la-primera-novela-de-adriana-tejada\/\"><\/a><\/p>\n","protected":false},"author":1,"featured_media":0,"comment_status":"closed","ping_status":"closed","sticky":false,"template":"","format":"standard","meta":{"footnotes":""},"categories":[12],"tags":[103,100,92,102,101],"class_list":["post-324","post","type-post","status-publish","format-standard","hentry","category-cultura","tag-adriana-tejada","tag-la-gelba","tag-libro","tag-novela","tag-vikinga"],"_links":{"self":[{"href":"https:\/\/lacronicadesevilla.es\/index.php\/wp-json\/wp\/v2\/posts\/324","targetHints":{"allow":["GET"]}}],"collection":[{"href":"https:\/\/lacronicadesevilla.es\/index.php\/wp-json\/wp\/v2\/posts"}],"about":[{"href":"https:\/\/lacronicadesevilla.es\/index.php\/wp-json\/wp\/v2\/types\/post"}],"author":[{"embeddable":true,"href":"https:\/\/lacronicadesevilla.es\/index.php\/wp-json\/wp\/v2\/users\/1"}],"replies":[{"embeddable":true,"href":"https:\/\/lacronicadesevilla.es\/index.php\/wp-json\/wp\/v2\/comments?post=324"}],"version-history":[{"count":10,"href":"https:\/\/lacronicadesevilla.es\/index.php\/wp-json\/wp\/v2\/posts\/324\/revisions"}],"predecessor-version":[{"id":338,"href":"https:\/\/lacronicadesevilla.es\/index.php\/wp-json\/wp\/v2\/posts\/324\/revisions\/338"}],"wp:attachment":[{"href":"https:\/\/lacronicadesevilla.es\/index.php\/wp-json\/wp\/v2\/media?parent=324"}],"wp:term":[{"taxonomy":"category","embeddable":true,"href":"https:\/\/lacronicadesevilla.es\/index.php\/wp-json\/wp\/v2\/categories?post=324"},{"taxonomy":"post_tag","embeddable":true,"href":"https:\/\/lacronicadesevilla.es\/index.php\/wp-json\/wp\/v2\/tags?post=324"}],"curies":[{"name":"wp","href":"https:\/\/api.w.org\/{rel}","templated":true}]}}