{"id":3413,"date":"2020-04-13T10:27:45","date_gmt":"2020-04-13T09:27:45","guid":{"rendered":"http:\/\/lacronicadesevilla.es\/?p=3413"},"modified":"2020-12-16T09:49:50","modified_gmt":"2020-12-16T08:49:50","slug":"las-10-claves-del-coronavirus-en-sevilla","status":"publish","type":"post","link":"https:\/\/lacronicadesevilla.es\/index.php\/2020\/04\/13\/las-10-claves-del-coronavirus-en-sevilla\/","title":{"rendered":"Coronavirus &#8211; Las 10 claves de esta pandemia en Sevilla"},"content":{"rendered":"<p>Juan GARC\u00cdA \/ Pablo LUCENA<\/p>\n<p><span style=\"font-weight: 400; color: #ff0000;\"><span style=\"color: #333333;\">La pandemia global provocada por el<strong> virus Covid-19<\/strong> es un acontecimiento hist\u00f3rico. Por primera vez en mucho tiempo se le ha impuesto a la poblaci\u00f3n el toque de queda, una orden del Gobierno para que nos quedemos en casa.<\/span><\/span><!--more--><\/p>\n<div id=\"attachment_3441\" style=\"width: 360px\" class=\"wp-caption alignright\"><img loading=\"lazy\" decoding=\"async\" aria-describedby=\"caption-attachment-3441\" class=\"wp-image-3441\" src=\"http:\/\/lacronicadesevilla.es\/wp-content\/uploads\/2020\/03\/covid-19.jpg\" alt=\"Imagen microsc\u00f3pica de un coronavirus\" width=\"350\" height=\"333\" srcset=\"https:\/\/lacronicadesevilla.es\/wp-content\/uploads\/2020\/03\/covid-19.jpg 600w, https:\/\/lacronicadesevilla.es\/wp-content\/uploads\/2020\/03\/covid-19-300x285.jpg 300w, https:\/\/lacronicadesevilla.es\/wp-content\/uploads\/2020\/03\/covid-19-368x350.jpg 368w, https:\/\/lacronicadesevilla.es\/wp-content\/uploads\/2020\/03\/covid-19-150x143.jpg 150w, https:\/\/lacronicadesevilla.es\/wp-content\/uploads\/2020\/03\/covid-19-292x278.jpg 292w\" sizes=\"auto, (max-width: 350px) 100vw, 350px\" \/><p id=\"caption-attachment-3441\" class=\"wp-caption-text\">Imagen microsc\u00f3pica de un coronavirus<\/p><\/div>\n<p><span style=\"font-weight: 400; color: #ff0000;\"><span style=\"color: #333333;\">Lo que en un principio se lleg\u00f3 a comparar con los efectos de un resfriado o una gripe, se ha convertido en una crisis sanitaria con consecuencias dram\u00e1ticas. Como otras muchas ciudades del mundo, <strong>Sevilla<\/strong> tambi\u00e9n se ha visto afectada. A continuaci\u00f3n, se exponen algunas de las consecuencias y de las situaciones m\u00e1s destacadas a nivel local.<\/span><br \/>\n<\/span><\/p>\n<p><b>1. La INCREDULIDAD y la negaci\u00f3n de los primeros d\u00edas<br \/>\n<\/b>Incredulidad y negaci\u00f3n fueron los sentimimientos y la reacci\u00f3n de <span style=\"font-weight: 400;\">muchos sevillanos cuando la pandemia por el Covid-19 a\u00fan no hab\u00eda alcanzado de pleno a Espa\u00f1a. Poco m\u00e1s de cinco infectados se hab\u00edan detectado en Sevilla cuando desde Italia ya avisaban, y con raz\u00f3n, de la gravedad de la situaci\u00f3n. En aquellos d\u00edas, el alcalde de Sevilla, Juan Espadas, <\/span><a href=\"https:\/\/www.vidanuevadigital.com\/2020\/03\/10\/el-alcalde-de-sevilla-ante-el-coronavirus-la-semana-santa-no-peligra-en-este-momento\/\" target=\"_blank\"><span style=\"font-weight: 400;\">afirmaba que tanto la Semana Santa como la Feria no corr\u00edan peligro<\/span><\/a><span style=\"font-weight: 400;\">, en un intento de tranquilizar a los habitantes de la ciudad. A d\u00eda de hoy, ambas fiestas se han suspendido.<\/span><\/p>\n<p><b>2. El SISTEMA EDUCATIVO, el primero en verse afectado<br \/>\n<\/b>El paro de la actividad cotidiana se ven\u00eda venir, y uno de los primeros sectores afectados fue el de la educaci\u00f3n. <span style=\"font-weight: 400;\">En Sevilla se notific\u00f3 un caso en la Facultad de Comunicaci\u00f3n y otro en la Facultad de Derecho. Estos datos eran una prueba de que la\u00a0 ciudad ya no era un sitio exento del virus y que, m\u00e1s temprano que tarde, se deber\u00edan cerrar los centros educativos. <\/span><a href=\"https:\/\/www.elmundo.es\/espana\/2020\/03\/12\/5e6a2011fdddff2c1e8b4574.html\" target=\"_blank\"><span style=\"font-weight: 400;\">Y as\u00ed fue<\/span><\/a><span style=\"font-weight: 400;\">. El d\u00eda 14 se cerraron todos los colegios, universidades y dem\u00e1s instituciones lectivas, que actualmente imparten la formaci\u00f3n por v\u00eda telem\u00e1tica.<br \/>\n<\/span><\/p>\n<p><b>3. Sin espect\u00e1culos y SIN DERBI<br \/>\n<\/b>Ante el riesgo real al contagio, al de la educaci\u00f3n<b> <\/b>se sumaron otros sectores que igualmente cesaron en su actividad. Entre ellos figuran los espect\u00e1culos y los eventos deportivos. E<span style=\"font-weight: 400;\">l f\u00fatbol dio un primer paso adelante, proponiendo los partidos a puerta cerrada y, m\u00e1s tarde, <\/span><a href=\"https:\/\/www.marca.com\/futbol\/primera-division\/2020\/03\/12\/5e6a1100ca474112418b45d4.html\" target=\"_blank\"><span style=\"font-weight: 400;\">suspendiendo la Liga definitivamente<\/span><\/a><span style=\"font-weight: 400;\">. Est\u00e1 medida afect\u00f3 directamente a uno de los partidos m\u00e1s esperados, el <strong>derbi Sevilla-Betis<\/strong>. A continuaci\u00f3n, se cancelaros el resto de actividades de ocio: cines, teatro y centros comerciales. De hecho, el 13 de marzo <\/span><a href=\"https:\/\/www.diariodesevilla.es\/sevilla\/Coronavirus-Sevilla-cierran-cines-Nervion-Plaza_0_1445855922.html\" target=\"_blank\"><span style=\"font-weight: 400;\">los cines de Nervi\u00f3n anunciaban su cierre hasta nuevo aviso<\/span><\/a><span style=\"font-weight: 400;\">.<\/span><\/p>\n<p><b>4. Se convoca el ESTADO DE ALARMA<br \/>\n<\/b><span style=\"font-weight: 400;\">El estado de alarma fue activado por el Gobierno en toda Espa\u00f1a el domingo 15 de marzo a las 00:00 horas. Como consecuencia, la poblaci\u00f3n fue obligada a recluirse en sus casas, salvo en las excepciones previstas como comprar alimentos, ir al trabajo o pasear a la mascota. La Unidad Militar de Emergencias (UME) tambi\u00e9n ha hecho acto de presencia en la ciudad, encarg\u00e1ndose, junto al resto de Cuerpos de Seguridad del Estado, de que se cumplan las medidas fijadas. Adem\u00e1s, desempe\u00f1an otras importantes funciones como limpiar las calles o recintos p\u00fablicos, como es el caso de la estaci\u00f3n de trenes de Santa Justa.<br \/>\n<\/span><\/p>\n<p><b>5. Calles y hoteles VAC\u00cdOS<br \/>\n<\/b><span style=\"font-weight: 400;\">Antes de que Pedro S\u00e1nchez convocase el Estado de alarma, ya se recomendaba a la poblaci\u00f3n que se quedase en sus casas. En un principio, hubo quien no hizo demasiado caso, e incluso se detect\u00f3 alguna discoteca que permanec\u00eda abierta al p\u00fablico. Gradualmente, la ciudadan\u00eda comprendi\u00f3 que la mejor manera de evitar la infecci\u00f3n y frenar el contagio masivo era el confinamiento riguroso. El empleo de las redes sociales, abanderado por el uso del hashtag <strong>#Qu\u00e9dateEnCasa<\/strong>, fueron claves en esta misi\u00f3n. Ya no se ven turistas ni sevillanos por las calles, y los hoteles de la ciudad han cerrado. Una bonita galer\u00eda del fot\u00f3grafo Juan Manuel Serrano del diario <a href=\"https:\/\/sevilla.abc.es\/sevilla\/sevi-luce-barrio-santa-cruz-40439826799-20200320181637_galeria.html#imagen1\" target=\"_blank\">ABC<\/a> refleja esta extra\u00f1a estampa de Sevilla en las m\u00e1gicas horas del atardecer.<\/span><\/p>\n<p><b>6. Suspensi\u00f3n de las FIESTAS DE LA PRIMAVERA<br \/>\n<\/b>Ya es<span style=\"font-weight: 400;\"> oficial, la <\/span><a href=\"https:\/\/elpais.com\/sociedad\/2020-03-14\/sevilla-suspende-su-semana-santa-por-el-coronavirus.html\" target=\"_blank\"><span style=\"font-weight: 400;\">Semana Santa<\/span><\/a><span style=\"font-weight: 400;\"> y la <a href=\"http:\/\/lacronicadesevilla.es\/index.php\/2020\/03\/20\/el-distrito-cerro-amate-tendra-su-propia-caseta-en-la-feria-2020\/\">Feria de Abril<\/a> han sido suspendidas. Ser\u00e1 la primera vez desde 1933 que las procesiones de Sevilla no realicen su estaci\u00f3n de penitencia. Se estima que la medida puede tener un impacto de 400 millones de euros en p\u00e9rdidas econ\u00f3micas. Por otro lado, tambi\u00e9n es la primera vez en la historia que no se celebre la Feria de Abril, una fiesta que nunca hab\u00eda dejado de realizarse desde su inicio en 1847. En total, se podr\u00eda llegar a perder el 3% del PIB local. Para evitar este descalabro, el Ayuntamiento de Sevilla estudia aplazar la Feria hasta la segunda quincena de septiembre.<\/span><\/p>\n<p><b>7. La situaci\u00f3n de los HOSPITALES<\/b><b><br \/>\n<\/b><span style=\"font-weight: 400;\">Los ciudadanos se han concienciado y no acuden a Urgencias salvo por motivos de aut\u00e9ntica gravedad. Los hospitales de Sevilla reciben a los enfermos de coronavirus. Los profesionales sanitarios viven en tensa calma a la espera del pico de contagios masivo, si es que llega a producirse. Hay preocupaci\u00f3n por la falta de medios de protecci\u00f3n o instalaciones. De hecho, se est\u00e1 planteado que en las ciudades m\u00e1s afectadas por el virus los hoteles ofrezcan sus espacios para atender a pacientes con sintomatolog\u00eda leve.<\/span><b><br \/>\n<\/b><\/p>\n<p><b>8. Presencia POLICIAL y MILITAR<br \/>\n<\/b><span style=\"font-weight: 400;\">Desde que se estableci\u00f3 el estado de alarma la Polic\u00eda Nacional patrulla las calles de Sevilla. Informan mediante megafon\u00eda a los transe\u00fantes de la prohibici\u00f3n de circular por la calle. Las normativas deben cumplirse y ya se han impuesto las primeras sanciones, que en funci\u00f3n de la gravedad pueden alcanzar hasta los 30.000 euros.<\/span><span style=\"font-weight: 400;\"><br \/>\n<\/span><\/p>\n<p><span style=\"color: #333333;\"><b>9. SOLIDARIDAD vecinal<br \/>\n<\/b><span style=\"font-weight: 400;\">Esta situaci\u00f3n tan especial ha despertado el lado solidario de los sevillanos. Personas que se ofrecen para cuidar a los ni\u00f1os de los vecinos que deben trabajar o hacer la compra a las personas mayores. Tambi\u00e9n hay famosos que promueven el #Qu\u00e9dateEnCasa con diversas acciones como fue el caso de Borja Iglesias y Sergio Reguil\u00f3n, que jugaron un derbi Sevilla-Betis de FIFA en <em>streaming<\/em> el domingo 15 de marzo, a la misma hora a la que se hubiera celebrado el partido real. Otra iniciativa ha sido la de la dise\u00f1adora sevillana Roc\u00edo Osorno, quien ha donado 10.000 mascarillas fabricadas en su taller para los sanitarios que trabajan durante estos d\u00edas.<br \/>\n<\/span><\/span><\/p>\n<p><span style=\"color: #333333;\"><b>10. El ambiente en los BALCONES<br \/>\n<\/b><span style=\"font-weight: 400;\">La nota positiva y m\u00e1s alegre de esta larga cuarentena la ponen aquellos ciudadanos que han agudizado el ingenio para poder llevar una rutina dentro de casa. Proliferan los v\u00eddeos en Internet con cursos gratuitos y actividades para sobrellevar la situaci\u00f3n. Tambi\u00e9n es noticia el ambiente en los balcones de la ciudad. Un balc\u00f3n que se ha hecho viral est\u00e1 ubicado en el barrio de Los Remedios, donde un <a href=\"https:\/\/www.diariodesevilla.es\/sevilla\/Coronavirus-Sevilla-oso-panda-Feria_0_1447955301.html\" target=\"_blank\">&#8216;oso panda gigante&#8217;<\/a> sali\u00f3 a bailar a las 8 de la tarde, que es la hora fijada para dedicar un aplauso al personal sanitario en agradecimiento por su labor en estos delicados momentos.\u00a0<\/span><\/span><\/p>\n<p>&nbsp;<\/p>\n","protected":false},"excerpt":{"rendered":"<p>Juan GARC\u00cdA \/ Pablo LUCENA La pandemia global provocada por el virus Covid-19 es un acontecimiento hist\u00f3rico. Por primera vez en mucho tiempo se le ha impuesto a la poblaci\u00f3n el toque de queda, una orden del Gobierno para que nos quedemos en casa. <a class=\"continue-reading-link\" href=\"https:\/\/lacronicadesevilla.es\/index.php\/2020\/04\/13\/las-10-claves-del-coronavirus-en-sevilla\/\"><\/a><\/p>\n","protected":false},"author":50,"featured_media":0,"comment_status":"closed","ping_status":"closed","sticky":false,"template":"","format":"standard","meta":{"footnotes":""},"categories":[707,8],"tags":[664,573,660,666,662,663,404,18,35,665,661],"class_list":["post-3413","post","type-post","status-publish","format-standard","hentry","category-especial-covid-19","category-sevilla","tag-balcones","tag-coronavirus","tag-covid-19","tag-derbi","tag-feria-de-abil","tag-hoteles","tag-semana-santa","tag-sevilla","tag-turismo","tag-ume","tag-virus"],"_links":{"self":[{"href":"https:\/\/lacronicadesevilla.es\/index.php\/wp-json\/wp\/v2\/posts\/3413","targetHints":{"allow":["GET"]}}],"collection":[{"href":"https:\/\/lacronicadesevilla.es\/index.php\/wp-json\/wp\/v2\/posts"}],"about":[{"href":"https:\/\/lacronicadesevilla.es\/index.php\/wp-json\/wp\/v2\/types\/post"}],"author":[{"embeddable":true,"href":"https:\/\/lacronicadesevilla.es\/index.php\/wp-json\/wp\/v2\/users\/50"}],"replies":[{"embeddable":true,"href":"https:\/\/lacronicadesevilla.es\/index.php\/wp-json\/wp\/v2\/comments?post=3413"}],"version-history":[{"count":37,"href":"https:\/\/lacronicadesevilla.es\/index.php\/wp-json\/wp\/v2\/posts\/3413\/revisions"}],"predecessor-version":[{"id":3492,"href":"https:\/\/lacronicadesevilla.es\/index.php\/wp-json\/wp\/v2\/posts\/3413\/revisions\/3492"}],"wp:attachment":[{"href":"https:\/\/lacronicadesevilla.es\/index.php\/wp-json\/wp\/v2\/media?parent=3413"}],"wp:term":[{"taxonomy":"category","embeddable":true,"href":"https:\/\/lacronicadesevilla.es\/index.php\/wp-json\/wp\/v2\/categories?post=3413"},{"taxonomy":"post_tag","embeddable":true,"href":"https:\/\/lacronicadesevilla.es\/index.php\/wp-json\/wp\/v2\/tags?post=3413"}],"curies":[{"name":"wp","href":"https:\/\/api.w.org\/{rel}","templated":true}]}}