{"id":3485,"date":"2020-04-14T14:13:46","date_gmt":"2020-04-14T13:13:46","guid":{"rendered":"http:\/\/lacronicadesevilla.es\/?p=3485"},"modified":"2020-05-13T10:38:10","modified_gmt":"2020-05-13T09:38:10","slug":"astropalido-el-grupo-sevillano-que-comparte-su-musica-en-redes-sociales-para-hacer-mas-ameno-el-confinamiento","status":"publish","type":"post","link":"https:\/\/lacronicadesevilla.es\/index.php\/2020\/04\/14\/astropalido-el-grupo-sevillano-que-comparte-su-musica-en-redes-sociales-para-hacer-mas-ameno-el-confinamiento\/","title":{"rendered":"El grupo Astrop\u00e5lido comparte su m\u00fasica en redes sociales para hacer m\u00e1s ameno el confinamiento"},"content":{"rendered":"<p><img loading=\"lazy\" decoding=\"async\" class=\"alignright wp-image-3499 size-full\" src=\"http:\/\/lacronicadesevilla.es\/wp-content\/uploads\/2020\/04\/astropalido.gif\" alt=\"Todos los integrantes de la banda\" width=\"450\" height=\"300\" \/><\/p>\n<p>Silvia VARELA IGLESIAS<\/p>\n<p>Astrop\u00e5lido, el grupo de m\u00fasica compuesto por <strong>Rafa Leone<\/strong>, voz y guitarrista; <strong>Alejandro Vigil<\/strong>, guitarrista; <strong>\u00c1lvaro Lamela<\/strong>, bajista y <strong>Javier Pic\u00f3n<\/strong>, bater\u00eda, contribuyen con sus canciones a llevar mejor el confinamiento.<!--more--><\/p>\n<p>Rafa y Alejandro llevan juntos en el mundo de la m\u00fasica desde 2010\u00a0 con su grupo Gen\u00e9rica, y fue en 2017 cuando decidieron formar una nueva banda. \u00abFundamos Astrop\u00e5lido buscando un cambio de estilo y nos metimos a grabar un disco, <strong>Mentiras para contar la verdad<\/strong>, en los estudios Sputnik\u00bb, comenta Alejandro.<\/p>\n<p>A ellos se unieron \u00c1lvaro Lamela y Javier Pic\u00f3n para buscar ese estilo propio que tanto les caracteriza como banda, una mezcla de m\u00fasica pop rock e indie. Los principales elementos de su m\u00fasica son la guitarra el\u00e9ctrica, el bajo y la bater\u00eda, pero siempre buscando crear peque\u00f1as atm\u00f3sferas con alg\u00fan que otro efecto vocal. \u2018\u2019Nuestro sonido es fruto de lo que nos emociona\u2019\u2019, cuenta Alejandro, guitarrista y compositor junto a Rafa. \u2018\u2019Componemos Rafa y yo la canciones a guitarra y voz, y despu\u00e9s los dem\u00e1s aportan sus ideas y arreglos\u00bb, a\u00f1ade.<\/p>\n<p>Desde los inicios del grupo, el p\u00fablico sevillano ha acogido a la banda con los brazos abiertos. Rafa afirma que est\u00e1n muy contentos con su evoluci\u00f3n y que empiezan a ver el fruto de su trabajo, pues ya acumulan m\u00e1s de 7.000 oyentes mensuales en plataformas digitales como <a href=\"https:\/\/open.spotify.com\/artist\/3bS1xumJ5H49qsn3J7gya3\" target=\"_blank\">Spotify<\/a>.<span class=\"Apple-converted-space\">\u00a0Este \u00e9xito se ve reflejado en los conciertos, como el de mayo de 2019, <\/span>cuando pudimos ver al grupo tocar en el concierto de Izal en el <strong>Auditorio Roc\u00edo Jurado<\/strong>. El grupo asegura que fue un gran escaparate, y que eventos de esta importancia hacen que llenen la <strong>Sala X<\/strong> de Sevilla. \u00abUno de nuestros objetivos es volver a repetir pronto ese &#8216;llenazo&#8217; y seguir creciendo\u00bb, confiesa Rafa.<\/p>\n<p>Actualmente, es complicado vivir de los beneficios de la m\u00fasica anal\u00f3gica, pero el grupo siempre logra ver el lado positivo de las cosas. Los discos de Astrop\u00e5lido no se venden en tiendas f\u00edsicas, toda su m\u00fasica est\u00e1 en plataformas digitales como Spotify o <a href=\"https:\/\/www.youtube.com\/channel\/UCdQ9TwMpByDJMmv5o3d89GA\" target=\"_blank\">YouTube<\/a>. Aunque siempre llevan sus discos a los conciertos para aquellos seguidores que quieran comprarlos. Seg\u00fan Rafa, el mundo digital ha terminado con algunas cosas, pero tambi\u00e9n ofrece herramientas que son muy \u00fatiles en momentos como este cuando a consecuencia de la crisis sanitaria provocada por el coronavirus no se puede salir a la calle, \u00abpero seguimos en contacto con nuestros seguidores compartiendo nuestra m\u00fasica\u00bb.<\/p>\n<p>Ante esta situaci\u00f3n, la banda sevillana se ha visto obligada a suspender todos sus eventos como, por ejemplo, el festival organizado por <i><a href=\"https:\/\/www.instagram.com\/indie_cool_\/?hl=es\" target=\"_blank\">@indie_cool<\/a>, <\/i>que se iba a<i> <\/i>realizar en la <strong>Sala Moby Dick<\/strong> en Madrid el pasado 14 de marzo. \u00abEsta cancelaci\u00f3n nos hace sentirnos en deuda con la gente que ten\u00eda tanta ilusi\u00f3n por vernos\u2026 y deb\u00edamos de hacer algo para ellos\u00bb, cuenta Javi en relaci\u00f3n a la inicitiva del grupo de compartir su m\u00fasica en directo mediante sus <a href=\"https:\/\/www.instagram.com\/astropalido\/?hl=es\" target=\"_blank\">redes sociales<\/a> durante los d\u00edas de confinamiento: \u00abQue te vean en tu casa, en ch\u00e1ndal y tocando para ellos, es algo que el oyente agradece much\u00edsimo, y de ah\u00ed que est\u00e9 funcionando tan bien\u00bb.<\/p>\n<p>Estos chicos viven la m\u00fasica y aprenden cada d\u00eda, cada vez que crean una nueva canci\u00f3n. Su primer disco, Mentiras para Contar la Verdad, y su \u00faltimo sencillo, <strong>\u00daltimo asalto<\/strong>, son una prueba de lo alto que pueden llegar.<\/p>\n","protected":false},"excerpt":{"rendered":"<p>Silvia VARELA IGLESIAS Astrop\u00e5lido, el grupo de m\u00fasica compuesto por Rafa Leone, voz y guitarrista; Alejandro Vigil, guitarrista; \u00c1lvaro Lamela, bajista y Javier Pic\u00f3n, bater\u00eda, contribuyen con sus canciones a llevar mejor el confinamiento. <a class=\"continue-reading-link\" href=\"https:\/\/lacronicadesevilla.es\/index.php\/2020\/04\/14\/astropalido-el-grupo-sevillano-que-comparte-su-musica-en-redes-sociales-para-hacer-mas-ameno-el-confinamiento\/\"><\/a><\/p>\n","protected":false},"author":50,"featured_media":0,"comment_status":"closed","ping_status":"closed","sticky":false,"template":"","format":"standard","meta":{"footnotes":""},"categories":[12,707],"tags":[669,674,672,676,573,673,667,539,377,668,675,670,671],"class_list":["post-3485","post","type-post","status-publish","format-standard","hentry","category-cultura","category-especial-covid-19","tag-astropalido","tag-auditorio-rocio-jurado","tag-banda","tag-confinamiento","tag-coronavirus","tag-grupo-musical","tag-indie","tag-instagram","tag-musica","tag-pop-rock","tag-sala-x","tag-spotify","tag-youtube"],"_links":{"self":[{"href":"https:\/\/lacronicadesevilla.es\/index.php\/wp-json\/wp\/v2\/posts\/3485","targetHints":{"allow":["GET"]}}],"collection":[{"href":"https:\/\/lacronicadesevilla.es\/index.php\/wp-json\/wp\/v2\/posts"}],"about":[{"href":"https:\/\/lacronicadesevilla.es\/index.php\/wp-json\/wp\/v2\/types\/post"}],"author":[{"embeddable":true,"href":"https:\/\/lacronicadesevilla.es\/index.php\/wp-json\/wp\/v2\/users\/50"}],"replies":[{"embeddable":true,"href":"https:\/\/lacronicadesevilla.es\/index.php\/wp-json\/wp\/v2\/comments?post=3485"}],"version-history":[{"count":35,"href":"https:\/\/lacronicadesevilla.es\/index.php\/wp-json\/wp\/v2\/posts\/3485\/revisions"}],"predecessor-version":[{"id":3574,"href":"https:\/\/lacronicadesevilla.es\/index.php\/wp-json\/wp\/v2\/posts\/3485\/revisions\/3574"}],"wp:attachment":[{"href":"https:\/\/lacronicadesevilla.es\/index.php\/wp-json\/wp\/v2\/media?parent=3485"}],"wp:term":[{"taxonomy":"category","embeddable":true,"href":"https:\/\/lacronicadesevilla.es\/index.php\/wp-json\/wp\/v2\/categories?post=3485"},{"taxonomy":"post_tag","embeddable":true,"href":"https:\/\/lacronicadesevilla.es\/index.php\/wp-json\/wp\/v2\/tags?post=3485"}],"curies":[{"name":"wp","href":"https:\/\/api.w.org\/{rel}","templated":true}]}}