{"id":3539,"date":"2020-04-15T16:36:27","date_gmt":"2020-04-15T15:36:27","guid":{"rendered":"http:\/\/lacronicadesevilla.es\/?p=3539"},"modified":"2020-05-13T10:37:51","modified_gmt":"2020-05-13T09:37:51","slug":"manuel-otero-preve-que-el-comienzo-de-la-actividad-hotelera-sera-paulatino-y-a-final-del-verano","status":"publish","type":"post","link":"https:\/\/lacronicadesevilla.es\/index.php\/2020\/04\/15\/manuel-otero-preve-que-el-comienzo-de-la-actividad-hotelera-sera-paulatino-y-a-final-del-verano\/","title":{"rendered":"Manuel Otero conf\u00eda en una recuperaci\u00f3n paulatina del turismo a partir del verano"},"content":{"rendered":"<p><img loading=\"lazy\" decoding=\"async\" class=\"alignright wp-image-3580\" src=\"http:\/\/lacronicadesevilla.es\/wp-content\/uploads\/2020\/04\/Hotel-Inglaterra-Sevilla.jpg\" alt=\"Hotel-Inglaterra-Sevilla\" width=\"500\" height=\"334\" srcset=\"https:\/\/lacronicadesevilla.es\/wp-content\/uploads\/2020\/04\/Hotel-Inglaterra-Sevilla.jpg 550w, https:\/\/lacronicadesevilla.es\/wp-content\/uploads\/2020\/04\/Hotel-Inglaterra-Sevilla-300x200.jpg 300w, https:\/\/lacronicadesevilla.es\/wp-content\/uploads\/2020\/04\/Hotel-Inglaterra-Sevilla-525x350.jpg 525w, https:\/\/lacronicadesevilla.es\/wp-content\/uploads\/2020\/04\/Hotel-Inglaterra-Sevilla-150x100.jpg 150w\" sizes=\"auto, (max-width: 500px) 100vw, 500px\" \/>Diego JIM\u00c9NEZ<\/p>\n<p>Manuel Otero, director del <strong>Hotel Inglaterra<\/strong> y expresidente de la Asociaci\u00f3n de Hoteles de Sevilla, conf\u00eda en una recuperaci\u00f3n paulatina del turismo local a partir del verano. <!--more--><\/p>\n<p>Como consecuencia de la crisis social y econ\u00f3mica derivada del coronavirus, el <strong>turismo mundial ha entrado en una fuerte recesi\u00f3n<\/strong>. Al cese de viajeros se suman los diferentes ERTES que muchos hoteles han tenido que ejecutar para mantenerse en pie. Esta situaci\u00f3n hace peligrar al sector, que pierde toda su clientela justo al inicio de la temporada alta en Sevilla con la Semana Santa y la Feria. Hemos preguntado acerca de ello a <strong>Manuel Otero<\/strong>, director del Hotel Inglaterra, ubicado en el Centro de la ciudad.<\/p>\n<p><span style=\"color: #333333;\"><b>\u00bfEn qu\u00e9 situaci\u00f3n se encuentra actualmente el Hotel Inglaterra?<br \/>\n<\/b>Actualmente estamos vac\u00edos, sin clientes y con un servicio m\u00ednimo de vigilancia y mantenimiento.<\/span><\/p>\n<p><span style=\"color: #333333;\"><b>\u00bfC\u00f3mo actuaron al conocerse la noticia de la pandemia?<\/b><br \/>\nLos primeros d\u00edas no conoc\u00edamos la gravedad que pod\u00eda alcanzar el asunto, y las opciones eran continuar trabajando bajo m\u00ednimos, cerrar por falta de clientes o cerrar por indicaci\u00f3n del Gobierno, y esto \u00faltimo fue lo que sucedi\u00f3. Desde el principio tomamos las medidas sanitarias pertinentes en cuanto a limpieza y a no concentrar a varias personas en un mismo espacio.<\/span><\/p>\n<div id=\"attachment_3576\" style=\"width: 210px\" class=\"wp-caption alignleft\"><img loading=\"lazy\" decoding=\"async\" aria-describedby=\"caption-attachment-3576\" class=\"wp-image-3576 size-full\" src=\"http:\/\/lacronicadesevilla.es\/wp-content\/uploads\/2020\/04\/Manuel-Otero.jpg\" alt=\"Manuel Otero \" width=\"200\" height=\"200\" srcset=\"https:\/\/lacronicadesevilla.es\/wp-content\/uploads\/2020\/04\/Manuel-Otero.jpg 200w, https:\/\/lacronicadesevilla.es\/wp-content\/uploads\/2020\/04\/Manuel-Otero-150x150.jpg 150w\" sizes=\"auto, (max-width: 200px) 100vw, 200px\" \/><p id=\"caption-attachment-3576\" class=\"wp-caption-text\"><span style=\"color: #333333;\">Manuel Otero en la terraza del Hotel Inglaterra<\/span><\/p><\/div>\n<p><span style=\"color: #333333;\"><b>Como antiguo presidente de la Asociaci\u00f3n de Hoteles de Sevilla, \u00bfc\u00f3mo se percibe la crisis en este sector?<\/b><\/span><br \/>\n<span style=\"color: #333333;\"> A todos los hosteleros la epidemia les ha frenado la temporada alta de Sevilla, pues a medida que la situaci\u00f3n iba siendo m\u00e1s seria se iban cerrando los establecimientos. Existe un poco de inseguridad y de preocupaci\u00f3n, ya que nadie sabe cu\u00e1nto va a durar esta crisis y cuando se normalizar\u00e1 el mercado.<\/span><\/p>\n<p><span style=\"color: #333333;\"><b>Desde su<\/b><b> formaci\u00f3n y su experiencia, \u00bfc\u00f3mo tendr\u00edan que reaccionar los empresarios para recuperar la econom\u00eda que se est\u00e1 perdiendo?<\/b><\/span><br \/>\n<span style=\"color: #333333;\"> El comienzo de la actividad ser\u00e1 paulatino y a partir del verano, que es cuando comienza la temporada baja en Sevilla. Quiz\u00e1 se recupere un nivel aceptable a finales de verano, una vez que la situaci\u00f3n se estabilice.<\/span><\/p>\n<p><span style=\"color: #333333;\"><b>\u00bfHabr\u00e1 un turismo y un turista distinto despu\u00e9s del coronavirus?<\/b><\/span><br \/>\n<span style=\"color: #333333;\"> Lo primero que notaremos ser\u00e1 una entrada de turistas nacionales, que son los que tenemos m\u00e1s cerca. Tras un tiempo, volveremos a recibir un turismo extranjero.<\/span><\/p>\n<p><span style=\"color: #333333;\"><b>Hablemos ahora de su hotel, \u00bfc\u00f3mo se ha ido transformando para adaptarse al cambio de \u00e9poca?<\/b><\/span><br \/>\n<span style=\"color: #333333;\"> Bajo la frase de \u201crenovarse o morir\u201d. Estos \u00faltimos a\u00f1os nos hemos ido renovando continuamente; de otra manera, hubi\u00e9ramos muerto hace tiempo. Un negocio que no se actualiza se quedar\u00e1 atr\u00e1s y termina desapareciendo. Durantes estos 160 a\u00f1os podemos demostrar que nosotros hemos estado renov\u00e1ndonos y nos hemos adaptado, pues la ciudad no es la misma que hace 160 a\u00f1os y los hu\u00e9spedes tampoco lo son.<\/span><\/p>\n<p><span style=\"color: #333333;\"><b>\u00bfHan cambiado muchos los viajeros en el \u00faltimo a\u00f1o?<\/b><\/span><br \/>\n<span style=\"color: #333333;\"> Son las empresas las que se adaptan a sus clientes. Si estos cambian, as\u00ed lo har\u00e1 la empresa para satisfacer sus necesidades. Has de estar atento a lo que pasa fuera para saber lo que quiere el cliente y poder ofrec\u00e9rselo.<\/span><\/p>\n<p><span style=\"color: #333333;\"><b>Decir Hotel Inglaterra es decir Plaza Nueva y Centro de Sevilla, \u00bfalg\u00fan momento o momentos memorables?<\/b><\/span><br \/>\n<span style=\"color: #333333;\"> Hemos pasado por muchas cosas, una guerra civil, la Expo del 92, la crisis de 2008&#8230;\u00a0 eventos afortunados y desafortunados. Todo lo que pasaba en Sevilla lo ha vivido el hotel con la ciudad.<\/span><\/p>\n","protected":false},"excerpt":{"rendered":"<p>Diego JIM\u00c9NEZ Manuel Otero, director del Hotel Inglaterra y expresidente de la Asociaci\u00f3n de Hoteles de Sevilla, conf\u00eda en una recuperaci\u00f3n paulatina del turismo local a partir del verano. <a class=\"continue-reading-link\" href=\"https:\/\/lacronicadesevilla.es\/index.php\/2020\/04\/15\/manuel-otero-preve-que-el-comienzo-de-la-actividad-hotelera-sera-paulatino-y-a-final-del-verano\/\"><\/a><\/p>\n","protected":false},"author":50,"featured_media":0,"comment_status":"closed","ping_status":"closed","sticky":false,"template":"","format":"standard","meta":{"footnotes":""},"categories":[707,8],"tags":[],"class_list":["post-3539","post","type-post","status-publish","format-standard","hentry","category-especial-covid-19","category-sevilla"],"_links":{"self":[{"href":"https:\/\/lacronicadesevilla.es\/index.php\/wp-json\/wp\/v2\/posts\/3539","targetHints":{"allow":["GET"]}}],"collection":[{"href":"https:\/\/lacronicadesevilla.es\/index.php\/wp-json\/wp\/v2\/posts"}],"about":[{"href":"https:\/\/lacronicadesevilla.es\/index.php\/wp-json\/wp\/v2\/types\/post"}],"author":[{"embeddable":true,"href":"https:\/\/lacronicadesevilla.es\/index.php\/wp-json\/wp\/v2\/users\/50"}],"replies":[{"embeddable":true,"href":"https:\/\/lacronicadesevilla.es\/index.php\/wp-json\/wp\/v2\/comments?post=3539"}],"version-history":[{"count":28,"href":"https:\/\/lacronicadesevilla.es\/index.php\/wp-json\/wp\/v2\/posts\/3539\/revisions"}],"predecessor-version":[{"id":3597,"href":"https:\/\/lacronicadesevilla.es\/index.php\/wp-json\/wp\/v2\/posts\/3539\/revisions\/3597"}],"wp:attachment":[{"href":"https:\/\/lacronicadesevilla.es\/index.php\/wp-json\/wp\/v2\/media?parent=3539"}],"wp:term":[{"taxonomy":"category","embeddable":true,"href":"https:\/\/lacronicadesevilla.es\/index.php\/wp-json\/wp\/v2\/categories?post=3539"},{"taxonomy":"post_tag","embeddable":true,"href":"https:\/\/lacronicadesevilla.es\/index.php\/wp-json\/wp\/v2\/tags?post=3539"}],"curies":[{"name":"wp","href":"https:\/\/api.w.org\/{rel}","templated":true}]}}