{"id":3679,"date":"2020-05-13T10:33:16","date_gmt":"2020-05-13T09:33:16","guid":{"rendered":"http:\/\/lacronicadesevilla.es\/?p=3679"},"modified":"2020-05-13T10:36:32","modified_gmt":"2020-05-13T09:36:32","slug":"coronavirus-los-efectos-regeneradores-del-confinamiento-sobre-el-medioambiente","status":"publish","type":"post","link":"https:\/\/lacronicadesevilla.es\/index.php\/2020\/05\/13\/coronavirus-los-efectos-regeneradores-del-confinamiento-sobre-el-medioambiente\/","title":{"rendered":"Coronavirus &#8211; Los efectos regeneradores del confinamiento sobre el medioambiente"},"content":{"rendered":"<div id=\"attachment_3690\" style=\"width: 560px\" class=\"wp-caption alignright\"><img loading=\"lazy\" decoding=\"async\" aria-describedby=\"caption-attachment-3690\" class=\"size-full wp-image-3690\" src=\"http:\/\/lacronicadesevilla.es\/wp-content\/uploads\/2020\/05\/felsentor-4786139_1920-1.jpg\" alt=\"Playa de Felsentor, mallorca. Foto de Mylene2401.\" width=\"550\" height=\"249\" srcset=\"https:\/\/lacronicadesevilla.es\/wp-content\/uploads\/2020\/05\/felsentor-4786139_1920-1.jpg 550w, https:\/\/lacronicadesevilla.es\/wp-content\/uploads\/2020\/05\/felsentor-4786139_1920-1-300x136.jpg 300w, https:\/\/lacronicadesevilla.es\/wp-content\/uploads\/2020\/05\/felsentor-4786139_1920-1-150x68.jpg 150w\" sizes=\"auto, (max-width: 550px) 100vw, 550px\" \/><p id=\"caption-attachment-3690\" class=\"wp-caption-text\">Playa de Felsentor, Mallorca. Foto: <a href=\"https:\/\/pixabay.com\/photos\/felsentor-it-pontas-mallorca-island-4786139\/\">Mylene2401<\/a><\/p><\/div>\n<p>Diego JIM\u00c9NEZ<\/p>\n<p><span style=\"font-weight: 400;\">La<strong> pandemia<\/strong> del <strong>Covid-19<\/strong> ha provocado un par\u00f3n generalizado en todo el planeta. Este confinamiento de la poblaci\u00f3n en sus casas ha tenido unos incre\u00edbles efectos regeneradores en el <strong>medioambiente,<\/strong>\u00a0que son f\u00e1cilmente visibles.<\/span><!--more--><\/p>\n<p><span style=\"font-weight: 400;\">La producci\u00f3n de <strong>gases de efecto invernadero<\/strong>\u00a0disminuy\u00f3\u00a0en zonas\u00a0de toda China\u00a0debido al frenazo de su econom\u00eda y al cese de actividad en las f\u00e1bricas.\u00a0As\u00ed lo muestra la NASA desde su sat\u00e9lite con fotos que comparan la contaminaci\u00f3n de China el 1 de enero de 2020 y el 1 de febrero de este mismo a\u00f1o.\u00a0<\/span><\/p>\n<p><span style=\"font-weight: 400;\">Los animales est\u00e1n\u00a0ocupando zonas donde antes no entraban. Se han avistado animales salvajes en ciudades como Madrid, Londres o Barcelona. National Geografic ha mostrado im\u00e1genes de estos animales circulando por las grandes ciudades mientras sus calles estaban vac\u00edas y la contaminaci\u00f3n ac\u00fastica se hab\u00eda relajado considerablemente. Zorros, jabal\u00edes, pavos reales y conejos pasean por carreteras de Londres, Vigo y Christchurch (Nueva Zelanda) para asombro de los vecinos.<\/span><\/p>\n<p><span style=\"font-weight: 400;\">Ante la difusi\u00f3n de bulos como el avistamiento de delfines en los canales de Venecia o de otros animales en las playas se recomienda contrastar la informaci\u00f3n en diversos medios o recurrir a herramientas de f<em>act checking<\/em>. <\/span><span style=\"font-weight: 400;\">S\u00ed que fue cierta la noticia sobre la presencia de vacas en las playas de Bolonia en el municipio gaditano de Tarifa, tal y como mostraban las fotos publicadas\u00a0por Salvamento Mar\u00edtimo en su perfil de <a href=\"https:\/\/twitter.com\/salvamentogob\/status\/1251876948965560321\">Twitter<\/a>. Otra evidencia de la recuperaci\u00f3n de la naturaleza se ha detectado en las dunas de la playa canaria de Maspalomas, que vuelven a lucir sus ondulaciones y un aspecto \u201cno visto en 50 a\u00f1os\u201d, seg\u00fan los lugare\u00f1os.<\/span><\/p>\n<p><b>Seguir cumpliendo los objetivos de sostenibilidad<br \/>\n<\/b><span style=\"font-weight: 400;\">Pero este renacimiento del medioambiente se puede echar a perder en el momento en el que se retome la actividad industrial, con la intenci\u00f3n de volver a producir y reactivar la econom\u00eda. De hecho, especialistas en la materia vaticinan un repunte en las expulsiones de efecto invernadero.\u00a0<\/span><\/p>\n<p><span style=\"font-weight: 400;\">Tal y como\u00a0recoge el <a href=\"https:\/\/www.businessinsider.es\/contaminacion-disparara-china-cuarentena-coronavirus-602151\">Business Insider<\/a>, \u201c<\/span><span style=\"font-weight: 400;\">y no solo aumentar\u00e1n las emisiones de gases de efecto invernadero sino que los expertos auguran que esta pandemia podr\u00eda implicar que se pospongan las ambiciones de lucha contra la crisis clim\u00e1tica, ya que una recesi\u00f3n econ\u00f3mica podr\u00eda reducir las inversiones en tecnolog\u00eda verde. (&#8230;) Esta situaci\u00f3n podr\u00eda expandirse a todas las econom\u00edas que en caso de priorizar, optar\u00edan por el impulso econ\u00f3mico y no por cumplir con los objetivos de sostenibilidad\u201d.<\/span><\/p>\n<p>Para lograr un equilibrio, Cao Liping, director del departamento de Ecolog\u00eda y Medioambiente del Ministerio de Econom\u00eda y Medioambiente de China, explicaba en una rueda de prensa que \u201cla supervisi\u00f3n medioambiental debe ajustarse a las necesidades pr\u00e1cticas y sociales de la situaci\u00f3n econ\u00f3mica\u201d.<\/p>\n","protected":false},"excerpt":{"rendered":"<p>Diego JIM\u00c9NEZ La pandemia del Covid-19 ha provocado un par\u00f3n generalizado en todo el planeta. Este confinamiento de la poblaci\u00f3n en sus casas ha tenido unos incre\u00edbles efectos regeneradores en el medioambiente,\u00a0que son f\u00e1cilmente visibles. <a class=\"continue-reading-link\" href=\"https:\/\/lacronicadesevilla.es\/index.php\/2020\/05\/13\/coronavirus-los-efectos-regeneradores-del-confinamiento-sobre-el-medioambiente\/\"><\/a><\/p>\n","protected":false},"author":50,"featured_media":0,"comment_status":"closed","ping_status":"closed","sticky":false,"template":"","format":"standard","meta":{"footnotes":""},"categories":[707,9],"tags":[640,573,701,700],"class_list":["post-3679","post","type-post","status-publish","format-standard","hentry","category-especial-covid-19","category-sociedad","tag-animales","tag-coronavirus","tag-medio-ambiente","tag-naturaleza"],"_links":{"self":[{"href":"https:\/\/lacronicadesevilla.es\/index.php\/wp-json\/wp\/v2\/posts\/3679","targetHints":{"allow":["GET"]}}],"collection":[{"href":"https:\/\/lacronicadesevilla.es\/index.php\/wp-json\/wp\/v2\/posts"}],"about":[{"href":"https:\/\/lacronicadesevilla.es\/index.php\/wp-json\/wp\/v2\/types\/post"}],"author":[{"embeddable":true,"href":"https:\/\/lacronicadesevilla.es\/index.php\/wp-json\/wp\/v2\/users\/50"}],"replies":[{"embeddable":true,"href":"https:\/\/lacronicadesevilla.es\/index.php\/wp-json\/wp\/v2\/comments?post=3679"}],"version-history":[{"count":17,"href":"https:\/\/lacronicadesevilla.es\/index.php\/wp-json\/wp\/v2\/posts\/3679\/revisions"}],"predecessor-version":[{"id":3723,"href":"https:\/\/lacronicadesevilla.es\/index.php\/wp-json\/wp\/v2\/posts\/3679\/revisions\/3723"}],"wp:attachment":[{"href":"https:\/\/lacronicadesevilla.es\/index.php\/wp-json\/wp\/v2\/media?parent=3679"}],"wp:term":[{"taxonomy":"category","embeddable":true,"href":"https:\/\/lacronicadesevilla.es\/index.php\/wp-json\/wp\/v2\/categories?post=3679"},{"taxonomy":"post_tag","embeddable":true,"href":"https:\/\/lacronicadesevilla.es\/index.php\/wp-json\/wp\/v2\/tags?post=3679"}],"curies":[{"name":"wp","href":"https:\/\/api.w.org\/{rel}","templated":true}]}}