{"id":3773,"date":"2020-07-09T11:01:42","date_gmt":"2020-07-09T10:01:42","guid":{"rendered":"http:\/\/lacronicadesevilla.es\/?p=3773"},"modified":"2020-07-09T11:19:13","modified_gmt":"2020-07-09T10:19:13","slug":"superando-momentos-dificiles-el-mensaje-en-la-portada-de-la-cronica-de-sevilla","status":"publish","type":"post","link":"https:\/\/lacronicadesevilla.es\/index.php\/2020\/07\/09\/superando-momentos-dificiles-el-mensaje-en-la-portada-de-la-cronica-de-sevilla\/","title":{"rendered":"Superando momentos dif\u00edciles, el mensaje en la portada de La Cr\u00f3nica de Sevilla"},"content":{"rendered":"<p>Inma MART\u00cdN \/ Directora de La Cr\u00f3nica de Sevilla<\/p>\n<p>Superando momentos dif\u00edciles es el mensaje que lleva en portada este nuevo n\u00famero de la revista <a href=\"https:\/\/issuu.com\/lacronicadesevilla\" target=\"_blank\"><strong>La Cr\u00f3nica de Sevilla<\/strong><\/a>. Lo estamos consiguiendo, pero hemos de admitir que el 2020 est\u00e1 siendo un a\u00f1o duro, un a\u00f1o que no olvidaremos.\u00a0<!--more--><\/p>\n<p><img loading=\"lazy\" decoding=\"async\" class=\"alignright wp-image-3780\" src=\"http:\/\/lacronicadesevilla.es\/wp-content\/uploads\/2020\/05\/portada-23-noticia.jpg\" alt=\"portada-23-noticia\" width=\"390\" height=\"548\" srcset=\"https:\/\/lacronicadesevilla.es\/wp-content\/uploads\/2020\/05\/portada-23-noticia.jpg 425w, https:\/\/lacronicadesevilla.es\/wp-content\/uploads\/2020\/05\/portada-23-noticia-214x300.jpg 214w, https:\/\/lacronicadesevilla.es\/wp-content\/uploads\/2020\/05\/portada-23-noticia-249x350.jpg 249w, https:\/\/lacronicadesevilla.es\/wp-content\/uploads\/2020\/05\/portada-23-noticia-107x150.jpg 107w\" sizes=\"auto, (max-width: 390px) 100vw, 390px\" \/>Las consecuencias de la crisis sanitaria y econ\u00f3mica provocada por el <strong><a href=\"https:\/\/issuu.com\/lacronicadesevilla\/docs\/cronica-sevilla-23\/6\" target=\"_blank\">coronavirus<\/a><\/strong> se han hecho patente en, pr\u00e1cticamente, todo el mundo. Han fallecido demasiadas personas, y en Sevilla la pandemia nos ha dejado sin Semana Santa, sin Feria y sin abrazos. Pero m\u00e1s all\u00e1 de esta situaci\u00f3n, estar\u00e1 la luz.<\/p>\n<p>Adem\u00e1s de abordar esta noticia, este n\u00famero incluye temas importantes como la adopci\u00f3n de animales, especialmente de aquellos <strong><a href=\"https:\/\/issuu.com\/lacronicadesevilla\/docs\/cronica-sevilla-23\/8\" target=\"_blank\">galgos<\/a><\/strong> que son abandonados una vez que finaliza la temporada de caza, y a los que la <strong>fundaci\u00f3n Benjam\u00edn\u00a0Mehnert<\/strong> busca un hogar.<\/p>\n<p>Tambi\u00e9n dedicamos un art\u00edculo a las <strong><a href=\"https:\/\/issuu.com\/lacronicadesevilla\/docs\/cronica-sevilla-23\/10\" target=\"_blank\">especies invasoras<\/a><\/strong>, como es el caso de la cotorra de Cramer o el cangrejo rojo americano, que desequilibran los ecosistemas locales en la provincia de Sevilla.<\/p>\n<p>Otro art\u00edculo relacionado con el medioambiente es el reportaje sobre la belleza del <strong><a href=\"https:\/\/issuu.com\/lacronicadesevilla\/docs\/cronica-sevilla-23\/9\" target=\"_blank\">Land Art<\/a>,<\/strong> que emplea materiales de la naturaleza, como ramas, hojas o lianas, para hacer obras de arte. En Espa\u00f1a, estas instalaciones se pueden apreciar en \u00c1vila, C\u00e1diz y Madrid.<\/p>\n<p>Entrevistamos a <strong><a href=\"https:\/\/issuu.com\/lacronicadesevilla\/docs\/cronica-sevilla-23\/4\" target=\"_blank\">Elena Cabezas<\/a><\/strong>, presidenta de los Scouts en Espa\u00f1a, quien nos acerca a este movimiento social, donde lo j\u00f3venes son \u00abeducados en valores y en servicio a su comunidad\u00bb.<\/p>\n<p>La secci\u00f3n Internacional propone un viaje a <strong><a href=\"https:\/\/issuu.com\/lacronicadesevilla\/docs\/cronica-sevilla-23\/3\" target=\"_blank\">Ruman\u00eda<\/a><\/strong> para conocer su cultura, sus edificios y sus grandes bosques. Adem\u00e1s de su gastronom\u00eda, protagonizada por los <em>mici<\/em> o rollitos de carne picada a la parrilla, y sus grandes atractivos tur\u00edsticos: el Castillo de Bran y el Bosque de las Estacas, ligados a la <strong>leyenda del Conde Dr\u00e1cula<\/strong>.<\/p>\n<p>Por \u00faltimo, damos visibilidad a los <strong><a href=\"https:\/\/issuu.com\/lacronicadesevilla\/docs\/cronica-sevilla-23\/s\/10552006\" target=\"_blank\">deportes minoritarios<\/a><\/strong> que se practican en la provincia como <strong>el b\u00e1dminton, el patinaje y el rugby<\/strong>. Precisamente, <strong>las Cocodrilas<\/strong>, el equipo de rugby femenino del club universitario de Sevilla, acaban de ganar la Liga. \u00a1Bien por vosotras, Cocos!<\/p>\n","protected":false},"excerpt":{"rendered":"<p>Inma MART\u00cdN \/ Directora de La Cr\u00f3nica de Sevilla Superando momentos dif\u00edciles es el mensaje que lleva en portada este nuevo n\u00famero de la revista La Cr\u00f3nica de Sevilla. Lo estamos consiguiendo, pero hemos de admitir que el 2020 est\u00e1 siendo un a\u00f1o duro, un a\u00f1o que no olvidaremos.\u00a0 <a class=\"continue-reading-link\" href=\"https:\/\/lacronicadesevilla.es\/index.php\/2020\/07\/09\/superando-momentos-dificiles-el-mensaje-en-la-portada-de-la-cronica-de-sevilla\/\"><\/a><\/p>\n","protected":false},"author":1,"featured_media":0,"comment_status":"closed","ping_status":"closed","sticky":false,"template":"","format":"standard","meta":{"footnotes":""},"categories":[14],"tags":[],"class_list":["post-3773","post","type-post","status-publish","format-standard","hentry","category-comunicacion"],"_links":{"self":[{"href":"https:\/\/lacronicadesevilla.es\/index.php\/wp-json\/wp\/v2\/posts\/3773","targetHints":{"allow":["GET"]}}],"collection":[{"href":"https:\/\/lacronicadesevilla.es\/index.php\/wp-json\/wp\/v2\/posts"}],"about":[{"href":"https:\/\/lacronicadesevilla.es\/index.php\/wp-json\/wp\/v2\/types\/post"}],"author":[{"embeddable":true,"href":"https:\/\/lacronicadesevilla.es\/index.php\/wp-json\/wp\/v2\/users\/1"}],"replies":[{"embeddable":true,"href":"https:\/\/lacronicadesevilla.es\/index.php\/wp-json\/wp\/v2\/comments?post=3773"}],"version-history":[{"count":21,"href":"https:\/\/lacronicadesevilla.es\/index.php\/wp-json\/wp\/v2\/posts\/3773\/revisions"}],"predecessor-version":[{"id":3807,"href":"https:\/\/lacronicadesevilla.es\/index.php\/wp-json\/wp\/v2\/posts\/3773\/revisions\/3807"}],"wp:attachment":[{"href":"https:\/\/lacronicadesevilla.es\/index.php\/wp-json\/wp\/v2\/media?parent=3773"}],"wp:term":[{"taxonomy":"category","embeddable":true,"href":"https:\/\/lacronicadesevilla.es\/index.php\/wp-json\/wp\/v2\/categories?post=3773"},{"taxonomy":"post_tag","embeddable":true,"href":"https:\/\/lacronicadesevilla.es\/index.php\/wp-json\/wp\/v2\/tags?post=3773"}],"curies":[{"name":"wp","href":"https:\/\/api.w.org\/{rel}","templated":true}]}}