{"id":38,"date":"2016-10-05T11:10:41","date_gmt":"2016-10-05T10:10:41","guid":{"rendered":"http:\/\/lacronicadesevilla.es\/?p=38"},"modified":"2016-10-21T08:29:45","modified_gmt":"2016-10-21T07:29:45","slug":"curadas-de-espanto-una-tienda-que-piensa-en-las-mujeres-con-cancer","status":"publish","type":"post","link":"https:\/\/lacronicadesevilla.es\/index.php\/2016\/10\/05\/curadas-de-espanto-una-tienda-que-piensa-en-las-mujeres-con-cancer\/","title":{"rendered":"CURADAS de espanto, una tienda que piensa en las mujeres con C\u00c1NCER"},"content":{"rendered":"<p><span style=\"color: #808080;\"><img loading=\"lazy\" decoding=\"async\" class=\"wp-image-40 size-medium alignleft\" src=\"http:\/\/lacronicadesevilla.es\/wp-content\/uploads\/2016\/10\/curadas-1-300x225.jpg\" alt=\"curadas-1\" width=\"300\" height=\"225\" srcset=\"https:\/\/lacronicadesevilla.es\/wp-content\/uploads\/2016\/10\/curadas-1-300x225.jpg 300w, https:\/\/lacronicadesevilla.es\/wp-content\/uploads\/2016\/10\/curadas-1-467x350.jpg 467w, https:\/\/lacronicadesevilla.es\/wp-content\/uploads\/2016\/10\/curadas-1-150x112.jpg 150w, https:\/\/lacronicadesevilla.es\/wp-content\/uploads\/2016\/10\/curadas-1.jpg 495w\" sizes=\"auto, (max-width: 300px) 100vw, 300px\" \/>Sara GIL<\/span><\/p>\n<p><strong>Curadas de Espanto<\/strong> es una tienda especialmente creada para ayudar a las mujeres que padecen o han padecido <strong>c\u00e1ncer<\/strong>. Actualmente existen muchos avances m\u00e9dicos: cirug\u00eda, tratamientos locales, medicaci\u00f3n, una alimentaci\u00f3n especial, etc. Pero se piensa poco en el d\u00eda a d\u00eda de estas mujeres.<!--more--><\/p>\n<p>Este comercio, ubicado en la calle Francos de Sevilla, naci\u00f3 a ra\u00edz de las limitaciones que tienen las mujeres con c\u00e1ncer dentro del mercado actual, ya que para comprar unos productos concretos ten\u00edan que visitar diferentes establecimientos. El objetivo de este proyecto es aglutinar en una sola tienda una amplia gama de art\u00edculos de <strong>moda<\/strong> y <strong>belleza<\/strong>, que se adapta a todo tipo de p\u00fablico, ya que aunque est\u00e9n destinados a las mujeres con c\u00e1ncer, tambi\u00e9n se adaptan a todo tipo de mujer.<\/p>\n<p>Tras una operaci\u00f3n quir\u00fargica, est\u00e1s mujeres se encuentran m\u00e1s d\u00e9biles, o bien ven limitada su movilidad, por lo que necesitan ropa y lencer\u00eda m\u00e1s amplia, ligera y que se abroche por delante para poder vestirse con mayor facilidad. Y este tipo de prendas adaptadas se pueden adquirir en Curadas de Espanto.<\/p>\n<p>Muchas de ellas tambi\u00e9n pierden el pelo con la quimioterapia, motivo por el cual deciden cubrir su cabeza con un pa\u00f1uelo, o usar una peluca. Adem\u00e1s, no pueden utilizar cualquier cosm\u00e9tico ya que, normalmente, tienen la piel m\u00e1s delicada como consecuencia de los tratamientos. Y prefieren emplear maquillajes m\u00e1s suaves. Pues bien, estos art\u00edculos est\u00e1n a la venta en la tienda y, adem\u00e1s, siguiendo la moda; para que estas mujeres se sientan c\u00f3modas y guapas, a pesar de las secuelas del c\u00e1ncer.<\/p>\n<p>Tambi\u00e9n se organizan charlas sobre el c\u00e1ncer, creando as\u00ed un espacio donde se puede hablar de la enfermedad con naturalidad, tratando los aspectos m\u00e9dicos junto a los an\u00edmicos y est\u00e9ticos, y haciendo que la mujer sepa que no est\u00e1 sola ante tal situaci\u00f3n.<\/p>\n<p><strong>Saben de lo que hablan<\/strong><br \/>\nChiqui Dom\u00ednguez, Rosa Mar Prieto-Castro y Marina Sanz son las tres empresarias que han puesto en marcha esta tienda, que asumen como un proyecto de fuerza y energ\u00eda. Rosa Mar y Marina han tenido c\u00e1ncer de mama, y se tuvieron que enfrentar a una mastectom\u00eda, y a quimioterapia y radioterapia. Ademas, Chiqui convive con esclerosis m\u00faltiple desde el diagn\u00f3stico en 1991. Pero la enfermedad no ha podido con ellas y aportan su importante granito de arena con este negocio tan necesario en la ciudad.<\/p>\n<p>Normalmente cuando una persona se entera de que tiene c\u00e1ncer, la primera sensaci\u00f3n que tiene es que se le cae el mundo encima. Si se trata de una mujer y de un c\u00e1ncer de mama adem\u00e1s de la preocupaci\u00f3n por la salud se le suma la frustraci\u00f3n de su imagen. As\u00ed, muchas de ellas se tienen que enfrentar a una mastectom\u00eda, por lo que pierden un pecho; o bien se les cae el pelo debido a la quimioterapia. Es decir, se ven afectados dos rasgos propios de la feminidad; lo cual pude perjudicar la autoestima de la mujer.<\/p>\n<p>En este sentido, Curadas de Espanto pretende poner al alcance de estas mujeres art\u00edculos varios: ropa, lencer\u00eda, ba\u00f1adores, cosm\u00e9ticos, maquillaje, complementos&#8230; para que cuiden su imagen con productos pensados en sus necesidades, y a la \u00faltima moda.<\/p>\n<p>Sobre la importancia del aspecto f\u00edsico, Marina, una de las propietarias, afirma desde su propia experiencia que \u201ca veces al vestirse, una piensa: \u00bfQu\u00e9 me puedo poner para que no me pregunten? No es por ocultar la enfermedad, sino porque no siempre te gusta hablar del mismo tema.\u201d<\/p>\n<p>&nbsp;<\/p>\n","protected":false},"excerpt":{"rendered":"<p>Sara GIL Curadas de Espanto es una tienda especialmente creada para ayudar a las mujeres que padecen o han padecido c\u00e1ncer. Actualmente existen muchos avances m\u00e9dicos: cirug\u00eda, tratamientos locales, medicaci\u00f3n, una alimentaci\u00f3n especial, etc. Pero se piensa poco en el d\u00eda a d\u00eda de estas mujeres. <a class=\"continue-reading-link\" href=\"https:\/\/lacronicadesevilla.es\/index.php\/2016\/10\/05\/curadas-de-espanto-una-tienda-que-piensa-en-las-mujeres-con-cancer\/\"><\/a><\/p>\n","protected":false},"author":1,"featured_media":0,"comment_status":"closed","ping_status":"closed","sticky":false,"template":"","format":"standard","meta":{"footnotes":""},"categories":[11],"tags":[16,21,19,20,18,17],"class_list":["post-38","post","type-post","status-publish","format-standard","hentry","category-salud","tag-cancer","tag-cosmetica","tag-mujeres","tag-quimioterapia","tag-sevilla","tag-tienda"],"_links":{"self":[{"href":"https:\/\/lacronicadesevilla.es\/index.php\/wp-json\/wp\/v2\/posts\/38","targetHints":{"allow":["GET"]}}],"collection":[{"href":"https:\/\/lacronicadesevilla.es\/index.php\/wp-json\/wp\/v2\/posts"}],"about":[{"href":"https:\/\/lacronicadesevilla.es\/index.php\/wp-json\/wp\/v2\/types\/post"}],"author":[{"embeddable":true,"href":"https:\/\/lacronicadesevilla.es\/index.php\/wp-json\/wp\/v2\/users\/1"}],"replies":[{"embeddable":true,"href":"https:\/\/lacronicadesevilla.es\/index.php\/wp-json\/wp\/v2\/comments?post=38"}],"version-history":[{"count":6,"href":"https:\/\/lacronicadesevilla.es\/index.php\/wp-json\/wp\/v2\/posts\/38\/revisions"}],"predecessor-version":[{"id":147,"href":"https:\/\/lacronicadesevilla.es\/index.php\/wp-json\/wp\/v2\/posts\/38\/revisions\/147"}],"wp:attachment":[{"href":"https:\/\/lacronicadesevilla.es\/index.php\/wp-json\/wp\/v2\/media?parent=38"}],"wp:term":[{"taxonomy":"category","embeddable":true,"href":"https:\/\/lacronicadesevilla.es\/index.php\/wp-json\/wp\/v2\/categories?post=38"},{"taxonomy":"post_tag","embeddable":true,"href":"https:\/\/lacronicadesevilla.es\/index.php\/wp-json\/wp\/v2\/tags?post=38"}],"curies":[{"name":"wp","href":"https:\/\/api.w.org\/{rel}","templated":true}]}}