{"id":3923,"date":"2020-04-16T12:53:45","date_gmt":"2020-04-16T11:53:45","guid":{"rendered":"http:\/\/lacronicadesevilla.es\/?p=3923"},"modified":"2020-12-18T13:01:11","modified_gmt":"2020-12-18T12:01:11","slug":"los-estudiantes-de-musica-quieren-que-sea-considerada-una-carrera-universitaria","status":"publish","type":"post","link":"https:\/\/lacronicadesevilla.es\/index.php\/2020\/04\/16\/los-estudiantes-de-musica-quieren-que-sea-considerada-una-carrera-universitaria\/","title":{"rendered":"Estudiantes del Conservatorio de Sevilla quieren que M\u00fasica se considere un grado universitario"},"content":{"rendered":"<div id=\"attachment_3956\" style=\"width: 460px\" class=\"wp-caption alignright\"><img loading=\"lazy\" decoding=\"async\" aria-describedby=\"caption-attachment-3956\" class=\"wp-image-3956 size-full\" src=\"http:\/\/lacronicadesevilla.es\/wp-content\/uploads\/2020\/12\/conservatorio-sevilla.jpg\" alt=\"Interior del conservatorio de Sevilla\" width=\"450\" height=\"369\" srcset=\"https:\/\/lacronicadesevilla.es\/wp-content\/uploads\/2020\/12\/conservatorio-sevilla.jpg 450w, https:\/\/lacronicadesevilla.es\/wp-content\/uploads\/2020\/12\/conservatorio-sevilla-300x246.jpg 300w, https:\/\/lacronicadesevilla.es\/wp-content\/uploads\/2020\/12\/conservatorio-sevilla-427x350.jpg 427w, https:\/\/lacronicadesevilla.es\/wp-content\/uploads\/2020\/12\/conservatorio-sevilla-150x123.jpg 150w\" sizes=\"auto, (max-width: 450px) 100vw, 450px\" \/><p id=\"caption-attachment-3956\" class=\"wp-caption-text\">Interior del Conservatorio de M\u00fasica de Sevilla<\/p><\/div>\n<p>Lorena M. RODR\u00cdGUEZ<\/p>\n<p><span style=\"font-weight: 400;\">Hoy en d\u00eda, existe una\u00a0amplia oferta acad\u00e9mica en las <strong>universidades y centros de formaci\u00f3n profesional<\/strong>, con el cometido de formar de manera espec\u00edfica a los estudiantes. Esto permite a los alumnos tener un cat\u00e1logo completo de oportunidades para encaminar su futuro profesional hacia el sector con el que sientan identificados.<\/span><!--more--><\/p>\n<p><span style=\"font-weight: 400;\">Dentro de esta oferta universitaria hay una disciplina que no forma parte del listado: la <strong>m\u00fasica<\/strong>. Los j\u00f3venes que deciden dedicarse profesionalmente a esta carrera deben hacerlo estudiando en el Conservatorio Superior, al que se accede tras una prueba de acceso distinta a la selectividad. Esta es una de las distinciones acad\u00e9micas de unos estudios que exigen un gran esfuerzo y dedicaci\u00f3n.<\/span><\/p>\n<p><span style=\"font-weight: 400;\">\u201cEs una formaci\u00f3n dura como para que no est\u00e9 considerada o catalogada como una carrera\u201d, argumenta Mar\u00eda S\u00e1nchez, estudiante de piano y composici\u00f3n en el Conservatorio Superior de Sevilla. Para ella, la m\u00fasica ha estado presente en su vida desde el primer momento. Dedicarse profesionalmente a la m\u00fasica no fue una decisi\u00f3n f\u00e1cil de asimilar para su familia, \u201cal principio era muy bonito que la ni\u00f1a estudiara piano, pero despu\u00e9s que pases de ser m\u00e9dico a pianista es dif\u00edcil para tu familia\u201d. A\u00fan as\u00ed, le apoyaron y dos a\u00f1os despu\u00e9s se sienten tremendamente orgullosos de su hija quien, adem\u00e1s de estudiar, da clases de m\u00fasica a ni\u00f1os en el conservatorio.\u00a0\u00a0<\/span><\/p>\n<p>Pero toda recompensa requiere su esfuerzo, y la m\u00fasica no es una excepci\u00f3n. Los tres bloques principales de formaci\u00f3n, que suelen comenzar a los ocho a\u00f1os, requieren un total de catorce a\u00f1os para completarse, y despu\u00e9s se debe cursar <strong>un m\u00e1ster para poder acceder a la mayor\u00eda de las oposiciones<\/strong>. Durante ese periodo los alumnos deben dedicar bastante tiempo a estudiar y preparar audiciones o pruebas. Para Mar\u00eda, \u201cprepararse una prueba de nivel es como unas oposiciones\u201d. Es una carrera que, adem\u00e1s de trabajo, requiere tambi\u00e9n de una gran pasi\u00f3n. Los estudiantes consultados coinciden en que\u00a0tienen un sentimiento muy fuerte de compromiso con esta carrera, a la que consideran una parte esencial de su vida.<\/p>\n<p>En contra\u00a0del aparente \u201cmiedo a vivir del arte\u201d que existe en Espa\u00f1a, la situaci\u00f3n es distinta en otras partes del mundo. En Latinoam\u00e9rica, por ejemplo, los estudios de m\u00fasica est\u00e1n considerados como una de las mejores carreras. El concertista Alejandro Alvarado, cubano de nacimiento, curs\u00f3 en su pa\u00eds natal los niveles elemental y medio de m\u00fasica, y cuando se mud\u00f3 a Espa\u00f1a para cursar estudios superiores not\u00f3 la diferencia, \u201cen Espa\u00f1a los estudios de m\u00fasica est\u00e1n muy infravalorados, mientras que en Cuba es algo impresionante\u201d.<\/p>\n<p>Al igual que en Latinoam\u00e9rica, en otros pa\u00edses de Europa los m\u00fasicos est\u00e1n muy bien considerados. La famosa concertista de piano Patricia Arauzo vivi\u00f3 esta experiencia cuando viaj\u00f3 a Budapest a completar sus estudios, \u201call\u00ed decir que eres m\u00fasico es como decir aqu\u00ed que eres cirujano neurol\u00f3gico\u201d. Patricia, que adem\u00e1s es profesora, afirma que la m\u00fasica deber\u00eda estar m\u00e1s presente en la educaci\u00f3n de los ni\u00f1os para que se convierta en una actividad cultural m\u00e1s como, por ejemplo, el cine. Aun as\u00ed, se muestra optimista ante la buena formaci\u00f3n de la que disponen las nuevas generaciones de j\u00f3venes.<\/p>\n<p><strong>La m\u00fasica favorece la inteligencia y la memoria<br \/>\n<\/strong><span style=\"font-weight: 400;\">Una prueba de lo que la m\u00fasica representa en la sociedad actual es un anuncio publicitario en el que el protagonista pronuncia la frase: \u201cPap\u00e1, quiero dejar los estudios para centrarme en la m\u00fasica\u201d.<span style=\"color: #333333;\">\u00a0<\/span><\/span><span style=\"font-weight: 400;\"><span style=\"color: #333333;\">Los estudiantes consultados<\/span>\u00a0coinciden en <\/span><span style=\"font-weight: 400;\">que el anuncio es del todo inadecuado, y fomenta\u00a0la idea\u00a0que muestra a los m\u00fasicos como personas que no tienen una verdadera carrera.\u00a0<\/span><\/p>\n<p>La m\u00fasica forma parte de nuestra vida, nos ayuda a expresarnos, a relajarnos y a \u201casentar nuestras ideas\u201d, dice la pianista Patricia Arauzo. Hay estudios, como el realizado por la Universidad de California en 1993,\u00a0 que demuestran que la m\u00fasica favorece el desarrollo personal, la inteligencia y la capacidad de memoria. Por todo ello, por su presencia y tradici\u00f3n hist\u00f3rica, deber\u00eda ser considerada y consolidada como parte esencial de la cultura y la educaci\u00f3n b\u00e1sicas, y animar a todos aquellos que lo deseen a descubrirla en la profundidad que crean conveniente, sin miedo, ya que, como expresa Mar\u00eda Sanchez, \u201cla m\u00fasica acoge a todo el mundo\u201d.<\/p>\n<p>&nbsp;<\/p>\n","protected":false},"excerpt":{"rendered":"<p>Lorena M. RODR\u00cdGUEZ Hoy en d\u00eda, existe una\u00a0amplia oferta acad\u00e9mica en las universidades y centros de formaci\u00f3n profesional, con el cometido de formar de manera espec\u00edfica a los estudiantes. Esto permite a los alumnos tener un cat\u00e1logo completo de oportunidades para encaminar su futuro profesional hacia el sector con el\u2026 <a class=\"continue-reading-link\" href=\"https:\/\/lacronicadesevilla.es\/index.php\/2020\/04\/16\/los-estudiantes-de-musica-quieren-que-sea-considerada-una-carrera-universitaria\/\"><\/a><\/p>\n","protected":false},"author":1,"featured_media":0,"comment_status":"closed","ping_status":"closed","sticky":false,"template":"","format":"standard","meta":{"footnotes":""},"categories":[12],"tags":[],"class_list":["post-3923","post","type-post","status-publish","format-standard","hentry","category-cultura"],"_links":{"self":[{"href":"https:\/\/lacronicadesevilla.es\/index.php\/wp-json\/wp\/v2\/posts\/3923","targetHints":{"allow":["GET"]}}],"collection":[{"href":"https:\/\/lacronicadesevilla.es\/index.php\/wp-json\/wp\/v2\/posts"}],"about":[{"href":"https:\/\/lacronicadesevilla.es\/index.php\/wp-json\/wp\/v2\/types\/post"}],"author":[{"embeddable":true,"href":"https:\/\/lacronicadesevilla.es\/index.php\/wp-json\/wp\/v2\/users\/1"}],"replies":[{"embeddable":true,"href":"https:\/\/lacronicadesevilla.es\/index.php\/wp-json\/wp\/v2\/comments?post=3923"}],"version-history":[{"count":19,"href":"https:\/\/lacronicadesevilla.es\/index.php\/wp-json\/wp\/v2\/posts\/3923\/revisions"}],"predecessor-version":[{"id":3992,"href":"https:\/\/lacronicadesevilla.es\/index.php\/wp-json\/wp\/v2\/posts\/3923\/revisions\/3992"}],"wp:attachment":[{"href":"https:\/\/lacronicadesevilla.es\/index.php\/wp-json\/wp\/v2\/media?parent=3923"}],"wp:term":[{"taxonomy":"category","embeddable":true,"href":"https:\/\/lacronicadesevilla.es\/index.php\/wp-json\/wp\/v2\/categories?post=3923"},{"taxonomy":"post_tag","embeddable":true,"href":"https:\/\/lacronicadesevilla.es\/index.php\/wp-json\/wp\/v2\/tags?post=3923"}],"curies":[{"name":"wp","href":"https:\/\/api.w.org\/{rel}","templated":true}]}}