{"id":3933,"date":"2020-12-11T11:20:16","date_gmt":"2020-12-11T10:20:16","guid":{"rendered":"http:\/\/lacronicadesevilla.es\/?p=3933"},"modified":"2020-12-16T18:39:43","modified_gmt":"2020-12-16T17:39:43","slug":"moda-sostenible-un-cambio-de-habitos-para-preservar-la-tierra","status":"publish","type":"post","link":"https:\/\/lacronicadesevilla.es\/index.php\/2020\/12\/11\/moda-sostenible-un-cambio-de-habitos-para-preservar-la-tierra\/","title":{"rendered":"Moda sostenible, un cambio de h\u00e1bitos para preservar la Tierra"},"content":{"rendered":"<div id=\"attachment_3935\" style=\"width: 560px\" class=\"wp-caption alignright\"><img loading=\"lazy\" decoding=\"async\" aria-describedby=\"caption-attachment-3935\" class=\"wp-image-3935 size-full\" src=\"http:\/\/lacronicadesevilla.es\/wp-content\/uploads\/2020\/12\/verde-moscu-tienda.jpg\" alt=\"Fachada de la tienda de moda sostenible Verde Mosc\u00fa\" width=\"550\" height=\"311\" srcset=\"https:\/\/lacronicadesevilla.es\/wp-content\/uploads\/2020\/12\/verde-moscu-tienda.jpg 550w, https:\/\/lacronicadesevilla.es\/wp-content\/uploads\/2020\/12\/verde-moscu-tienda-300x170.jpg 300w, https:\/\/lacronicadesevilla.es\/wp-content\/uploads\/2020\/12\/verde-moscu-tienda-150x85.jpg 150w\" sizes=\"auto, (max-width: 550px) 100vw, 550px\" \/><p id=\"caption-attachment-3935\" class=\"wp-caption-text\">Tienda de moda sostenible Verde Mosc\u00fa en Sevilla<\/p><\/div>\n<p>Consuelo SOUSA<\/p>\n<p><span style=\"font-weight: 400;\">La industria textil est\u00e1 catalogada como la segunda m\u00e1s contaminante del planeta, por lo que buscar alternativas es casi una obligaci\u00f3n. <\/span><br \/>\n<!--more--><\/p>\n<p>En el sector de la moda, tenemos dos vertientes. Por un lado, el <strong><em>fast fashion<\/em> o moda r\u00e1pida<\/strong>, asociada al consumo de ropa de manera fren\u00e9tica, provocando as\u00ed un gran problema para el planeta. Y, por otro lado, est\u00e1 la <strong>moda sostenible o <em>slow fashion<\/em><\/strong>, cuya producci\u00f3n se preocupa por el impacto medioambiental, social y econ\u00f3mico.<\/p>\n<p><span style=\"font-weight: 400;\">Para entender el concepto de moda sostenible, hay que comprender primero lo que no es. El <em>fast fashion<\/em> o moda r\u00e1pida ha provocado que las personas tengan la necesidad de comprar enormes cantidades de ropa, aunque sea innecesaria. Existen miles de prendas baratas a nuestro alcance, pero tambi\u00e9n de baja calidad. Estos dos conceptos, mencionados anteriormente, hacen que entremos en un bucle continuo de comprar, usar y tirar.<\/span><\/p>\n<p><span style=\"font-weight: 400;\">La moda sostenible se basa en tres pilares fundamentales: minimizar el impacto medioambiental, garantizar los derechos laborales, y establecer una econom\u00eda circular. Estas tres ideas son fundamentales para lograr una sostenibilidad a largo plazo y conseguir cambiar el modelo de consumo actual.<\/span><\/p>\n<p><b>Producir menos para consumir mejor<br \/>\n<\/b><span style=\"font-weight: 400;\">Uno de los grandes retos de la moda sostenible es crear prendas atemporales y de calidad, con la \u00fanica finalidad de producir menos y mejor, para poder consumir menos y mejor. Es cierto que las prendas <em>slow<\/em> tienen un coste m\u00e1s elevado, pero eso se debe a que las materias primas con las que se fabrican est\u00e1n seleccionadas atendiendo a unos criterios acordes a la filosof\u00eda que promueve la moda sostenible, pensando no solo en reducir su impacto negativo, sino en aportar un impacto positivo<\/span><span style=\"font-weight: 400;\">.<\/span><\/p>\n<p>En \u2018Verde Mosc\u00fa\u2019, marca sostenible sevillana, cumplen con los criterios anteriormente mencionados. Apuestan por dise\u00f1os contempor\u00e1neos, con materiales y fibras org\u00e1nicas de gran calidad, y con un proceso de producci\u00f3n sostenible. Y sobre todo, respetuoso con los derechos de las personas, seg\u00fan explica Manu Garc\u00eda, uno de los fundadores de esta marca.<\/p>\n<p><span style=\"font-weight: 400;\">Aunque la moda sostenible est\u00e1 cada vez m\u00e1s presente entre nosotros, a\u00fan hay mucha gente que, o bien no sabe lo que es, o es reacia a comprar estas prendas, porque tienen la idea de que son de estilo hippie. Manu, de &#8216;Verde Mosc\u00fa&#8217;, indica que hasta no hace mucho a la prendas sostenibles se las tachaba de ser \u2018hippies\u2019 como argumento para desvalorizarlas. Pero nada m\u00e1s lejos de la realidad. Podemos encontrar muy buenos dise\u00f1os, de muchos estilos diferentes.\u00a0<\/span><\/p>\n<p><span style=\"font-weight: 400;\">Los materiales m\u00e1s utilizados en el <em>slow fashion<\/em> son el <strong>algod\u00f3n org\u00e1nico<\/strong>, siempre y cuando est\u00e9 cultivado en tierras libres de cualquier sustancia t\u00f3xica; el lyocell, que es una fibra natural que se produce a partir de la madera de \u00e1rboles de eucalipto; y otros materiales, como <strong>el lino org\u00e1nico y la lana org\u00e1nica<\/strong>. Adem\u00e1s, tambi\u00e9n se usan materiales sint\u00e9ticos reciclados, como el poli\u00e9ster, fomentando as\u00ed el <em>upcycling<\/em>.\u00a0<\/span><\/p>\n<p><span style=\"font-weight: 400;\">E<\/span><span style=\"font-weight: 400;\">l concepto de\u00a0<strong><em>upcycling<\/em><\/strong>, seg\u00fan Javi Ros, fundador de la marca \u2018Guasinei\u2019, tambi\u00e9n es conocido como supra-reciclaje, y consiste en aprovechar materiales reciclables para hacer nuevos productos con un valor superior que el del material original. Por ejemplo, las botellas de pl\u00e1stico que se reciclan se funden para crear la fibra textil del poli\u00e9ster, y, posteriormente, crear prendas con esas fibras, que tendr\u00e1n un mayor valor que la botella de pl\u00e1stico de origen.<\/span><\/p>\n<p><span style=\"font-weight: 400;\">Desde el equipo de \u2018Guasinei&#8217; cuentan que uno de sus principales objetivos es hacer reflexionar a la poblaci\u00f3n para cambiar el actual modelo de consumo por uno que se adapte a los valores que promueve la moda sostenible. Adem\u00e1s, colaboran con colectivos desfavorecidos, comprando sus camisetas en la central de moda \u00e9tica Occhienia, situada en el Pol\u00edgono Sur de Sevilla, que emplea a mujeres, procur\u00e1ndoles una salida laboral.\u00a0<\/span><\/p>\n<p><span style=\"font-weight: 400;\">La relaci\u00f3n de los humanos con el planeta es rec\u00edproca. \u00c9l nos cuida, si nosotros lo cuidamos. Pero con el ritmo de vida y de consumo actual que promueve el <em>fast fashion<\/em> lo \u00fanico que hacemos es destrozar el lugar en el que vivimos. Los valores que fomenta la moda sostenible son los que tenemos que seguir para reducir la contaminaci\u00f3n provocada por la industria textil. Planeta no hay m\u00e1s que uno, y solo tenemos una oportunidad de mantenerlo vivo.\u00a0<\/span><\/p>\n","protected":false},"excerpt":{"rendered":"<p>Consuelo SOUSA La industria textil est\u00e1 catalogada como la segunda m\u00e1s contaminante del planeta, por lo que buscar alternativas es casi una obligaci\u00f3n. <a class=\"continue-reading-link\" href=\"https:\/\/lacronicadesevilla.es\/index.php\/2020\/12\/11\/moda-sostenible-un-cambio-de-habitos-para-preservar-la-tierra\/\"><\/a><\/p>\n","protected":false},"author":1,"featured_media":0,"comment_status":"closed","ping_status":"closed","sticky":false,"template":"","format":"standard","meta":{"footnotes":""},"categories":[10],"tags":[],"class_list":["post-3933","post","type-post","status-publish","format-standard","hentry","category-economia"],"_links":{"self":[{"href":"https:\/\/lacronicadesevilla.es\/index.php\/wp-json\/wp\/v2\/posts\/3933","targetHints":{"allow":["GET"]}}],"collection":[{"href":"https:\/\/lacronicadesevilla.es\/index.php\/wp-json\/wp\/v2\/posts"}],"about":[{"href":"https:\/\/lacronicadesevilla.es\/index.php\/wp-json\/wp\/v2\/types\/post"}],"author":[{"embeddable":true,"href":"https:\/\/lacronicadesevilla.es\/index.php\/wp-json\/wp\/v2\/users\/1"}],"replies":[{"embeddable":true,"href":"https:\/\/lacronicadesevilla.es\/index.php\/wp-json\/wp\/v2\/comments?post=3933"}],"version-history":[{"count":7,"href":"https:\/\/lacronicadesevilla.es\/index.php\/wp-json\/wp\/v2\/posts\/3933\/revisions"}],"predecessor-version":[{"id":3989,"href":"https:\/\/lacronicadesevilla.es\/index.php\/wp-json\/wp\/v2\/posts\/3933\/revisions\/3989"}],"wp:attachment":[{"href":"https:\/\/lacronicadesevilla.es\/index.php\/wp-json\/wp\/v2\/media?parent=3933"}],"wp:term":[{"taxonomy":"category","embeddable":true,"href":"https:\/\/lacronicadesevilla.es\/index.php\/wp-json\/wp\/v2\/categories?post=3933"},{"taxonomy":"post_tag","embeddable":true,"href":"https:\/\/lacronicadesevilla.es\/index.php\/wp-json\/wp\/v2\/tags?post=3933"}],"curies":[{"name":"wp","href":"https:\/\/api.w.org\/{rel}","templated":true}]}}