{"id":4351,"date":"2021-03-12T10:43:39","date_gmt":"2021-03-12T09:43:39","guid":{"rendered":"http:\/\/lacronicadesevilla.es\/?p=4351"},"modified":"2021-04-15T12:25:50","modified_gmt":"2021-04-15T11:25:50","slug":"la-moda-se-apoya-en-las-plataforma-online-para-sobrevivir-a-la-pandemia","status":"publish","type":"post","link":"https:\/\/lacronicadesevilla.es\/index.php\/2021\/03\/12\/la-moda-se-apoya-en-las-plataforma-online-para-sobrevivir-a-la-pandemia\/","title":{"rendered":"La industria de la moda se apoya en las plataformas online para sobrevivir a la pandemia"},"content":{"rendered":"<div id=\"attachment_4491\" style=\"width: 510px\" class=\"wp-caption alignright\"><img loading=\"lazy\" decoding=\"async\" aria-describedby=\"caption-attachment-4491\" class=\"size-full wp-image-4491\" src=\"http:\/\/lacronicadesevilla.es\/wp-content\/uploads\/2021\/03\/Fundacion-cajasol-desfile-moda-flamenca.jpg\" alt=\"Desfile de moda flamenca fundaci\u00f3n Caja Sol \/ Jaime MARTINEZ\" width=\"500\" height=\"333\" srcset=\"https:\/\/lacronicadesevilla.es\/wp-content\/uploads\/2021\/03\/Fundacion-cajasol-desfile-moda-flamenca.jpg 500w, https:\/\/lacronicadesevilla.es\/wp-content\/uploads\/2021\/03\/Fundacion-cajasol-desfile-moda-flamenca-300x200.jpg 300w, https:\/\/lacronicadesevilla.es\/wp-content\/uploads\/2021\/03\/Fundacion-cajasol-desfile-moda-flamenca-150x100.jpg 150w\" sizes=\"auto, (max-width: 500px) 100vw, 500px\" \/><p id=\"caption-attachment-4491\" class=\"wp-caption-text\">Desfile de moda flamenca \/ <a href=\"https:\/\/www.flickr.com\/photos\/fundacioncajasol\/45956029235\/\" target=\"_blank\">Jaime MARTINEZ<\/a><\/p><\/div>\n<p>Consuelo SOUSA \/ Lorena RODR\u00cdGUEZ<\/p>\n<p>La pandemia por Covid-19 ha acelerado\u00a0<strong>la digitalizaci\u00f3n de la industria de la moda<\/strong>. Ejemplo de ello son el importante incremento de la venta online, las <strong>pasarelas virtuales<\/strong>\u00a0o las retransmisiones en <em>streaming<\/em>.<!--more--><\/p>\n<p>Desde que comenz\u00f3 la pandemia en marzo de 2020, han estado en crisis diversas actividades hasta entonces de car\u00e1cter cotidiano, como sentarse a tomar un caf\u00e9 o ir a cenar a un restaurante. Sin embargo, en otros \u00e1mbitos esta situaci\u00f3n excepcional ha funcionado como empuj\u00f3n para generar un necesario cambio y un avance en la digitalizaci\u00f3n de los procesos. Y este es el caso de la moda.\u00a0<span style=\"font-weight: 400;\">\u201cCon la prisas del d\u00eda a d\u00eda, est\u00e1bamos dando pasos muy lentos, pero ahora con\u00a0m\u00e1s tiempo nos hemos dedicado m\u00e1s a nuestra web<\/span><span style=\"font-weight: 400;\">\u201d, explica<\/span><span style=\"font-weight: 400;\">\u00a0Roc\u00edo Montero, dise\u00f1adora de Lina, tradicional tienda flamenca de Sevilla, en relaci\u00f3n a este tema.\u00a0<\/span><\/p>\n<p style=\"text-align: justify;\"><span style=\"font-weight: 400;\">Hace tiempo que las grandes marcas de ropa ampliaron sus webs a\u00f1adiendo un servicio de venta online, que se alterna con la compra f\u00edsica. La imposibilidad de movernos de nuestros domicilios durante el confinamiento potenci\u00f3 los servicios virtuales con la ventaja de la calidad y la seguridad sanitaria que proporciona el comercio electr\u00f3nico. Y las marcas han tenido que adaptarse. Precisamente, Lina es un ejemplo de ello, pues\u00a0recientemente ha lanzado una colecci\u00f3n de <em>pret \u00e0 porter<\/em>, que se puede adquirir a trav\u00e9s de su web.<\/span><\/p>\n<p style=\"text-align: justify;\"><span style=\"font-weight: 400;\">La <strong>moda flamenca<\/strong> se ha apoyado en las plataformas digitales para sobrevivir a la crisis provocada por la pandemia. Un caso es el desfile online de &#8216;\u00daniqo Qlamenco&#8217;, que tuvo lugar en Sevilla en la <\/span><span style=\"font-weight: 400;\">C<\/span><span style=\"font-weight: 400;\">asa Fabiola-Donaci\u00f3n Mariano Bellver de manera presencial, pero sin p\u00fablico, y que posteriormente fue emitido en la plataforma Sevilla Visual TV. A trav\u00e9s de este mismo canal, SIMOF (Sal\u00f3n Internacional de Moda Flamenca) ha emitido los desfiles de la pasada edici\u00f3n 2020. Son otros formatos que han llegado para quedarse en la industria textil. Pues como indica Roc\u00edo Montero, \u201chabr\u00e1 una mezcla, y lo que preparas para el desfile virtual, tambi\u00e9n se utilizar\u00e1 despu\u00e9s de alguna manera en los eventos presenciales\u201d.\u00a0<\/span><\/p>\n<p style=\"text-align: justify;\"><span style=\"font-weight: 400;\">Otra historia es la de\u00a0M\u00f5nde, una peque\u00f1a tienda online de bisuter\u00eda ubicada en la localidad gaditana de\u00a0San Fernando. Ten\u00eda planeado abrir sus puertas justo antes del confinamiento. Debido a ello, la due\u00f1a del negocio, Maru Fernandez, explica c\u00f3mo tuvo que reinventarse desde cero para adaptarse a la situaci\u00f3n: \u201cempec\u00e9 a formarme en \u00a0posicionamiento web, porque comprend\u00ed que ese futuro ya se hab\u00eda convertido en presente\u201d. Y tiene raz\u00f3n. Las tecnolog\u00edas son y ser\u00e1n herramientas necesarias en la gesti\u00f3n, promoci\u00f3n y venta de los negocios del sector de la moda.<\/span><\/p>\n","protected":false},"excerpt":{"rendered":"<p>Consuelo SOUSA \/ Lorena RODR\u00cdGUEZ La pandemia por Covid-19 ha acelerado\u00a0la digitalizaci\u00f3n de la industria de la moda. Ejemplo de ello son el importante incremento de la venta online, las pasarelas virtuales\u00a0o las retransmisiones en streaming. <a class=\"continue-reading-link\" href=\"https:\/\/lacronicadesevilla.es\/index.php\/2021\/03\/12\/la-moda-se-apoya-en-las-plataforma-online-para-sobrevivir-a-la-pandemia\/\"><\/a><\/p>\n","protected":false},"author":50,"featured_media":0,"comment_status":"closed","ping_status":"closed","sticky":false,"template":"","format":"standard","meta":{"footnotes":""},"categories":[10,707],"tags":[660,448,85,24],"class_list":["post-4351","post","type-post","status-publish","format-standard","hentry","category-economia","category-especial-covid-19","tag-covid-19","tag-desfiles","tag-moda","tag-moda-flamenca"],"_links":{"self":[{"href":"https:\/\/lacronicadesevilla.es\/index.php\/wp-json\/wp\/v2\/posts\/4351","targetHints":{"allow":["GET"]}}],"collection":[{"href":"https:\/\/lacronicadesevilla.es\/index.php\/wp-json\/wp\/v2\/posts"}],"about":[{"href":"https:\/\/lacronicadesevilla.es\/index.php\/wp-json\/wp\/v2\/types\/post"}],"author":[{"embeddable":true,"href":"https:\/\/lacronicadesevilla.es\/index.php\/wp-json\/wp\/v2\/users\/50"}],"replies":[{"embeddable":true,"href":"https:\/\/lacronicadesevilla.es\/index.php\/wp-json\/wp\/v2\/comments?post=4351"}],"version-history":[{"count":29,"href":"https:\/\/lacronicadesevilla.es\/index.php\/wp-json\/wp\/v2\/posts\/4351\/revisions"}],"predecessor-version":[{"id":4573,"href":"https:\/\/lacronicadesevilla.es\/index.php\/wp-json\/wp\/v2\/posts\/4351\/revisions\/4573"}],"wp:attachment":[{"href":"https:\/\/lacronicadesevilla.es\/index.php\/wp-json\/wp\/v2\/media?parent=4351"}],"wp:term":[{"taxonomy":"category","embeddable":true,"href":"https:\/\/lacronicadesevilla.es\/index.php\/wp-json\/wp\/v2\/categories?post=4351"},{"taxonomy":"post_tag","embeddable":true,"href":"https:\/\/lacronicadesevilla.es\/index.php\/wp-json\/wp\/v2\/tags?post=4351"}],"curies":[{"name":"wp","href":"https:\/\/api.w.org\/{rel}","templated":true}]}}