{"id":4460,"date":"2021-03-10T12:35:58","date_gmt":"2021-03-10T11:35:58","guid":{"rendered":"http:\/\/lacronicadesevilla.es\/?p=4460"},"modified":"2021-03-12T11:08:25","modified_gmt":"2021-03-12T10:08:25","slug":"entrevista-a-auxi-ponce-y-reyes-carrasco-ganadoras-de-la-tercera-edicion-del-programa-tierra-de-talento","status":"publish","type":"post","link":"https:\/\/lacronicadesevilla.es\/index.php\/2021\/03\/10\/entrevista-a-auxi-ponce-y-reyes-carrasco-ganadoras-de-la-tercera-edicion-del-programa-tierra-de-talento\/","title":{"rendered":"Entrevista a Auxi Ponce y Reyes Carrasco, ganadoras del programa \u2018Tierra de Talento 3\u2019"},"content":{"rendered":"<p><span style=\"font-weight: 400;\">Paco MART\u00cdN-V\u00c1ZQUEZ<\/span><\/p>\n<p><span style=\"font-weight: 400;\"><strong>Auxi Ponce<\/strong>, de 18 a\u00f1os, y\u00a0<strong>Reyes Carrasco<\/strong>, de 14, son las ganadoras de la tercera temporada del\u00a0<\/span><i><span style=\"font-weight: 400;\">talent show<\/span><\/i><span style=\"font-weight: 400;\"><strong>\u00a0\u2018Tierra de Talento\u2019<\/strong>\u00a0emitido por\u00a0<strong>Canal Sur<\/strong>. Puede catalogarse como \u201cla edici\u00f3n de los r\u00e9cords\u201d por el gran nivel de exigencia de sus actuaciones y sus altos \u00edndices de audiencia, m\u00e1ximos hasta la fecha.<\/span><!--more--><\/p>\n<p>Ambas son sevillanas, con padres cantaores de flamenco y con pasado televisivo. Auxi debut\u00f3 en la peque\u00f1a pantalla en \u2018Fen\u00f3meno Fan\u2019 y Reyes en \u2018Menuda Noche\u2019, con cinco a\u00f1os de edad. Coinciden en que \u201csiempre han escuchado flamenco desde chicas en casa\u201d, sin embargo, se dedican a estilos musicales diferentes: el jazz y el flamenco.<\/p>\n<div id=\"attachment_4482\" style=\"width: 460px\" class=\"wp-caption alignright\"><img loading=\"lazy\" decoding=\"async\" aria-describedby=\"caption-attachment-4482\" class=\"wp-image-4482 size-full\" src=\"http:\/\/lacronicadesevilla.es\/wp-content\/uploads\/2021\/03\/auxi-ponce.jpg\" alt=\"Auxi Ponce en 'Tierra de Talento'\" width=\"450\" height=\"300\" srcset=\"https:\/\/lacronicadesevilla.es\/wp-content\/uploads\/2021\/03\/auxi-ponce.jpg 450w, https:\/\/lacronicadesevilla.es\/wp-content\/uploads\/2021\/03\/auxi-ponce-300x200.jpg 300w, https:\/\/lacronicadesevilla.es\/wp-content\/uploads\/2021\/03\/auxi-ponce-150x100.jpg 150w\" sizes=\"auto, (max-width: 450px) 100vw, 450px\" \/><p id=\"caption-attachment-4482\" class=\"wp-caption-text\">Auxi Ponce durante la final del concurso &#8216;Tierra de Talento&#8217;<\/p><\/div>\n<p><span style=\"color: #333333;\"><b><span style=\"text-decoration: underline;\">Auxi Ponce: \u201cImpresiona mucho que los artistas te hablen con admiraci\u00f3n porque, al final, yo soy una chica que canta en casa<\/span>\u201d<br \/>\n<\/b><\/span><br \/>\nNatural de Alcal\u00e1 de Guada\u00edra, compagina su carrera como artista con su reci\u00e9n iniciado grado en Enfermer\u00eda. Su banda de m\u00fasica \u2018Auxi\u2019s Free Band\u2019 tuvo que parar su conciertos por la pandemia, pero esperan que \u201cdentro de poquito podamos volver a tocar\u201d.<\/p>\n<p><b>\u00bfTe ve\u00edas con opciones de ganar?<br \/>\n<\/b><span style=\"font-weight: 400;\">Yo me present\u00e9 al programa, pero sin expectativas, para divertirme. Como ya termin\u00e9 segundo de Bachillerato, vi mi momento e hice el casting en verano. La verdad es que no me esperaba llegar tan lejos y mucho menos ser la ganadora.<\/span><\/p>\n<p><b>\u00bfEn qu\u00e9 vas a emplear la beca de formaci\u00f3n de 10.000 euros que has ganado?<br \/>\n<\/b><span style=\"font-weight: 400;\">Todav\u00eda no me he planteado bien qu\u00e9 es lo que quiero hacer. Seguramente, en aprender a manejar la voz o algo relacionado con alg\u00fan instrumento, interpretaci\u00f3n, baile\u2026 Hay un abanico amplio de posibilidades.<\/span><\/p>\n<p><b>El jurado del concurso est\u00e1 compuesto por grandes artistas, \u00bfqu\u00e9 has aprendido de ellos?<br \/>\n<\/b><span style=\"font-weight: 400;\">Ellos siempre han tenido palabras muy positivas hacia m\u00ed, me han hecho sentir muy bien y todas las cr\u00edticas han sido constructivas para mejorar. Adem\u00e1s, impresiona mucho que artistas te digan palabras con admiraci\u00f3n porque al final yo soy una chica que canta en casa.<\/span><\/p>\n<p><b>Cuando ves que un jurado te da una estrella y acciona el pulsador del concurso, \u00bfinfluye en tu actuaci\u00f3n?<br \/>\n<\/b><span style=\"font-weight: 400;\">S\u00ed, influye porque hay veces que tardaban m\u00e1s o que tardaban menos (en pulsar). Cuando me daban\u00a0las estrellas, es verdad que estaba m\u00e1s relajada cantando el resto de la actuaci\u00f3n, pero cuando no, te quedabas con esa inquietud de qu\u00e9 pasar\u00e1. Yo creo que las veces que m\u00e1s he disfrutado es cuando no he prestado atenci\u00f3n a las estrellas.<\/span><\/p>\n<p><b>Has participado en solitario aunque tienes una banda, la \u2018Auxi\u00b4s Free Band\u2019<br \/>\n<\/b><span style=\"font-weight: 400;\">Estuvimos dando conciertos antes de la pandemia, pero despu\u00e9s se acab\u00f3 todo. Adem\u00e1s, con mi estilo de m\u00fasica es muy complicado encontrar bares o teatros que apuesten por el jazz. Por ello, me ha sorprendido bastante haber conseguido el premio en \u2018Tierra de Talento\u2019 por este g\u00e9nero. Esperamos que dentro de poquito podamos volver a tocar.<\/span><\/p>\n<p><b>Hablando de estilos musicales, cantas pop y jaz<\/b><b>z, pero<\/b><b> tu padre es cantaor de flamenco, \u00bfc\u00f3mo se tom\u00f3 ese cambio de registro?<br \/>\n<\/b><span style=\"font-weight: 400;\">En mi casa siempre he escuchado flamenco, aunque nunca me he identificado con ese g\u00e9nero musical, nunca me ha llegado como s\u00ed lo hacen otros estilos. Cantaba flamenco de chica en mi c<\/span><span style=\"font-weight: 400;\">asa, pero\u00a0<\/span><span style=\"font-weight: 400;\">se me daba bastante mal (risas). Empec\u00e9 a cantar pop espa\u00f1ol con \u2018La Oreja de Van Gogh\u2019 y ya despu\u00e9s prob\u00e9 con otros artistas como Adele o Bruno Mars. Mis padres siempre me han apoyado y se llevaron una sorpresa porque \u201cno me ve\u00edan ning\u00fan tipo de talento\u201d.<\/span><\/p>\n<p>Auxi responde a m\u00e1s preguntas en <strong><a href=\"https:\/\/www.youtube.com\/watch?v=qpbIwNx63d4\" target=\"_blank\">este v\u00eddeo<\/a><\/strong>.<\/p>\n<div id=\"attachment_4531\" style=\"width: 510px\" class=\"wp-caption alignleft\"><img loading=\"lazy\" decoding=\"async\" aria-describedby=\"caption-attachment-4531\" class=\"size-full wp-image-4531\" src=\"http:\/\/lacronicadesevilla.es\/wp-content\/uploads\/2021\/03\/reyes-carrasco-tierra-de-talento.jpg\" alt=\"Reyes Carrasco en 'Tierra de Talento'\" width=\"500\" height=\"381\" srcset=\"https:\/\/lacronicadesevilla.es\/wp-content\/uploads\/2021\/03\/reyes-carrasco-tierra-de-talento.jpg 500w, https:\/\/lacronicadesevilla.es\/wp-content\/uploads\/2021\/03\/reyes-carrasco-tierra-de-talento-300x229.jpg 300w, https:\/\/lacronicadesevilla.es\/wp-content\/uploads\/2021\/03\/reyes-carrasco-tierra-de-talento-459x350.jpg 459w, https:\/\/lacronicadesevilla.es\/wp-content\/uploads\/2021\/03\/reyes-carrasco-tierra-de-talento-150x114.jpg 150w\" sizes=\"auto, (max-width: 500px) 100vw, 500px\" \/><p id=\"caption-attachment-4531\" class=\"wp-caption-text\">La palaciega Reyes Carrasco cantando &#8216;Maldigo tus ojos verdes&#8217;<\/p><\/div>\n<p><span style=\"text-decoration: underline;\"><span style=\"color: #333333; text-decoration: underline;\"><b>Reyes Carrasco: \u201cMi madre me ense\u00f1aba las letras de las canciones haciendo gestos\u00a0con las manos<\/b><\/span><\/span><span style=\"color: #333333;\"><b>\u201d<\/b><\/span><\/p>\n<p>Este 2021 ser\u00e1 un a\u00f1o muy especial para Reyes Carrasco. Se convertir\u00e1 en hija predilecta de su pueblo, Los Palacios y Villafranca, y tambi\u00e9n recibir\u00e1 el premio de la Venencia Flamenca.<\/p>\n<p><b>\u00bfPor qu\u00e9 el flamenco?<br \/>\n<\/b><span style=\"font-weight: 400;\">Como mi madre es cantaora, desde chica siempre se ha escuchado flamenco en casa. Mi madre me pon\u00eda a La Paquera de Jerez, a Antonio Mairena\u2026 Es lo que m\u00e1s me ha llamado la atenci\u00f3n y por eso me dedico al flamenco.\u00a0<\/span><\/p>\n<p><b>Llevas cantando desde muy peque\u00f1a en televisi\u00f3n, \u00bfqu\u00e9 recuerdas de tus primeras actuaciones?<br \/>\n<\/b><span style=\"font-weight: 400;\">Cantaba sin saber hablar (risas). Mi madre me dice que me ense\u00f1aba las letras de las canciones haciendo se\u00f1ales con las manos. Imag\u00ednate, siendo una ni\u00f1a de tres a\u00f1os.<\/span><\/p>\n<p><b>\u00bfTe pusiste nerviosa al saber que ibas a cantar delante de Jos\u00e9 Merc\u00e9?<br \/>\n<\/b><span style=\"font-weight: 400;\">La verdad es que no. Nunca me pongo nerviosa porque cuando me subo a un escenario, creo mi burbuja. Me concentro mucho y a disfrutar del momento.<\/span><\/p>\n<p><b>\u00bfPor qu\u00e9 elegiste cantar \u2018Maldigo tus ojos verdes\u2019 en la gran final de \u2018Tierra de Talento\u2019?<br \/>\n<\/b><span style=\"font-weight: 400;\">Estuve pensando muchos temas y decid\u00ed que \u2018Maldigo tus ojos verdes\u2019 pod\u00eda ser una buena opci\u00f3n. Me imagin\u00e9 cant\u00e1ndola y, ya que iba a ser la \u00faltima actuaci\u00f3n, pues que fuera espectacular.<\/span><\/p>\n<p><b>\u00bfCon qu\u00e9 artista del flamenco te gustar\u00eda cantar?<br \/>\n<\/b><span style=\"font-weight: 400;\">Me encantar\u00eda, por ejemplo, con Miguel Poveda, Estrella Morente, Esperanza e Israel Fern\u00e1ndez&#8230; Hay muchos.<\/span><\/p>\n","protected":false},"excerpt":{"rendered":"<p>Paco MART\u00cdN-V\u00c1ZQUEZ Auxi Ponce, de 18 a\u00f1os, y\u00a0Reyes Carrasco, de 14, son las ganadoras de la tercera temporada del\u00a0talent show\u00a0\u2018Tierra de Talento\u2019\u00a0emitido por\u00a0Canal Sur. Puede catalogarse como \u201cla edici\u00f3n de los r\u00e9cords\u201d por el gran nivel de exigencia de sus actuaciones y sus altos \u00edndices de audiencia, m\u00e1ximos hasta la\u2026 <a class=\"continue-reading-link\" href=\"https:\/\/lacronicadesevilla.es\/index.php\/2021\/03\/10\/entrevista-a-auxi-ponce-y-reyes-carrasco-ganadoras-de-la-tercera-edicion-del-programa-tierra-de-talento\/\"><\/a><\/p>\n","protected":false},"author":50,"featured_media":0,"comment_status":"closed","ping_status":"closed","sticky":false,"template":"","format":"standard","meta":{"footnotes":""},"categories":[14],"tags":[767,765,774,329,377,768,766],"class_list":["post-4460","post","type-post","status-publish","format-standard","hentry","category-comunicacion","tag-auxi-ponce","tag-canal-sur","tag-flamenco","tag-jazz","tag-musica","tag-reyes-carrasco","tag-tierra-de-talento"],"_links":{"self":[{"href":"https:\/\/lacronicadesevilla.es\/index.php\/wp-json\/wp\/v2\/posts\/4460","targetHints":{"allow":["GET"]}}],"collection":[{"href":"https:\/\/lacronicadesevilla.es\/index.php\/wp-json\/wp\/v2\/posts"}],"about":[{"href":"https:\/\/lacronicadesevilla.es\/index.php\/wp-json\/wp\/v2\/types\/post"}],"author":[{"embeddable":true,"href":"https:\/\/lacronicadesevilla.es\/index.php\/wp-json\/wp\/v2\/users\/50"}],"replies":[{"embeddable":true,"href":"https:\/\/lacronicadesevilla.es\/index.php\/wp-json\/wp\/v2\/comments?post=4460"}],"version-history":[{"count":25,"href":"https:\/\/lacronicadesevilla.es\/index.php\/wp-json\/wp\/v2\/posts\/4460\/revisions"}],"predecessor-version":[{"id":4569,"href":"https:\/\/lacronicadesevilla.es\/index.php\/wp-json\/wp\/v2\/posts\/4460\/revisions\/4569"}],"wp:attachment":[{"href":"https:\/\/lacronicadesevilla.es\/index.php\/wp-json\/wp\/v2\/media?parent=4460"}],"wp:term":[{"taxonomy":"category","embeddable":true,"href":"https:\/\/lacronicadesevilla.es\/index.php\/wp-json\/wp\/v2\/categories?post=4460"},{"taxonomy":"post_tag","embeddable":true,"href":"https:\/\/lacronicadesevilla.es\/index.php\/wp-json\/wp\/v2\/tags?post=4460"}],"curies":[{"name":"wp","href":"https:\/\/api.w.org\/{rel}","templated":true}]}}